{"id":1241,"date":"2020-11-10T14:11:17","date_gmt":"2020-11-10T13:11:17","guid":{"rendered":"http:\/\/szent-erzsebet.hu\/gimnazium\/?p=1241"},"modified":"2020-11-10T14:12:17","modified_gmt":"2020-11-10T13:12:17","slug":"kiemelkedo-eredmenyek-az-emelt-szintu-erettsegin","status":"publish","type":"post","link":"https:\/\/szent-erzsebet.hu\/gimnazium\/2020\/11\/10\/kiemelkedo-eredmenyek-az-emelt-szintu-erettsegin\/","title":{"rendered":"Kiemelked\u0151 eredm\u00e9nyek az emelt szint\u0171 \u00e9retts\u00e9gin"},"content":{"rendered":"\n<p style=\"text-align:center\"> Az idei \u0151szi emelt szint\u0171 \u00e9retts\u00e9gi vizsg\u00e1ra 32 tanul\u00f3nk jelentkezett, 20 tanul\u00f3nk az \u00edr\u00e1sbeli vizsg\u00e1n,\u00a0 kiemelked\u0151 80% f\u00f6l\u00f6tti eredm\u00e9nyt \u00e9rt el.<\/p>\n\n\n\n<p style=\"text-align:center\"><strong>Angol:\u00a0<\/strong><br>Lieber Csenge<br>Cserni Zs\u00f3fia<br>Ernszt N\u00f3ra<br>Balogh Lili<br>Becse Vanessza<br>Benda Zs\u00f3fia<br>\u00c9l\u0151 Lili<br>L\u00e1ng Bianka<br>Morvai N\u00f3ra<br>Nagy Laura<br>P\u00f3zm\u00e1ny Zs\u00f3fia<br>Schmidt Dorina<br><span style=\"text-decoration: underline;\">Felk\u00e9sz\u00edt\u0151 tan\u00e1r:<\/span> Ambrus Krisztina \u00e9s K\u00e1d\u00e1r Kata tan\u00e1rn\u0151k!<\/p>\n\n\n\n<p style=\"text-align:center\"><strong>N\u00e9met:<\/strong><br>Izs\u00e1ki D\u00f3ra<br>Hampl S\u00e1ra<br>Herr Dorottya<br>K\u00f6k\u00e9ny Melinda<br>P\u00e9k Vikt\u00f3ria<br>Tom\u00e1n Fl\u00f3ra<br><span style=\"text-decoration: underline;\">Felk\u00e9sz\u00edt\u0151\u00a0tan\u00e1r:<\/span> Gyur\u00e1sz Csilla \u00e9s Speiern\u00e9 N\u00e9meth Andrea tan\u00e1rn\u0151k!<\/p>\n\n\n\n<p style=\"text-align:center\"><strong>F\u00f6ldrajz<\/strong>:<br>Matolcsi\u00a0P\u00e9ter<br><span style=\"text-decoration: underline;\">Felk\u00e9sz\u00edt\u0151\u00a0tan\u00e1r:<\/span> Kiss Judit tan\u00e1rn\u0151!<\/p>\n\n\n\n<p style=\"text-align:center\"><strong>Informatika<\/strong>: <br>Orosz Tam\u00e1s<\/p>\n\n\n\n<p style=\"text-align:center\">GRATUL\u00c1LUNK NEKIK \u00c9S A FELK\u00c9SZ\u00cdT\u0150 TAN\u00c1ROKNAK!!\u00a0\u00a0 <\/p>\n","protected":false},"excerpt":{"rendered":"<p>Az idei \u0151szi emelt szint\u0171 \u00e9retts\u00e9gi vizsg\u00e1ra 32 tanul\u00f3nk jelentkezett, 20 tanul\u00f3nk az \u00edr\u00e1sbeli vizsg\u00e1n,\u00a0 kiemelked\u0151 80% f\u00f6l\u00f6tti eredm\u00e9nyt \u00e9rt el. Angol:\u00a0Lieber CsengeCserni Zs\u00f3fiaErnszt N\u00f3raBalogh LiliBecse VanesszaBenda Zs\u00f3fia\u00c9l\u0151 LiliL\u00e1ng BiankaMorvai N\u00f3raNagy LauraP\u00f3zm\u00e1ny Zs\u00f3fiaSchmidt DorinaFelk\u00e9sz\u00edt\u0151&#46;&#46;&#46;<\/p>\n","protected":false},"author":1,"featured_media":1240,"comment_status":"open","ping_status":"open","sticky":false,"template":"","format":"standard","meta":{"footnotes":"","_links_to":"","_links_to_target":""},"categories":[3],"tags":[],"class_list":["post-1241","post","type-post","status-publish","format-standard","has-post-thumbnail","hentry","category-hirek"],"_links":{"self":[{"href":"https:\/\/szent-erzsebet.hu\/gimnazium\/wp-json\/wp\/v2\/posts\/1241","targetHints":{"allow":["GET"]}}],"collection":[{"href":"https:\/\/szent-erzsebet.hu\/gimnazium\/wp-json\/wp\/v2\/posts"}],"about":[{"href":"https:\/\/szent-erzsebet.hu\/gimnazium\/wp-json\/wp\/v2\/types\/post"}],"author":[{"embeddable":true,"href":"https:\/\/szent-erzsebet.hu\/gimnazium\/wp-json\/wp\/v2\/users\/1"}],"replies":[{"embeddable":true,"href":"https:\/\/szent-erzsebet.hu\/gimnazium\/wp-json\/wp\/v2\/comments?post=1241"}],"version-history":[{"count":2,"href":"https:\/\/szent-erzsebet.hu\/gimnazium\/wp-json\/wp\/v2\/posts\/1241\/revisions"}],"predecessor-version":[{"id":1243,"href":"https:\/\/szent-erzsebet.hu\/gimnazium\/wp-json\/wp\/v2\/posts\/1241\/revisions\/1243"}],"wp:featuredmedia":[{"embeddable":true,"href":"https:\/\/szent-erzsebet.hu\/gimnazium\/wp-json\/wp\/v2\/media\/1240"}],"wp:attachment":[{"href":"https:\/\/szent-erzsebet.hu\/gimnazium\/wp-json\/wp\/v2\/media?parent=1241"}],"wp:term":[{"taxonomy":"category","embeddable":true,"href":"https:\/\/szent-erzsebet.hu\/gimnazium\/wp-json\/wp\/v2\/categories?post=1241"},{"taxonomy":"post_tag","embeddable":true,"href":"https:\/\/szent-erzsebet.hu\/gimnazium\/wp-json\/wp\/v2\/tags?post=1241"}],"curies":[{"name":"wp","href":"https:\/\/api.w.org\/{rel}","templated":true}]}}