{"id":1248,"date":"2020-11-17T12:19:24","date_gmt":"2020-11-17T11:19:24","guid":{"rendered":"http:\/\/szent-erzsebet.hu\/gimnazium\/?p=1248"},"modified":"2020-11-17T12:19:26","modified_gmt":"2020-11-17T11:19:26","slug":"szent-erzsebet-elete","status":"publish","type":"post","link":"https:\/\/szent-erzsebet.hu\/gimnazium\/2020\/11\/17\/szent-erzsebet-elete\/","title":{"rendered":"Szent Erzs\u00e9bet \u00e9lete"},"content":{"rendered":"\n<p>Kedves Di\u00e1kok!<\/p>\n\n\n\n<p>Fogadj\u00e1tok sok szeretettel az al\u00e1bbi \u00f6sszefoglal\u00f3t \u00c1rp\u00e1d-h\u00e1zi Szent Erzs\u00e9bet \u00e9let\u00e9r\u0151l:<\/p>\n\n\n\n<p><a rel=\"noreferrer noopener\" href=\"https:\/\/read.bookcreator.com\/upkrneuO4TNhCJYX1IcVjTLssR03\/tHJ1xr6GS9iEAS89YXhzMg?fbclid=IwAR08QOuWkrKNDH1rGd_0WU_SPIbxksIWLXb5tzcZiJP1pN97x-Me-fe1It4\" target=\"_blank\">https:\/\/read.bookcreator.com\/upkrneuO4TNhCJYX1IcVjTLssR03\/tHJ1xr6GS9iEAS89YXhzMg?fbclid=IwAR08QOuWkrKNDH1rGd_0WU_SPIbxksIWLXb5tzcZiJP1pN97x-Me-fe1It4<\/a><\/p>\n\n\n\n<p>Virtu\u00e1lis t\u00far\u00e1ra is van lehet\u0151s\u00e9getek a wartburgi v\u00e1rban. Ha megnyitjuk a bal fels\u0151 sarokban az ikont, akkor s\u00e9t\u00e1lhatunk Erzs\u00e9bet lakr\u00e9sz\u00e9ben, a k\u00e1poln\u00e1ban, az \u00fcnnepi teremben&#8230; <\/p>\n","protected":false},"excerpt":{"rendered":"<p>Kedves Di\u00e1kok! Fogadj\u00e1tok sok szeretettel az al\u00e1bbi \u00f6sszefoglal\u00f3t \u00c1rp\u00e1d-h\u00e1zi Szent Erzs\u00e9bet \u00e9let\u00e9r\u0151l: https:\/\/read.bookcreator.com\/upkrneuO4TNhCJYX1IcVjTLssR03\/tHJ1xr6GS9iEAS89YXhzMg?fbclid=IwAR08QOuWkrKNDH1rGd_0WU_SPIbxksIWLXb5tzcZiJP1pN97x-Me-fe1It4 Virtu\u00e1lis t\u00far\u00e1ra is van lehet\u0151s\u00e9getek a wartburgi v\u00e1rban. Ha megnyitjuk a bal fels\u0151 sarokban az ikont, akkor s\u00e9t\u00e1lhatunk Erzs\u00e9bet lakr\u00e9sz\u00e9ben, a&#46;&#46;&#46;<\/p>\n","protected":false},"author":1,"featured_media":1249,"comment_status":"open","ping_status":"open","sticky":false,"template":"","format":"standard","meta":{"footnotes":"","_links_to":"","_links_to_target":""},"categories":[3],"tags":[],"class_list":["post-1248","post","type-post","status-publish","format-standard","has-post-thumbnail","hentry","category-hirek"],"_links":{"self":[{"href":"https:\/\/szent-erzsebet.hu\/gimnazium\/wp-json\/wp\/v2\/posts\/1248","targetHints":{"allow":["GET"]}}],"collection":[{"href":"https:\/\/szent-erzsebet.hu\/gimnazium\/wp-json\/wp\/v2\/posts"}],"about":[{"href":"https:\/\/szent-erzsebet.hu\/gimnazium\/wp-json\/wp\/v2\/types\/post"}],"author":[{"embeddable":true,"href":"https:\/\/szent-erzsebet.hu\/gimnazium\/wp-json\/wp\/v2\/users\/1"}],"replies":[{"embeddable":true,"href":"https:\/\/szent-erzsebet.hu\/gimnazium\/wp-json\/wp\/v2\/comments?post=1248"}],"version-history":[{"count":1,"href":"https:\/\/szent-erzsebet.hu\/gimnazium\/wp-json\/wp\/v2\/posts\/1248\/revisions"}],"predecessor-version":[{"id":1250,"href":"https:\/\/szent-erzsebet.hu\/gimnazium\/wp-json\/wp\/v2\/posts\/1248\/revisions\/1250"}],"wp:featuredmedia":[{"embeddable":true,"href":"https:\/\/szent-erzsebet.hu\/gimnazium\/wp-json\/wp\/v2\/media\/1249"}],"wp:attachment":[{"href":"https:\/\/szent-erzsebet.hu\/gimnazium\/wp-json\/wp\/v2\/media?parent=1248"}],"wp:term":[{"taxonomy":"category","embeddable":true,"href":"https:\/\/szent-erzsebet.hu\/gimnazium\/wp-json\/wp\/v2\/categories?post=1248"},{"taxonomy":"post_tag","embeddable":true,"href":"https:\/\/szent-erzsebet.hu\/gimnazium\/wp-json\/wp\/v2\/tags?post=1248"}],"curies":[{"name":"wp","href":"https:\/\/api.w.org\/{rel}","templated":true}]}}