{"id":1303,"date":"2020-12-09T10:33:41","date_gmt":"2020-12-09T09:33:41","guid":{"rendered":"http:\/\/szent-erzsebet.hu\/gimnazium\/?p=1303"},"modified":"2020-12-09T10:33:42","modified_gmt":"2020-12-09T09:33:42","slug":"orvosi-szures","status":"publish","type":"post","link":"https:\/\/szent-erzsebet.hu\/gimnazium\/2020\/12\/09\/orvosi-szures\/","title":{"rendered":"Orvosi sz\u0171r\u00e9s"},"content":{"rendered":"\n<p>2020. december 15-\u00e9n (kedden) 9.00 \u00f3r\u00e1t\u00f3l a 6.A oszt\u00e1lyos tanul\u00f3k orvosi sz\u0171r\u00e9se lesz. K\u00e9rj\u00fck, h\u00e1rmas\u00e1val j\u00f6jjenek, olt\u00e1si k\u00f6nyvet hozzanak!<\/p>\n\n\n\n<p>K\u00f6sz\u00f6nettel:<br>Dr. Sinka Zsuzsa\n\n<\/p>\n","protected":false},"excerpt":{"rendered":"<p>2020. december 15-\u00e9n (kedden) 9.00 \u00f3r\u00e1t\u00f3l a 6.A oszt\u00e1lyos tanul\u00f3k orvosi sz\u0171r\u00e9se lesz. K\u00e9rj\u00fck, h\u00e1rmas\u00e1val j\u00f6jjenek, olt\u00e1si k\u00f6nyvet hozzanak! K\u00f6sz\u00f6nettel:Dr. Sinka Zsuzsa<\/p>\n","protected":false},"author":1,"featured_media":1246,"comment_status":"open","ping_status":"open","sticky":false,"template":"","format":"standard","meta":{"footnotes":"","_links_to":"","_links_to_target":""},"categories":[3],"tags":[],"class_list":["post-1303","post","type-post","status-publish","format-standard","has-post-thumbnail","hentry","category-hirek"],"_links":{"self":[{"href":"https:\/\/szent-erzsebet.hu\/gimnazium\/wp-json\/wp\/v2\/posts\/1303","targetHints":{"allow":["GET"]}}],"collection":[{"href":"https:\/\/szent-erzsebet.hu\/gimnazium\/wp-json\/wp\/v2\/posts"}],"about":[{"href":"https:\/\/szent-erzsebet.hu\/gimnazium\/wp-json\/wp\/v2\/types\/post"}],"author":[{"embeddable":true,"href":"https:\/\/szent-erzsebet.hu\/gimnazium\/wp-json\/wp\/v2\/users\/1"}],"replies":[{"embeddable":true,"href":"https:\/\/szent-erzsebet.hu\/gimnazium\/wp-json\/wp\/v2\/comments?post=1303"}],"version-history":[{"count":1,"href":"https:\/\/szent-erzsebet.hu\/gimnazium\/wp-json\/wp\/v2\/posts\/1303\/revisions"}],"predecessor-version":[{"id":1304,"href":"https:\/\/szent-erzsebet.hu\/gimnazium\/wp-json\/wp\/v2\/posts\/1303\/revisions\/1304"}],"wp:featuredmedia":[{"embeddable":true,"href":"https:\/\/szent-erzsebet.hu\/gimnazium\/wp-json\/wp\/v2\/media\/1246"}],"wp:attachment":[{"href":"https:\/\/szent-erzsebet.hu\/gimnazium\/wp-json\/wp\/v2\/media?parent=1303"}],"wp:term":[{"taxonomy":"category","embeddable":true,"href":"https:\/\/szent-erzsebet.hu\/gimnazium\/wp-json\/wp\/v2\/categories?post=1303"},{"taxonomy":"post_tag","embeddable":true,"href":"https:\/\/szent-erzsebet.hu\/gimnazium\/wp-json\/wp\/v2\/tags?post=1303"}],"curies":[{"name":"wp","href":"https:\/\/api.w.org\/{rel}","templated":true}]}}