{"id":1320,"date":"2021-01-14T14:32:57","date_gmt":"2021-01-14T13:32:57","guid":{"rendered":"http:\/\/szent-erzsebet.hu\/gimnazium\/?p=1320"},"modified":"2021-01-25T13:48:16","modified_gmt":"2021-01-25T12:48:16","slug":"gyere-tarsasozni-a-konyvtarba","status":"publish","type":"post","link":"https:\/\/szent-erzsebet.hu\/gimnazium\/2021\/01\/14\/gyere-tarsasozni-a-konyvtarba\/","title":{"rendered":"Gyere t\u00e1rsasozni  a k\u00f6nyvt\u00e1rba!"},"content":{"rendered":"\n<p>Dixit, Carcassonne,\nArany\u00e1s\u00f3k \u2013 Ezek a nevek ismer\u0151sek neked?<\/p>\n\n\n\n<p>Marrakesh, Imagine,\nCs\u00f3t\u00e1nyp\u00f3ker \u2013 \u00c9s ezek?<\/p>\n\n\n\n<p>Ha szeretsz t\u00e1rsasozni,\nvagy most ismerkedn\u00e9l meg a modern t\u00e1rsasj\u00e1t\u00e9kok izgalmas vil\u00e1g\u00e1val, akkor\nszeretettel v\u00e1runk<\/p>\n\n\n\n<p>minden h\u00e9tf\u0151n, \u00e9s kedden 13:00 \u00e9s 15:00 k\u00f6z\u00f6tt a suli k\u00f6nyvt\u00e1r\u00e1ban. <\/p>\n\n\n\n<p>Kezd\u0151 id\u0151pont: 2021. 01.18. (h\u00e9tf\u0151) <\/p>\n\n\n\n<p>\u00a0\u00a0\u00a0\u00a0\u00a0\u00a0\u00a0\u00a0\u00a0\u00a0\u00a0\u00a0\u00a0\u00a0\u00a0\u00a0\u00a0\u00a0\u00a0\u00a0\u00a0\u00a0\u00a0\u00a0\u00a0\u00a0\u00a0\u00a0\u00a0\u00a0\u00a0\u00a0 13:00 \u2013 15:00<\/p>\n\n\n\n<figure class=\"wp-block-image\"><img loading=\"lazy\" decoding=\"async\" width=\"401\" height=\"717\" src=\"https:\/\/szent-erzsebet.hu\/gimnazium\/wp-content\/uploads\/sites\/5\/2021\/01\/4-es-v\u00e9gleges-1.jpg\" alt=\"\" class=\"wp-image-1334\" srcset=\"https:\/\/szent-erzsebet.hu\/gimnazium\/wp-content\/uploads\/sites\/5\/2021\/01\/4-es-v\u00e9gleges-1.jpg 401w, https:\/\/szent-erzsebet.hu\/gimnazium\/wp-content\/uploads\/sites\/5\/2021\/01\/4-es-v\u00e9gleges-1-168x300.jpg 168w\" sizes=\"auto, (max-width: 401px) 100vw, 401px\" \/><\/figure>\n","protected":false},"excerpt":{"rendered":"<p>Dixit, Carcassonne, Arany\u00e1s\u00f3k \u2013 Ezek a nevek ismer\u0151sek neked? Marrakesh, Imagine, Cs\u00f3t\u00e1nyp\u00f3ker \u2013 \u00c9s ezek? Ha szeretsz t\u00e1rsasozni, vagy most ismerkedn\u00e9l meg a modern t\u00e1rsasj\u00e1t\u00e9kok izgalmas vil\u00e1g\u00e1val, akkor szeretettel v\u00e1runk minden h\u00e9tf\u0151n, \u00e9s kedden&#46;&#46;&#46;<\/p>\n","protected":false},"author":2,"featured_media":1323,"comment_status":"open","ping_status":"open","sticky":false,"template":"","format":"standard","meta":{"footnotes":"","_links_to":"","_links_to_target":""},"categories":[3],"tags":[],"class_list":["post-1320","post","type-post","status-publish","format-standard","has-post-thumbnail","hentry","category-hirek"],"_links":{"self":[{"href":"https:\/\/szent-erzsebet.hu\/gimnazium\/wp-json\/wp\/v2\/posts\/1320","targetHints":{"allow":["GET"]}}],"collection":[{"href":"https:\/\/szent-erzsebet.hu\/gimnazium\/wp-json\/wp\/v2\/posts"}],"about":[{"href":"https:\/\/szent-erzsebet.hu\/gimnazium\/wp-json\/wp\/v2\/types\/post"}],"author":[{"embeddable":true,"href":"https:\/\/szent-erzsebet.hu\/gimnazium\/wp-json\/wp\/v2\/users\/2"}],"replies":[{"embeddable":true,"href":"https:\/\/szent-erzsebet.hu\/gimnazium\/wp-json\/wp\/v2\/comments?post=1320"}],"version-history":[{"count":4,"href":"https:\/\/szent-erzsebet.hu\/gimnazium\/wp-json\/wp\/v2\/posts\/1320\/revisions"}],"predecessor-version":[{"id":1335,"href":"https:\/\/szent-erzsebet.hu\/gimnazium\/wp-json\/wp\/v2\/posts\/1320\/revisions\/1335"}],"wp:featuredmedia":[{"embeddable":true,"href":"https:\/\/szent-erzsebet.hu\/gimnazium\/wp-json\/wp\/v2\/media\/1323"}],"wp:attachment":[{"href":"https:\/\/szent-erzsebet.hu\/gimnazium\/wp-json\/wp\/v2\/media?parent=1320"}],"wp:term":[{"taxonomy":"category","embeddable":true,"href":"https:\/\/szent-erzsebet.hu\/gimnazium\/wp-json\/wp\/v2\/categories?post=1320"},{"taxonomy":"post_tag","embeddable":true,"href":"https:\/\/szent-erzsebet.hu\/gimnazium\/wp-json\/wp\/v2\/tags?post=1320"}],"curies":[{"name":"wp","href":"https:\/\/api.w.org\/{rel}","templated":true}]}}