{"id":1596,"date":"2022-01-03T09:54:20","date_gmt":"2022-01-03T08:54:20","guid":{"rendered":"http:\/\/szent-erzsebet.hu\/gimnazium\/?p=1596"},"modified":"2022-01-05T08:12:43","modified_gmt":"2022-01-05T07:12:43","slug":"uszoverseny-beszamolok","status":"publish","type":"post","link":"https:\/\/szent-erzsebet.hu\/gimnazium\/2022\/01\/03\/uszoverseny-beszamolok\/","title":{"rendered":"\u00dasz\u00f3verseny besz\u00e1mol\u00f3k"},"content":{"rendered":"\n<p><strong>Besz\u00e1mol\u00f3 \u00fasz\u00f3 di\u00e1kolimpia ter\u00fcleti fordul\u00f3j\u00e1r\u00f3l<\/strong><\/p>\n\n\n\n<p>A viadal 2021. 11.26. \u2013\u00e1n p\u00e9nteken ker\u00fclt megrendez\u00e9sre. <br>Helysz\u00edne az Esztergomi Szent Istv\u00e1n f\u00fcrd\u0151ben volt.<br>Az egyes kettes korcsoport versenyz\u0151i 9: 00-kor rajtoltak<br>Az \u00c1rp\u00e1d-h\u00e1zi Szent Erzs\u00e9bet iskol\u00e1t n\u00e9v szerint a k\u00f6vetkez\u0151 tanul\u00f3k k\u00e9pviselt\u00e9k: <\/p>\n\n\n\n<p>I. Korcsoport: Nagy\nTam\u00e1s, Jank\u00f3 N\u00f3ra, Varga Petra, Szalkay L\u00e1szl\u00f3, Remetei Zsombor, N\u00e9meth D\u00e1vid,<\/p>\n\n\n\n<p>II. korcsoport : Czibula\nBertalan, Vas Vir\u00e1g, P\u00f6rs\u00f6k Anna, Szalkay Zsuzsanna, Sallai Enik\u0151, Valog Anna, Herr\nG\u00e9da, Per\u00e9dy S\u00e1ra, Moln\u00e1r Gr\u00e9ta S\u00e1ra, Marosi Zal\u00e1n, Kecsk\u00e9s Zolt\u00e1n, Balogh\nAnna, P\u00f6rs\u00f6k Anna<\/p>\n\n\n\n<p>III. korcsoport: Kemenes\nM\u00e1ty\u00e1s \u00c1kos, Czibula M\u00e1ty\u00e1s Imre, P\u00f6rs\u00f6k Mih\u00e1ly, Kov\u00e1cs Noel, Hajd\u00fa Angelika,\nP\u00f6rs\u00f6k Mih\u00e1ly, Per\u00e9dy N\u00f3ra,<\/p>\n\n\n\n<p>IV. korcsoport: Szik\u00e1gyi\nBotond, Koller Szabolcs, Fridman \u00c1kos, Lest\u00e1k Eszter, Nagy Csenge, Balogh\nBorb\u00e1la, Miszlai M\u00edra,<\/p>\n\n\n\n<p>V-VI. korcsoport: Espasa\nRamon Albert, Sim\u00f3 Anna, Vas Krisztina, Putz M\u00e1t\u00e9, Putz Hanna, Kemenes Fanni,\nOcskai Fl\u00f3ra<\/p>\n\n\n\n<p>Nem kellet sokat v\u00e1rnunk\naz els\u0151 \u00e9remre mindj\u00e1rt az els\u0151 sz\u00e1mban 50 m h\u00e1ton Nagy Tam\u00e1s volt eredm\u00e9nyes\n\u00e9s v\u00edvta ki mag\u00e1nak az els\u0151 helyez\u00e9st. \u0150 m\u00e9g mell \u00e9s gyors \u00fasz\u00e1sban is\nfel\u00e1llhatott a dobog\u00f3 m\u00e1sodik fok\u00e1ra&nbsp;\nEzut\u00e1n megkezd\u0151d\u00f6tt az \u00e9remes\u0151. A sort Jank\u00f3 N\u00f3ra folytatta h\u00e1t\u00fasz\u00e1s 2.\nhelyez\u00e9s\u00e9vel. A fi\u00fakn\u00e1l Szalkay L\u00e1szl\u00f3 \u00c1llhatott m\u00e9g fel a dobog\u00f3 harmadik\nfok\u00e1ra a mell \u00e9s a gyors\u00fasz\u00e1s ut\u00e1n. Az els\u0151 korcsoportban m\u00e9g Varga Petra\nszerzett mell\u00fasz\u00e1s\u00e1val harmadik helyez\u00e9st \u00e9s ezzel kiv\u00edvta a megyeire val\u00f3\ntov\u00e1bbjut\u00e1st.<\/p>\n\n\n\n<p>A m\u00e1sodik korcsoport\nhelyezettjei a k\u00f6vetkez\u0151k voltak: Czibula Bertalan h\u00e1t mell gyors 2.,3.,3.\nhelyez\u00e9s, Vas Vir\u00e1g h\u00e1t els\u0151 helyez\u00e9s, Per\u00e9di S\u00e1ra, Szalkay Zsuzsanna, Sallai\nEnik\u0151 1.,2.,3. helyez\u00e9s mell\u00fasz\u00e1s, Szalkai Zsuzsanna, P\u00f6rs\u00f6k Anna 1.,2.\nhelyez\u00e9s gyors \u00fasz\u00e1s valamint a 4x 50-es v\u00e1lt\u00f3 P\u00f6rs\u00f6k Anna, Szalka\u00ed Zsuzsanna,\nPer\u00e9di S\u00e1ra, Sallai Enik\u0151 szerepl\u00e9s\u00e9vel lett els\u0151 \u00e9s jutott tov\u00e1bb a megyei\nd\u00f6nt\u0151re.<\/p>\n\n\n\n<p>A harmadik korcsoportban\na k\u00f6vetkez\u0151k voltak eredm\u00e9nyesek: 100 m h\u00e1t Kemenes M\u00e1ty\u00e1s, Czibula M\u00e1ty\u00e1s szerzett\n2.,3. helyez\u00e9st.&nbsp; <\/p>\n\n\n\n<p>100m mellen Kov\u00e1cs Noel,\nKemenes M\u00e1ty\u00e1s lett 1.\u00e9s 3. m\u00edg a l\u00e1nyokn\u00e1l Per\u00e9di N\u00f3ra \u00e9s Hajd\u00fa Angelika\nszerzett ugyancsak 1. \u00e9s 3 helyet. <\/p>\n\n\n\n<p>100m gyors\u00fasz\u00e1sban\nCzibula M\u00e1ty\u00e1s \u00e9s Kov\u00e1cs Noel \u00e1llhatott fel a dobog\u00f3 2. \u00e9s 3. fok\u00e1ra.<\/p>\n\n\n\n<p>A negyedik korcsoportban\nSzi\u00e1gyi Botond volt a leg eredm\u00e9nyesebb \u0151 mindh\u00e1rom sz\u00e1mban fel\u00e1lhatott a\ndobog\u00f3ra h\u00e1ton els\u0151 m\u00edg mellen gyorson m\u00e1sodik lett. A l\u00e1nyokn\u00e1l Lest\u00e1k Eszter\n\u00e9rt el mellen 3. helyet \u00e9s Miszlai M\u00edra gyorson lett m\u00e1sodik. A l\u00e1ny v\u00e1lt\u00f3\nm\u00e1sodik helyez\u00e9st \u00e9rt el Miszlai M\u00edra , Lest\u00e1k Eszter, Balogh Borb\u00e1la \u00e9sNagy\nCsenge h\u0151sies versenyz\u00e9s\u00e9vel.<\/p>\n\n\n\n<p>Az V- VI korcsoportban a\nfi\u00fakn\u00e1l Espasa Ramon Albert szerzett \u00e9rmet mindh\u00e1rom sz\u00e1mban h\u00e1ton m\u00e1sodik\nmellen harmadik gyorsban m\u00e1sodik helyezett lett. A fi\u00fakn\u00e1l Putz M\u00e1t\u00e9 lett a\ngy\u0151ztes mellen A l\u00e1nyokn\u00e1l pedig Sim\u00f3 Anna , Vas Krisztina lett h\u00e1ton 1.,3.\nmellen Putz Hanna, Kemenes Fanni 1.,2. gyorsban pedig Putz Hanna, Sim\u00f3 Anna\n1.,2. . A fin\u00e1l\u00e9ban a Sim\u00f3 Anna, Putz Hanna, Vas Krisztina, Ocskai Fl\u00f3ra v\u00e1lt\u00f3\nszerezte meg a tov\u00e1bb jut\u00e1st jelent\u0151 els\u0151 helyez\u00e9st.<\/p>\n\n\n\n<p>Gratul\u00e1lunk\nversenyz\u0151inknek \u00e9s j\u00f3 felk\u00e9sz\u00fcl\u00e9st a tov\u00e1bbjut\u00f3knak!<\/p>\n\n\n\n<p><strong>\u00dasz\u00e1s di\u00e1kolimpia megyei fordul\u00f3<\/strong><\/p>\n\n\n\n<p>A megm\u00e9rettet\u00e9sre 2021.\n12. 08.-\u00e1n szerd\u00e1n ker\u00fclt sor a tatab\u00e1nyai Gy\u00e9m\u00e1nt F\u00fcrd\u0151ben. A v\u00edz h\u0151foka kicsit\nmelegebb volt a megszokottn\u00e1l, de j\u00f3 hangulatban v\u00e1gtunk neki a versenynek.<\/p>\n\n\n\n<p>A verseny r\u00e9sztvev\u0151i:<\/p>\n\n\n\n<p>&nbsp;I korcsoport: Nagy Tam\u00e1s, Jank\u00f3 N\u00f3ra, Varga\nPetra, Szalkai L\u00e1szl\u00f3, <\/p>\n\n\n\n<p>II korcsoport: Czibula\nBertalan, Vas Vir\u00e1g, P\u00f6rs\u00f6k Anna, Szalkay Zsuzsanna, Sallai Enik\u0151, Per\u00e9dy S\u00e1ra,\nBalogh Anna, <\/p>\n\n\n\n<p>III. korcsoport: Kemenes\nM\u00e1ty\u00e1s \u00c1kos, Czibula M\u00e1ty\u00e1s Imre, Kov\u00e1cs Noel, Hajd\u00fa Angelika, Per\u00e9dy N\u00f3ra,<\/p>\n\n\n\n<p>IV. korcsoport: Szik\u00e1gyi\nBotond, Lest\u00e1k Eszter, Miszlai M\u00edra,<\/p>\n\n\n\n<p>V-VI korcsoport:&nbsp; Espasa Ramon Albert, Sim\u00f3 Anna, Putz M\u00e1t\u00e9,\nPutz Hanna, Kemenes Fanni, Ocskai Fl\u00f3ra<\/p>\n\n\n\n<p>A verseny ism\u00e9t az I-II\nkorcsoport verseny\u00e9vel kezd\u0151d\u00f6tt 9:00-kor<\/p>\n\n\n\n<p>Az els\u0151 korcsoportban\nNagy Tam\u00e1s \u00e1llt rajthoz h\u00e1t \u00e9s gyors sz\u00e1mban \u00c9s h\u00e1t\u00fasz\u00e1sban meg is szerezte\nk\u00fcld\u00f6tts\u00e9g\u00fcnk els\u0151 \u00e9rm\u00e9t amit a dobog\u00f3 m\u00e1sodik fok\u00e1n vehetett \u00e1t. Ebben a\nkorcsoportban m\u00e9g Varga Petra volt eredm\u00e9nyes \u0151 mellen&nbsp; v\u00edvta ki meg\u00e1nak a m\u00e1sodik helyez\u00e9st.<\/p>\n\n\n\n<p>A m\u00e1sodik korcsoport\nhelyez\u00e9sei a k\u00f6vetkez\u0151 k\u00e9ppen alakultak: Czibula Bertalan m\u00e1sodik helyez\u00e9s&nbsp; mell \u00fasz\u00e1sban \u00e9s a l\u00e1ny v\u00e1lt\u00f3 P\u00f6rs\u00f6k Anna,\nSzalkay Zsuzsanna, Sallai Enik\u0151, Per\u00e9dy S\u00e1ra \u00e1llhatott a dobog\u00f3 m\u00e1sodik fok\u00e1ra.<\/p>\n\n\n\n<p>A harmadik korcsoport\nhelyezettei a k\u00f6vetkez\u0151 voltak: Kemenes M\u00e1ty\u00e1s mell 3. h\u00e1t 2. hely, Czibula\nM\u00e1ty\u00e1s h\u00e1t 3. hely, Kov\u00e1cs Noel mell 2. hely, \u00c9s Per\u00e9di N\u00f3ra aki mell\u00fasz\u00e1sban a\ndobog\u00f3 legfels\u0151 fok\u00e1ra l\u00e9phetet \u00e9s ezzel tov\u00e1bbjutott az orsz\u00e1gos d\u00f6nt\u0151be.<\/p>\n\n\n\n<p>A negyedik korcsoportban\nSzil\u00e1gyi Botond v\u00edvta ki mag\u00e1nak az els\u0151 helyet a h\u00e1t\u00fasz\u00f3k verseny\u00e9n \u00e9s ezzel \u0151\nis tov\u00e1bbjut\u00f3. <\/p>\n\n\n\n<p>Az \u00f6t\u00f6s hatos\nkorcsoportban a Kemenes Fanni ,Putz Hanna Ocskai Fl\u00f3ra, Sim\u00f3 Anna v\u00e1lt\u00f3 lett\nez\u00fcst\u00e9rmes \u00e9s Sim\u00f3 Anna h\u00e1ton, Putz Hanna, Putz M\u00e1t\u00e9 pedig mellen vivta ki\nmag\u00e1nak a tov\u00e1bbjut\u00e1st \u00e9s zsebelte be a versenysz\u00e1m arany \u00e9rm\u00e9t. Anna gyorson\nis eredm\u00e9nyes volt itt 3. helyet szerzett.<\/p>\n\n\n\n<p>Gratul\u00e1lunk versenyz\u0151inknek a ragyog\u00f3 szerepl\u00e9s\u00e9rt \u00e9s j\u00f3 felk\u00e9sz\u00fcl\u00e9st a tov\u00e1bb jut\u00f3knak!<\/p>\n\n\n\n<figure class=\"wp-block-image\"><img loading=\"lazy\" decoding=\"async\" width=\"768\" height=\"1024\" src=\"https:\/\/szent-erzsebet.hu\/gimnazium\/wp-content\/uploads\/sites\/5\/2022\/01\/IMG_20211208_095415-768x1024.jpg\" alt=\"\" class=\"wp-image-1599\" srcset=\"https:\/\/szent-erzsebet.hu\/gimnazium\/wp-content\/uploads\/sites\/5\/2022\/01\/IMG_20211208_095415-768x1024.jpg 768w, https:\/\/szent-erzsebet.hu\/gimnazium\/wp-content\/uploads\/sites\/5\/2022\/01\/IMG_20211208_095415-225x300.jpg 225w\" sizes=\"auto, (max-width: 768px) 100vw, 768px\" \/><\/figure>\n\n\n\n<figure class=\"wp-block-image\"><img loading=\"lazy\" decoding=\"async\" width=\"768\" height=\"1024\" src=\"https:\/\/szent-erzsebet.hu\/gimnazium\/wp-content\/uploads\/sites\/5\/2022\/01\/IMG_20211208_095532-768x1024.jpg\" alt=\"\" class=\"wp-image-1600\" srcset=\"https:\/\/szent-erzsebet.hu\/gimnazium\/wp-content\/uploads\/sites\/5\/2022\/01\/IMG_20211208_095532-768x1024.jpg 768w, https:\/\/szent-erzsebet.hu\/gimnazium\/wp-content\/uploads\/sites\/5\/2022\/01\/IMG_20211208_095532-225x300.jpg 225w\" sizes=\"auto, (max-width: 768px) 100vw, 768px\" \/><\/figure>\n\n\n\n<figure class=\"wp-block-image\"><img loading=\"lazy\" decoding=\"async\" width=\"768\" height=\"1024\" src=\"https:\/\/szent-erzsebet.hu\/gimnazium\/wp-content\/uploads\/sites\/5\/2022\/01\/IMG_20211208_101800-768x1024.jpg\" alt=\"\" class=\"wp-image-1601\" srcset=\"https:\/\/szent-erzsebet.hu\/gimnazium\/wp-content\/uploads\/sites\/5\/2022\/01\/IMG_20211208_101800-768x1024.jpg 768w, https:\/\/szent-erzsebet.hu\/gimnazium\/wp-content\/uploads\/sites\/5\/2022\/01\/IMG_20211208_101800-225x300.jpg 225w\" sizes=\"auto, (max-width: 768px) 100vw, 768px\" \/><\/figure>\n\n\n\n<figure class=\"wp-block-image\"><img loading=\"lazy\" decoding=\"async\" width=\"1024\" height=\"768\" src=\"https:\/\/szent-erzsebet.hu\/gimnazium\/wp-content\/uploads\/sites\/5\/2022\/01\/IMG_20211208_101951-1024x768.jpg\" alt=\"\" class=\"wp-image-1602\" srcset=\"https:\/\/szent-erzsebet.hu\/gimnazium\/wp-content\/uploads\/sites\/5\/2022\/01\/IMG_20211208_101951-1024x768.jpg 1024w, https:\/\/szent-erzsebet.hu\/gimnazium\/wp-content\/uploads\/sites\/5\/2022\/01\/IMG_20211208_101951-300x225.jpg 300w, https:\/\/szent-erzsebet.hu\/gimnazium\/wp-content\/uploads\/sites\/5\/2022\/01\/IMG_20211208_101951-768x576.jpg 768w\" sizes=\"auto, (max-width: 1024px) 100vw, 1024px\" \/><\/figure>\n\n\n\n<figure class=\"wp-block-image\"><img loading=\"lazy\" decoding=\"async\" width=\"1024\" height=\"768\" src=\"https:\/\/szent-erzsebet.hu\/gimnazium\/wp-content\/uploads\/sites\/5\/2022\/01\/IMG_20211208_103251-1024x768.jpg\" alt=\"\" class=\"wp-image-1603\" srcset=\"https:\/\/szent-erzsebet.hu\/gimnazium\/wp-content\/uploads\/sites\/5\/2022\/01\/IMG_20211208_103251-1024x768.jpg 1024w, https:\/\/szent-erzsebet.hu\/gimnazium\/wp-content\/uploads\/sites\/5\/2022\/01\/IMG_20211208_103251-300x225.jpg 300w, https:\/\/szent-erzsebet.hu\/gimnazium\/wp-content\/uploads\/sites\/5\/2022\/01\/IMG_20211208_103251-768x576.jpg 768w\" sizes=\"auto, (max-width: 1024px) 100vw, 1024px\" \/><\/figure>\n\n\n\n<figure class=\"wp-block-image\"><img loading=\"lazy\" decoding=\"async\" width=\"1024\" height=\"768\" src=\"https:\/\/szent-erzsebet.hu\/gimnazium\/wp-content\/uploads\/sites\/5\/2022\/01\/IMG_20211208_103342-1024x768.jpg\" alt=\"\" class=\"wp-image-1604\" srcset=\"https:\/\/szent-erzsebet.hu\/gimnazium\/wp-content\/uploads\/sites\/5\/2022\/01\/IMG_20211208_103342-1024x768.jpg 1024w, https:\/\/szent-erzsebet.hu\/gimnazium\/wp-content\/uploads\/sites\/5\/2022\/01\/IMG_20211208_103342-300x225.jpg 300w, https:\/\/szent-erzsebet.hu\/gimnazium\/wp-content\/uploads\/sites\/5\/2022\/01\/IMG_20211208_103342-768x576.jpg 768w\" sizes=\"auto, (max-width: 1024px) 100vw, 1024px\" \/><\/figure>\n\n\n\n<figure class=\"wp-block-image\"><img loading=\"lazy\" decoding=\"async\" width=\"1024\" height=\"766\" src=\"https:\/\/szent-erzsebet.hu\/gimnazium\/wp-content\/uploads\/sites\/5\/2022\/01\/IMG_20211208_131354-1024x766.jpg\" alt=\"\" class=\"wp-image-1605\" srcset=\"https:\/\/szent-erzsebet.hu\/gimnazium\/wp-content\/uploads\/sites\/5\/2022\/01\/IMG_20211208_131354-1024x766.jpg 1024w, https:\/\/szent-erzsebet.hu\/gimnazium\/wp-content\/uploads\/sites\/5\/2022\/01\/IMG_20211208_131354-300x224.jpg 300w, https:\/\/szent-erzsebet.hu\/gimnazium\/wp-content\/uploads\/sites\/5\/2022\/01\/IMG_20211208_131354-768x574.jpg 768w\" sizes=\"auto, (max-width: 1024px) 100vw, 1024px\" \/><\/figure>\n","protected":false},"excerpt":{"rendered":"<p>Besz\u00e1mol\u00f3 \u00fasz\u00f3 di\u00e1kolimpia ter\u00fcleti fordul\u00f3j\u00e1r\u00f3l A viadal 2021. 11.26. \u2013\u00e1n p\u00e9nteken ker\u00fclt megrendez\u00e9sre. Helysz\u00edne az Esztergomi Szent Istv\u00e1n f\u00fcrd\u0151ben volt.Az egyes kettes korcsoport versenyz\u0151i 9: 00-kor rajtoltakAz \u00c1rp\u00e1d-h\u00e1zi Szent Erzs\u00e9bet iskol\u00e1t n\u00e9v szerint a&#46;&#46;&#46;<\/p>\n","protected":false},"author":1,"featured_media":1597,"comment_status":"open","ping_status":"open","sticky":false,"template":"","format":"standard","meta":{"footnotes":"","_links_to":"","_links_to_target":""},"categories":[3],"tags":[],"class_list":["post-1596","post","type-post","status-publish","format-standard","has-post-thumbnail","hentry","category-hirek"],"_links":{"self":[{"href":"https:\/\/szent-erzsebet.hu\/gimnazium\/wp-json\/wp\/v2\/posts\/1596","targetHints":{"allow":["GET"]}}],"collection":[{"href":"https:\/\/szent-erzsebet.hu\/gimnazium\/wp-json\/wp\/v2\/posts"}],"about":[{"href":"https:\/\/szent-erzsebet.hu\/gimnazium\/wp-json\/wp\/v2\/types\/post"}],"author":[{"embeddable":true,"href":"https:\/\/szent-erzsebet.hu\/gimnazium\/wp-json\/wp\/v2\/users\/1"}],"replies":[{"embeddable":true,"href":"https:\/\/szent-erzsebet.hu\/gimnazium\/wp-json\/wp\/v2\/comments?post=1596"}],"version-history":[{"count":2,"href":"https:\/\/szent-erzsebet.hu\/gimnazium\/wp-json\/wp\/v2\/posts\/1596\/revisions"}],"predecessor-version":[{"id":1606,"href":"https:\/\/szent-erzsebet.hu\/gimnazium\/wp-json\/wp\/v2\/posts\/1596\/revisions\/1606"}],"wp:featuredmedia":[{"embeddable":true,"href":"https:\/\/szent-erzsebet.hu\/gimnazium\/wp-json\/wp\/v2\/media\/1597"}],"wp:attachment":[{"href":"https:\/\/szent-erzsebet.hu\/gimnazium\/wp-json\/wp\/v2\/media?parent=1596"}],"wp:term":[{"taxonomy":"category","embeddable":true,"href":"https:\/\/szent-erzsebet.hu\/gimnazium\/wp-json\/wp\/v2\/categories?post=1596"},{"taxonomy":"post_tag","embeddable":true,"href":"https:\/\/szent-erzsebet.hu\/gimnazium\/wp-json\/wp\/v2\/tags?post=1596"}],"curies":[{"name":"wp","href":"https:\/\/api.w.org\/{rel}","templated":true}]}}