{"id":1618,"date":"2022-02-08T10:42:33","date_gmt":"2022-02-08T09:42:33","guid":{"rendered":"http:\/\/szent-erzsebet.hu\/gimnazium\/?p=1618"},"modified":"2022-02-08T10:42:34","modified_gmt":"2022-02-08T09:42:34","slug":"jo-tanulo-jo-sportolo-palyazat-eredmenyei","status":"publish","type":"post","link":"https:\/\/szent-erzsebet.hu\/gimnazium\/2022\/02\/08\/jo-tanulo-jo-sportolo-palyazat-eredmenyei\/","title":{"rendered":"J\u00f3 tanul\u00f3 &#8211; J\u00f3 sportol\u00f3 p\u00e1ly\u00e1zat eredm\u00e9nyei"},"content":{"rendered":"\n<p>Esztergom V\u00e1ros J\u00f3 tanul\u00f3ja &#8211; J\u00f3 sportol\u00f3ja p\u00e1ly\u00e1zaton az al\u00e1bbi eredm\u00e9nyeket \u00e9rtek el iskol\u00e1nk di\u00e1kjai. Az el\u00e9rt eredm\u00e9nyekhez gratul\u00e1lok \u00e9s tov\u00e1bbi tanulm\u00e1nyi \u00e9s sport sikereket k\u00edv\u00e1nok! Egyben megk\u00f6sz\u00f6n\u00f6m az egyes\u00fcletek edz\u0151inek kiemelked\u0151 munk\u00e1j\u00e1t!<\/p>\n\n\n\n<p>Pusztai Bal\u00e1zs 3.C<br>Esztergom J\u00f3 tanul\u00f3 \u2013 J\u00f3 sportol\u00f3ja c\u00edm Bronz fokozat<\/p>\n\n\n\n<p>Besey Bence 3.C<br>Esztergom J\u00f3 tanul\u00f3 \u2013 J\u00f3 sportol\u00f3ja c\u00edm Bronz fokozat<\/p>\n\n\n\n<p>Varga Petra 2.B<br>Esztergom J\u00f3 tanul\u00f3 \u2013 J\u00f3 sportol\u00f3ja c\u00edm Ez\u00fcst fokozat<\/p>\n\n\n\n<p>Nagy Tam\u00e1s 2.B<br>Esztergom J\u00f3 tanul\u00f3 \u2013 J\u00f3 sportol\u00f3ja c\u00edm Ez\u00fcst fokozat<\/p>\n\n\n\n<p>G\u00f3dor Gerg\u0151 Andr\u00e1s 4.B<br>Esztergom J\u00f3 tanul\u00f3 \u2013 J\u00f3 sportol\u00f3ja c\u00edm Ez\u00fcst fokozat<\/p>\n\n\n\n<p>Sallai Enik\u0151 3.A<br>Esztergom J\u00f3 tanul\u00f3 \u2013 J\u00f3 sportol\u00f3ja c\u00edm Arany fokozat<\/p>\n\n\n\n<p>&#8212;&#8212;&#8212;&#8212;&#8212;&#8212;&#8212;&#8212;&#8212;&#8212;&#8212;&#8212;&#8212;&#8212;&#8212;&#8212;&#8212;&#8212;&#8212;&#8212;&#8212;&#8212;&#8212;&#8212;&#8212;&#8212;&#8212;&#8212;&#8212;&#8212;&#8212;&#8212;&#8212;&#8212;&#8212;&#8212;&#8212;<\/p>\n\n\n\n<p>Nagy Csenge 7.B<br>Esztergom J\u00f3 tanul\u00f3 \u2013 J\u00f3 sportol\u00f3ja c\u00edm <\/p>\n\n\n\n<p>Vill\u00e1nyi Eszter 5.A<br>Esztergom J\u00f3 tanul\u00f3 \u2013 J\u00f3 sportol\u00f3ja c\u00edm Bronz fokozat<\/p>\n\n\n\n<p>Varga R\u00e9ka 6.B<br>Esztergom J\u00f3 tanul\u00f3 \u2013 J\u00f3 sportol\u00f3ja c\u00edm Bronz fokozat<\/p>\n\n\n\n<p>Bord\u00e1cs Bodza 7.B<br>Esztergom J\u00f3 tanul\u00f3 \u2013 J\u00f3 sportol\u00f3ja c\u00edm Bronz fokozat<\/p>\n\n\n\n<p>Vas Andr\u00e1s 7.B<br>Esztergom J\u00f3 tanul\u00f3 \u2013 J\u00f3 sportol\u00f3ja c\u00edm Bronz fokozat<\/p>\n\n\n\n<p>Ivancsics Kinga 7.B<br>Esztergom J\u00f3 tanul\u00f3 \u2013 J\u00f3 sportol\u00f3ja c\u00edm Ez\u00fcst fokozat<\/p>\n\n\n\n<p>Moln\u00e1r Csenge 8.C<br>Esztergom J\u00f3 tanul\u00f3 \u2013 J\u00f3 sportol\u00f3ja c\u00edm Ez\u00fcst fokozat<\/p>\n\n\n\n<p>K\u00e1li Lujza 7.C<br>Esztergom J\u00f3 tanul\u00f3 \u2013 J\u00f3 sportol\u00f3ja c\u00edm Arany fokozat<\/p>\n\n\n\n<p>Vill\u00e1nyi Csongor 8.A<br>Esztergom J\u00f3 tanul\u00f3 \u2013 J\u00f3 sportol\u00f3ja c\u00edm Arany fokozat<\/p>\n\n\n\n<p>Szil\u00e1gyi Botond 8.C<br>Esztergom J\u00f3 tanul\u00f3 \u2013 J\u00f3 sportol\u00f3ja c\u00edm Arany fokozat<\/p>\n\n\n\n<p>Miszlai M\u00edra 8.B<br>Esztergom J\u00f3 tanul\u00f3 \u2013 J\u00f3 sportol\u00f3ja c\u00edm Ez\u00fcst fokozat<\/p>\n\n\n\n<p>Hencz \u00c1ron 8.B<br>Esztergom J\u00f3 tanul\u00f3 \u2013 J\u00f3 sportol\u00f3ja c\u00edm Arany fokozat<\/p>\n\n\n\n<p>Sim\u00f3 Anna 11.A<br>Esztergom J\u00f3 tanul\u00f3 \u2013 J\u00f3 sportol\u00f3ja c\u00edm Ez\u00fcst fokozat<\/p>\n\n\n\n<p>B\u00dcSZK\u00c9K VAGYUNK R\u00c1JUK!<\/p>\n\n\n\n<p>Taicht Istv\u00e1n mk.v<\/p>\n","protected":false},"excerpt":{"rendered":"<p>Esztergom V\u00e1ros J\u00f3 tanul\u00f3ja &#8211; J\u00f3 sportol\u00f3ja p\u00e1ly\u00e1zaton az al\u00e1bbi eredm\u00e9nyeket \u00e9rtek el iskol\u00e1nk di\u00e1kjai. Az el\u00e9rt eredm\u00e9nyekhez gratul\u00e1lok \u00e9s tov\u00e1bbi tanulm\u00e1nyi \u00e9s sport sikereket k\u00edv\u00e1nok! Egyben megk\u00f6sz\u00f6n\u00f6m az egyes\u00fcletek edz\u0151inek kiemelked\u0151 munk\u00e1j\u00e1t! Pusztai&#46;&#46;&#46;<\/p>\n","protected":false},"author":1,"featured_media":1619,"comment_status":"open","ping_status":"open","sticky":false,"template":"","format":"standard","meta":{"footnotes":"","_links_to":"","_links_to_target":""},"categories":[3],"tags":[],"class_list":["post-1618","post","type-post","status-publish","format-standard","has-post-thumbnail","hentry","category-hirek"],"_links":{"self":[{"href":"https:\/\/szent-erzsebet.hu\/gimnazium\/wp-json\/wp\/v2\/posts\/1618","targetHints":{"allow":["GET"]}}],"collection":[{"href":"https:\/\/szent-erzsebet.hu\/gimnazium\/wp-json\/wp\/v2\/posts"}],"about":[{"href":"https:\/\/szent-erzsebet.hu\/gimnazium\/wp-json\/wp\/v2\/types\/post"}],"author":[{"embeddable":true,"href":"https:\/\/szent-erzsebet.hu\/gimnazium\/wp-json\/wp\/v2\/users\/1"}],"replies":[{"embeddable":true,"href":"https:\/\/szent-erzsebet.hu\/gimnazium\/wp-json\/wp\/v2\/comments?post=1618"}],"version-history":[{"count":1,"href":"https:\/\/szent-erzsebet.hu\/gimnazium\/wp-json\/wp\/v2\/posts\/1618\/revisions"}],"predecessor-version":[{"id":1620,"href":"https:\/\/szent-erzsebet.hu\/gimnazium\/wp-json\/wp\/v2\/posts\/1618\/revisions\/1620"}],"wp:featuredmedia":[{"embeddable":true,"href":"https:\/\/szent-erzsebet.hu\/gimnazium\/wp-json\/wp\/v2\/media\/1619"}],"wp:attachment":[{"href":"https:\/\/szent-erzsebet.hu\/gimnazium\/wp-json\/wp\/v2\/media?parent=1618"}],"wp:term":[{"taxonomy":"category","embeddable":true,"href":"https:\/\/szent-erzsebet.hu\/gimnazium\/wp-json\/wp\/v2\/categories?post=1618"},{"taxonomy":"post_tag","embeddable":true,"href":"https:\/\/szent-erzsebet.hu\/gimnazium\/wp-json\/wp\/v2\/tags?post=1618"}],"curies":[{"name":"wp","href":"https:\/\/api.w.org\/{rel}","templated":true}]}}