{"id":1631,"date":"2022-02-19T20:10:25","date_gmt":"2022-02-19T19:10:25","guid":{"rendered":"http:\/\/szent-erzsebet.hu\/gimnazium\/?p=1631"},"modified":"2022-02-19T20:10:26","modified_gmt":"2022-02-19T19:10:26","slug":"siker-a-varosi-roplabda-diakolimpian","status":"publish","type":"post","link":"https:\/\/szent-erzsebet.hu\/gimnazium\/2022\/02\/19\/siker-a-varosi-roplabda-diakolimpian\/","title":{"rendered":"Siker a V\u00e1rosi R\u00f6plabda Di\u00e1kolimpi\u00e1n!"},"content":{"rendered":"\n<p>2022. Febru\u00e1r 17-\u00e9n, cs\u00fct\u00f6rt\u00f6k\u00f6n iskol\u00e1nk, az \u00c1rp\u00e1d-h\u00e1zi Szent Erzs\u00e9bet Gimn\u00e1zium adhatott otthont az Esztergom V\u00e1rosi R\u00f6plabda Di\u00e1kolimpi\u00e1nak, melyen a v\u00e1ros fi\u00fa csapatai m\u00e9rhett\u00e9k \u00f6ssze tud\u00e1sukat.<\/p>\n\n\n\n<p>Nagyszer\u0171 j\u00e1t\u00e9kkal \u00e9s nagy odaad\u00e1ssal iskol\u00e1nk csapata az <strong>els\u0151 helyet<\/strong> \u00e9rte el, a m\u00e1sodik a Ferences Gimn\u00e1zium, majd a Botty\u00e1n J\u00e1nos Szakiskola, a dorogi Zsigmondy Vilmos Gimn\u00e1zium, v\u00e9g\u00fcl pedig a Balassa B\u00e1lint Szakiskola, \u00edgy <strong>csapatunk tov\u00e1bbjutott a megyei fordul\u00f3ba.<\/strong><\/p>\n\n\n\n<p>K\u00fcl\u00f6n <strong>k\u00f6sz\u00f6netet \u00e9rdemel iskol\u00e1nk szurkol\u00f3t\u00e1bora<\/strong>, akik v\u00e9gig drukkolt\u00e1k az eg\u00e9sz versenyt, nagy lend\u00fcletet adva ezzel f\u00e1rad\u00f3 j\u00e1t\u00e9kosainknak!<\/p>\n\n\n\n<p><strong><span style=\"text-decoration: underline;\">Csapatunk n\u00e9vsora:<\/span><\/strong><br>Buna M\u00e1t\u00e9 (csk)<br>N\u00e9meth Andor<br>Iacobut \u00c1d\u00e1m<br>G\u00e1bri \u00c1d\u00e1m<br>Beluzs\u00e1r P\u00e9ter<br>Nagy Rich\u00e1rd<br>Pratner \u00c1kos<br>S\u00e1gi R\u00f3bert<br>Sz\u00e9kely Samu<br>L\u00e1szl\u00f3 M\u00e1rk<\/p>\n\n\n\n<p>Edz\u0151: B\u00e9lai \u00c1gnes<\/p>\n\n\n\n<div class=\"wp-block-image\"><figure class=\"aligncenter\"><img loading=\"lazy\" decoding=\"async\" width=\"1024\" height=\"766\" src=\"https:\/\/szent-erzsebet.hu\/gimnazium\/wp-content\/uploads\/sites\/5\/2022\/02\/suli_ropi_20220217-1024x766.jpg\" alt=\"\" class=\"wp-image-1632\" srcset=\"https:\/\/szent-erzsebet.hu\/gimnazium\/wp-content\/uploads\/sites\/5\/2022\/02\/suli_ropi_20220217-1024x766.jpg 1024w, https:\/\/szent-erzsebet.hu\/gimnazium\/wp-content\/uploads\/sites\/5\/2022\/02\/suli_ropi_20220217-300x224.jpg 300w, https:\/\/szent-erzsebet.hu\/gimnazium\/wp-content\/uploads\/sites\/5\/2022\/02\/suli_ropi_20220217-768x574.jpg 768w, https:\/\/szent-erzsebet.hu\/gimnazium\/wp-content\/uploads\/sites\/5\/2022\/02\/suli_ropi_20220217.jpg 1250w\" sizes=\"auto, (max-width: 1024px) 100vw, 1024px\" \/><\/figure><\/div>\n","protected":false},"excerpt":{"rendered":"<p>2022. Febru\u00e1r 17-\u00e9n, cs\u00fct\u00f6rt\u00f6k\u00f6n iskol\u00e1nk, az \u00c1rp\u00e1d-h\u00e1zi Szent Erzs\u00e9bet Gimn\u00e1zium adhatott otthont az Esztergom V\u00e1rosi R\u00f6plabda Di\u00e1kolimpi\u00e1nak, melyen a v\u00e1ros fi\u00fa csapatai m\u00e9rhett\u00e9k \u00f6ssze tud\u00e1sukat. Nagyszer\u0171 j\u00e1t\u00e9kkal \u00e9s nagy odaad\u00e1ssal iskol\u00e1nk csapata az els\u0151&#46;&#46;&#46;<\/p>\n","protected":false},"author":1,"featured_media":1632,"comment_status":"open","ping_status":"open","sticky":false,"template":"","format":"standard","meta":{"footnotes":"","_links_to":"","_links_to_target":""},"categories":[3],"tags":[],"class_list":["post-1631","post","type-post","status-publish","format-standard","has-post-thumbnail","hentry","category-hirek"],"_links":{"self":[{"href":"https:\/\/szent-erzsebet.hu\/gimnazium\/wp-json\/wp\/v2\/posts\/1631","targetHints":{"allow":["GET"]}}],"collection":[{"href":"https:\/\/szent-erzsebet.hu\/gimnazium\/wp-json\/wp\/v2\/posts"}],"about":[{"href":"https:\/\/szent-erzsebet.hu\/gimnazium\/wp-json\/wp\/v2\/types\/post"}],"author":[{"embeddable":true,"href":"https:\/\/szent-erzsebet.hu\/gimnazium\/wp-json\/wp\/v2\/users\/1"}],"replies":[{"embeddable":true,"href":"https:\/\/szent-erzsebet.hu\/gimnazium\/wp-json\/wp\/v2\/comments?post=1631"}],"version-history":[{"count":1,"href":"https:\/\/szent-erzsebet.hu\/gimnazium\/wp-json\/wp\/v2\/posts\/1631\/revisions"}],"predecessor-version":[{"id":1633,"href":"https:\/\/szent-erzsebet.hu\/gimnazium\/wp-json\/wp\/v2\/posts\/1631\/revisions\/1633"}],"wp:featuredmedia":[{"embeddable":true,"href":"https:\/\/szent-erzsebet.hu\/gimnazium\/wp-json\/wp\/v2\/media\/1632"}],"wp:attachment":[{"href":"https:\/\/szent-erzsebet.hu\/gimnazium\/wp-json\/wp\/v2\/media?parent=1631"}],"wp:term":[{"taxonomy":"category","embeddable":true,"href":"https:\/\/szent-erzsebet.hu\/gimnazium\/wp-json\/wp\/v2\/categories?post=1631"},{"taxonomy":"post_tag","embeddable":true,"href":"https:\/\/szent-erzsebet.hu\/gimnazium\/wp-json\/wp\/v2\/tags?post=1631"}],"curies":[{"name":"wp","href":"https:\/\/api.w.org\/{rel}","templated":true}]}}