{"id":1635,"date":"2022-02-22T15:31:07","date_gmt":"2022-02-22T14:31:07","guid":{"rendered":"http:\/\/szent-erzsebet.hu\/gimnazium\/?p=1635"},"modified":"2022-02-22T15:31:09","modified_gmt":"2022-02-22T14:31:09","slug":"buszkek-vagyunk-rajuk","status":"publish","type":"post","link":"https:\/\/szent-erzsebet.hu\/gimnazium\/2022\/02\/22\/buszkek-vagyunk-rajuk\/","title":{"rendered":"B\u00dcSZK\u00c9K VAGYUNK R\u00c1JUK!"},"content":{"rendered":"\n<p> Febru\u00e1r 20 &#8211; \u00e1n rendezt\u00e9k Sereg\u00e9lyesen a tollaslabda Dio\u00e1kolimpia ter\u00fcleti d\u00f6nt\u0151t, Kom\u00e1rom-Esztergom megye, Fej\u00e9r megye, valamint Tolna megye r\u00e9szv\u00e9tel\u00e9vel. A Magyar Tollaslabda Sz\u00f6vets\u00e9g ragaszkodott a v\u00e9detts\u00e9gi igazolv\u00e1ny megl\u00e9t\u00e9hez a r\u00e9sztvev\u0151ket illet\u0151en is, \u00edgy az iskol\u00e1b\u00f3l \u00f6sszesen 6 di\u00e1k versenyezhetett. Kiv\u00e1l\u00f3 versenyz\u00e9ssel mindny\u00e1jan \u00e9remmel t\u00e9rtek haza!<\/p>\n\n\n\n<div class=\"wp-block-image\"><figure class=\"aligncenter\"><img loading=\"lazy\" decoding=\"async\" width=\"1024\" height=\"768\" src=\"https:\/\/szent-erzsebet.hu\/gimnazium\/wp-content\/uploads\/sites\/5\/2022\/02\/IMG_20220220_152331_resized_20220220_070933053-1024x768.jpg\" alt=\"\" class=\"wp-image-1636\" srcset=\"https:\/\/szent-erzsebet.hu\/gimnazium\/wp-content\/uploads\/sites\/5\/2022\/02\/IMG_20220220_152331_resized_20220220_070933053-1024x768.jpg 1024w, https:\/\/szent-erzsebet.hu\/gimnazium\/wp-content\/uploads\/sites\/5\/2022\/02\/IMG_20220220_152331_resized_20220220_070933053-300x225.jpg 300w, https:\/\/szent-erzsebet.hu\/gimnazium\/wp-content\/uploads\/sites\/5\/2022\/02\/IMG_20220220_152331_resized_20220220_070933053-768x576.jpg 768w, https:\/\/szent-erzsebet.hu\/gimnazium\/wp-content\/uploads\/sites\/5\/2022\/02\/IMG_20220220_152331_resized_20220220_070933053.jpg 1040w\" sizes=\"auto, (max-width: 1024px) 100vw, 1024px\" \/><\/figure><\/div>\n\n\n\n<p><strong>III. korcsoport l\u00e1ny:<\/strong> Viszolai Fl\u00f3ra &#8211; bronz\u00e9rem<br><strong>IV. kcs. fi\u00fa:<\/strong> Kov\u00e1cs M\u00e1rk &#8211; arany\u00e9rem<br><strong>V. kcs. l\u00e1ny:<\/strong> Kov\u00e1cs No\u00e9mi &#8211; arany\u00e9rem<br>V\u00edgh Bogl\u00e1rka &#8211; bronz\u00e9rem<br><strong>V. kcs fi\u00fa:<\/strong> Ungi B\u00e1lint &#8211; ez\u00fcst\u00e9rem<br><strong>VI. kcs. l\u00e1ny:<\/strong> Kov\u00e1cs Hanna &#8211; bronz\u00e9rem<\/p>\n\n\n\n<p>A megv\u00e1ltozott versenyszab\u00e1lyok miatt, az orsz\u00e1gos Di\u00e1kolimpiai d\u00f6nt\u0151n d\u00f6nt\u0151n csak az arany \u00e9s ez\u00fcst\u00e9rmes di\u00e1kok vehetnek r\u00e9szt \u00e1prilisban.Szeretn\u00e9m megk\u00f6sz\u00f6nni a di\u00e1koknak az el\u00e9rt eredm\u00e9nyeket \u00e9s gratul\u00e1lok nekik. Tov\u00e1bb\u00e1 megk\u00f6sz\u00f6n\u00f6m az edz\u0151k munk\u00e1j\u00e1t, hogy di\u00e1kjaink\u00a0 ilyen eredm\u00e9nyeket tudtak el\u00e9rni!<\/p>\n\n\n\n<p>Taicht Istv\u00e1n mk.v. <\/p>\n\n\n\n<div class=\"wp-block-image\"><figure class=\"aligncenter\"><img loading=\"lazy\" decoding=\"async\" width=\"1024\" height=\"768\" src=\"https:\/\/szent-erzsebet.hu\/gimnazium\/wp-content\/uploads\/sites\/5\/2022\/02\/IMG_20220220_145316_resized_20220220_071206380-1024x768.jpg\" alt=\"\" class=\"wp-image-1637\" srcset=\"https:\/\/szent-erzsebet.hu\/gimnazium\/wp-content\/uploads\/sites\/5\/2022\/02\/IMG_20220220_145316_resized_20220220_071206380-1024x768.jpg 1024w, https:\/\/szent-erzsebet.hu\/gimnazium\/wp-content\/uploads\/sites\/5\/2022\/02\/IMG_20220220_145316_resized_20220220_071206380-300x225.jpg 300w, https:\/\/szent-erzsebet.hu\/gimnazium\/wp-content\/uploads\/sites\/5\/2022\/02\/IMG_20220220_145316_resized_20220220_071206380-768x576.jpg 768w, https:\/\/szent-erzsebet.hu\/gimnazium\/wp-content\/uploads\/sites\/5\/2022\/02\/IMG_20220220_145316_resized_20220220_071206380.jpg 1040w\" sizes=\"auto, (max-width: 1024px) 100vw, 1024px\" \/><\/figure><\/div>\n\n\n\n<div class=\"wp-block-image\"><figure class=\"aligncenter\"><img loading=\"lazy\" decoding=\"async\" width=\"1024\" height=\"768\" src=\"https:\/\/szent-erzsebet.hu\/gimnazium\/wp-content\/uploads\/sites\/5\/2022\/02\/IMG_20220220_144946_resized_20220220_071310930-1024x768.jpg\" alt=\"\" class=\"wp-image-1638\" srcset=\"https:\/\/szent-erzsebet.hu\/gimnazium\/wp-content\/uploads\/sites\/5\/2022\/02\/IMG_20220220_144946_resized_20220220_071310930-1024x768.jpg 1024w, https:\/\/szent-erzsebet.hu\/gimnazium\/wp-content\/uploads\/sites\/5\/2022\/02\/IMG_20220220_144946_resized_20220220_071310930-300x225.jpg 300w, https:\/\/szent-erzsebet.hu\/gimnazium\/wp-content\/uploads\/sites\/5\/2022\/02\/IMG_20220220_144946_resized_20220220_071310930-768x576.jpg 768w, https:\/\/szent-erzsebet.hu\/gimnazium\/wp-content\/uploads\/sites\/5\/2022\/02\/IMG_20220220_144946_resized_20220220_071310930.jpg 1040w\" sizes=\"auto, (max-width: 1024px) 100vw, 1024px\" \/><\/figure><\/div>\n\n\n\n<figure class=\"wp-block-image\"><img loading=\"lazy\" decoding=\"async\" width=\"1024\" height=\"768\" src=\"https:\/\/szent-erzsebet.hu\/gimnazium\/wp-content\/uploads\/sites\/5\/2022\/02\/IMG_20220220_160737_resized_20220220_071008061-1024x768.jpg\" alt=\"\" class=\"wp-image-1639\" srcset=\"https:\/\/szent-erzsebet.hu\/gimnazium\/wp-content\/uploads\/sites\/5\/2022\/02\/IMG_20220220_160737_resized_20220220_071008061-1024x768.jpg 1024w, https:\/\/szent-erzsebet.hu\/gimnazium\/wp-content\/uploads\/sites\/5\/2022\/02\/IMG_20220220_160737_resized_20220220_071008061-300x225.jpg 300w, https:\/\/szent-erzsebet.hu\/gimnazium\/wp-content\/uploads\/sites\/5\/2022\/02\/IMG_20220220_160737_resized_20220220_071008061-768x576.jpg 768w, https:\/\/szent-erzsebet.hu\/gimnazium\/wp-content\/uploads\/sites\/5\/2022\/02\/IMG_20220220_160737_resized_20220220_071008061.jpg 1040w\" sizes=\"auto, (max-width: 1024px) 100vw, 1024px\" \/><\/figure>\n","protected":false},"excerpt":{"rendered":"<p>Febru\u00e1r 20 &#8211; \u00e1n rendezt\u00e9k Sereg\u00e9lyesen a tollaslabda Dio\u00e1kolimpia ter\u00fcleti d\u00f6nt\u0151t, Kom\u00e1rom-Esztergom megye, Fej\u00e9r megye, valamint Tolna megye r\u00e9szv\u00e9tel\u00e9vel. A Magyar Tollaslabda Sz\u00f6vets\u00e9g ragaszkodott a v\u00e9detts\u00e9gi igazolv\u00e1ny megl\u00e9t\u00e9hez a r\u00e9sztvev\u0151ket illet\u0151en is, \u00edgy az&#46;&#46;&#46;<\/p>\n","protected":false},"author":1,"featured_media":1638,"comment_status":"open","ping_status":"open","sticky":false,"template":"","format":"standard","meta":{"footnotes":"","_links_to":"","_links_to_target":""},"categories":[3],"tags":[],"class_list":["post-1635","post","type-post","status-publish","format-standard","has-post-thumbnail","hentry","category-hirek"],"_links":{"self":[{"href":"https:\/\/szent-erzsebet.hu\/gimnazium\/wp-json\/wp\/v2\/posts\/1635","targetHints":{"allow":["GET"]}}],"collection":[{"href":"https:\/\/szent-erzsebet.hu\/gimnazium\/wp-json\/wp\/v2\/posts"}],"about":[{"href":"https:\/\/szent-erzsebet.hu\/gimnazium\/wp-json\/wp\/v2\/types\/post"}],"author":[{"embeddable":true,"href":"https:\/\/szent-erzsebet.hu\/gimnazium\/wp-json\/wp\/v2\/users\/1"}],"replies":[{"embeddable":true,"href":"https:\/\/szent-erzsebet.hu\/gimnazium\/wp-json\/wp\/v2\/comments?post=1635"}],"version-history":[{"count":1,"href":"https:\/\/szent-erzsebet.hu\/gimnazium\/wp-json\/wp\/v2\/posts\/1635\/revisions"}],"predecessor-version":[{"id":1640,"href":"https:\/\/szent-erzsebet.hu\/gimnazium\/wp-json\/wp\/v2\/posts\/1635\/revisions\/1640"}],"wp:featuredmedia":[{"embeddable":true,"href":"https:\/\/szent-erzsebet.hu\/gimnazium\/wp-json\/wp\/v2\/media\/1638"}],"wp:attachment":[{"href":"https:\/\/szent-erzsebet.hu\/gimnazium\/wp-json\/wp\/v2\/media?parent=1635"}],"wp:term":[{"taxonomy":"category","embeddable":true,"href":"https:\/\/szent-erzsebet.hu\/gimnazium\/wp-json\/wp\/v2\/categories?post=1635"},{"taxonomy":"post_tag","embeddable":true,"href":"https:\/\/szent-erzsebet.hu\/gimnazium\/wp-json\/wp\/v2\/tags?post=1635"}],"curies":[{"name":"wp","href":"https:\/\/api.w.org\/{rel}","templated":true}]}}