{"id":1658,"date":"2022-03-21T10:47:15","date_gmt":"2022-03-21T09:47:15","guid":{"rendered":"http:\/\/szent-erzsebet.hu\/gimnazium\/?p=1658"},"modified":"2022-03-21T10:47:16","modified_gmt":"2022-03-21T09:47:16","slug":"balla-botond-versmondo-orszagos-ezust-minositese","status":"publish","type":"post","link":"https:\/\/szent-erzsebet.hu\/gimnazium\/2022\/03\/21\/balla-botond-versmondo-orszagos-ezust-minositese\/","title":{"rendered":"Balla Botond versmond\u00f3 orsz\u00e1gos ez\u00fcst min\u0151s\u00edt\u00e9se"},"content":{"rendered":"\n<div class=\"wp-block-image\"><figure class=\"aligncenter is-resized\"><img loading=\"lazy\" decoding=\"async\" src=\"http:\/\/szent-erzsebet.hu\/gimnazium\/wp-content\/uploads\/sites\/5\/2022\/02\/ballabotond.jpg\" alt=\"\" class=\"wp-image-1623\" width=\"409\" height=\"443\" srcset=\"https:\/\/szent-erzsebet.hu\/gimnazium\/wp-content\/uploads\/sites\/5\/2022\/02\/ballabotond.jpg 870w, https:\/\/szent-erzsebet.hu\/gimnazium\/wp-content\/uploads\/sites\/5\/2022\/02\/ballabotond-277x300.jpg 277w, https:\/\/szent-erzsebet.hu\/gimnazium\/wp-content\/uploads\/sites\/5\/2022\/02\/ballabotond-768x832.jpg 768w\" sizes=\"auto, (max-width: 409px) 100vw, 409px\" \/><\/figure><\/div>\n\n\n\n<p>Balla Botond, iskol\u00e1nk 11.C oszt\u00e1lyos tanul\u00f3ja\u00a0m\u00e1rcius 10-\u00e9n, a szeksz\u00e1rdi Garay J\u00e1nos Gimn\u00e1zium \u00e1ltal szervezett XIV. Az \u00e9n Pann\u00f3ni\u00e1m\u00a0 Orsz\u00e1gos Vers- \u00e9s Pr\u00f3zamond\u00f3 Versenyen ez\u00fcst min\u0151s\u00edt\u00e9st kapott &#8212; a 27 f\u0151s mez\u0151nyben m\u00e9lt\u00f3 m\u00f3don szerepelt.<\/p>\n\n\n\n<p>A zs\u0171ri ezenk\u00edv\u00fcl egyhetes, Budapesten szervezend\u0151 versmond\u00f3 t\u00e1borra is megh\u00edvta Botondot. A zs\u0171ri tagjai: Horv\u00e1th Zsuzsanna, K\u00f3ti Helga \u00e9s Orb\u00e1n Gy\u00f6rgy.<\/p>\n\n\n\n<p>Felk\u00e9sz\u00edt\u0151k: Papp M\u00f3nika (Botond \u00e9desanyja) \u00e9s Er\u0151sn\u00e9 V\u00f6r\u00f6s Vikt\u00f3ria.\u00a0 <\/p>\n","protected":false},"excerpt":{"rendered":"<p>Balla Botond, iskol\u00e1nk 11.C oszt\u00e1lyos tanul\u00f3ja\u00a0m\u00e1rcius 10-\u00e9n, a szeksz\u00e1rdi Garay J\u00e1nos Gimn\u00e1zium \u00e1ltal szervezett XIV. Az \u00e9n Pann\u00f3ni\u00e1m\u00a0 Orsz\u00e1gos Vers- \u00e9s Pr\u00f3zamond\u00f3 Versenyen ez\u00fcst min\u0151s\u00edt\u00e9st kapott &#8212; a 27 f\u0151s mez\u0151nyben m\u00e9lt\u00f3 m\u00f3don szerepelt.&#46;&#46;&#46;<\/p>\n","protected":false},"author":1,"featured_media":1659,"comment_status":"open","ping_status":"open","sticky":false,"template":"","format":"standard","meta":{"footnotes":"","_links_to":"","_links_to_target":""},"categories":[3],"tags":[],"class_list":["post-1658","post","type-post","status-publish","format-standard","has-post-thumbnail","hentry","category-hirek"],"_links":{"self":[{"href":"https:\/\/szent-erzsebet.hu\/gimnazium\/wp-json\/wp\/v2\/posts\/1658","targetHints":{"allow":["GET"]}}],"collection":[{"href":"https:\/\/szent-erzsebet.hu\/gimnazium\/wp-json\/wp\/v2\/posts"}],"about":[{"href":"https:\/\/szent-erzsebet.hu\/gimnazium\/wp-json\/wp\/v2\/types\/post"}],"author":[{"embeddable":true,"href":"https:\/\/szent-erzsebet.hu\/gimnazium\/wp-json\/wp\/v2\/users\/1"}],"replies":[{"embeddable":true,"href":"https:\/\/szent-erzsebet.hu\/gimnazium\/wp-json\/wp\/v2\/comments?post=1658"}],"version-history":[{"count":1,"href":"https:\/\/szent-erzsebet.hu\/gimnazium\/wp-json\/wp\/v2\/posts\/1658\/revisions"}],"predecessor-version":[{"id":1660,"href":"https:\/\/szent-erzsebet.hu\/gimnazium\/wp-json\/wp\/v2\/posts\/1658\/revisions\/1660"}],"wp:featuredmedia":[{"embeddable":true,"href":"https:\/\/szent-erzsebet.hu\/gimnazium\/wp-json\/wp\/v2\/media\/1659"}],"wp:attachment":[{"href":"https:\/\/szent-erzsebet.hu\/gimnazium\/wp-json\/wp\/v2\/media?parent=1658"}],"wp:term":[{"taxonomy":"category","embeddable":true,"href":"https:\/\/szent-erzsebet.hu\/gimnazium\/wp-json\/wp\/v2\/categories?post=1658"},{"taxonomy":"post_tag","embeddable":true,"href":"https:\/\/szent-erzsebet.hu\/gimnazium\/wp-json\/wp\/v2\/tags?post=1658"}],"curies":[{"name":"wp","href":"https:\/\/api.w.org\/{rel}","templated":true}]}}