{"id":1679,"date":"2022-03-29T12:19:42","date_gmt":"2022-03-29T11:19:42","guid":{"rendered":"http:\/\/szent-erzsebet.hu\/gimnazium\/?p=1679"},"modified":"2022-03-29T12:19:43","modified_gmt":"2022-03-29T11:19:43","slug":"kosarlabda-beszamolo","status":"publish","type":"post","link":"https:\/\/szent-erzsebet.hu\/gimnazium\/2022\/03\/29\/kosarlabda-beszamolo\/","title":{"rendered":"Kos\u00e1rlabda besz\u00e1mol\u00f3"},"content":{"rendered":"\n<p>Iskol\u00e1nk hossz\u00fa kihagy\u00e1s ut\u00e1n, (Covid) ism\u00e9t kos\u00e1rlabda m\u00e9rk\u0151z\u00e9st rendezett.<\/p>\n\n\n\n<div class=\"wp-block-image\"><figure class=\"aligncenter\"><img loading=\"lazy\" decoding=\"async\" width=\"640\" height=\"480\" src=\"http:\/\/szent-erzsebet.hu\/gimnazium\/wp-content\/uploads\/sites\/5\/2022\/03\/image2.jpeg\" alt=\"\" class=\"wp-image-1675\" srcset=\"https:\/\/szent-erzsebet.hu\/gimnazium\/wp-content\/uploads\/sites\/5\/2022\/03\/image2.jpeg 640w, https:\/\/szent-erzsebet.hu\/gimnazium\/wp-content\/uploads\/sites\/5\/2022\/03\/image2-300x225.jpeg 300w\" sizes=\"auto, (max-width: 640px) 100vw, 640px\" \/><\/figure><\/div>\n\n\n\n<p>A 2021\/2022 \u2013es tan\u00e9v k\u00f6rzeti d\u00f6nt\u0151j\u00e9t rendezt\u00fck meg n\u00e9gy csapat r\u00e9szv\u00e9tel\u00e9vel. A rendez\u00e9st nehez\u00edtette, hogy a jegyz\u0151k\u00f6nyvvezet\u00e9st kor\u00e1bban v\u00e9gz\u0151k elballagtak, \u00e9s mivel az \u00f3ta nem rendezt\u00fcnk ilyen esem\u00e9nyt senki sem volt, aki a hely\u00fckbe l\u00e9phetett volna. A probl\u00e9m\u00e1t a Dob\u00f3 Katalin Gimn\u00e1zium oldotta, meg akik hoztak egy \u201e\u00cdr\u00e1stud\u00f3t \u201d\u00e9s di\u00e1kjaink a 10.A-b\u00f3l seg\u00edtettek a rendez\u00e9s zavartalan lebonyol\u00edt\u00e1s\u00e1ban.<\/p>\n\n\n\n<div class=\"wp-block-image\"><figure class=\"aligncenter\"><img loading=\"lazy\" decoding=\"async\" width=\"640\" height=\"480\" src=\"http:\/\/szent-erzsebet.hu\/gimnazium\/wp-content\/uploads\/sites\/5\/2022\/03\/image6.jpeg\" alt=\"\" class=\"wp-image-1676\" srcset=\"https:\/\/szent-erzsebet.hu\/gimnazium\/wp-content\/uploads\/sites\/5\/2022\/03\/image6.jpeg 640w, https:\/\/szent-erzsebet.hu\/gimnazium\/wp-content\/uploads\/sites\/5\/2022\/03\/image6-300x225.jpeg 300w\" sizes=\"auto, (max-width: 640px) 100vw, 640px\" \/><\/figure><\/div>\n\n\n\n<p>A torn\u00e1t a Ferences Gimn\u00e1zium \u00e9s a Babits Mih\u00e1ly \u00c1ltal\u00e1nos Iskola csapatai kezdt\u00e9k, el\u0151bbi 52-21-re nyert. Ezt a mi csapatunk \u00e9s a Dob\u00f3 Katalin Gimn\u00e1zium m\u00e9rk\u0151z\u00e9se k\u00f6vette, sajnos h\u00e1zigazdak\u00e9nt is 51-11-re kikaptunk. Azt kell, hogy mondjam ez volt a pap\u00edrforma, az ellenf\u00e9l folyamatos edz\u00e9s (EKE) \u00e9s m\u00e9rk\u0151z\u00e9s tapasztalatot tudhat maga m\u00f6g\u00f6tt, m\u00edg csapatunk erre az alkalomra \u00e1llt csak \u00f6ssze \u00e9s kor\u00e1bban m\u00e9g \u00edgy egy\u00fctt soha sem j\u00e1tszott. A vesztes m\u00e9rk\u0151z\u00e9st k\u00f6vet\u0151en ism\u00e9t mi j\u00e1tszottunk a Babits Mih\u00e1ly \u00c1ltal\u00e1nos Iskola csapat\u00e1val, akiket szoros m\u00e9rk\u0151z\u00e9sen siker\u00fclt legy\u0151zni 29-17-re, ezzel a III. helyet is megszerezt\u00fck, majd k\u00f6vetkezett a k\u00e9t gy\u0151ztes csapat m\u00e9rk\u0151z\u00e9se. Az els\u0151 negyedet a Franka hozta t\u00f6bb mint t\u00edz ponttal, majd a Dob\u00f3 sz\u00edv\u00f3s munk\u00e1val felz\u00e1rk\u00f3zott \u00e9s a vezet\u00e9st is \u00e1tvette, \u00edgy alakult ki a v\u00e9geredm\u00e9ny 45-41-re. Nyert a Dob\u00f3 csapata egy nagyon ki\u00e9lezett fordulatos m\u00e9rk\u0151z\u00e9sen. <\/p>\n\n\n\n<div class=\"wp-block-image\"><figure class=\"aligncenter\"><img loading=\"lazy\" decoding=\"async\" width=\"640\" height=\"480\" src=\"http:\/\/szent-erzsebet.hu\/gimnazium\/wp-content\/uploads\/sites\/5\/2022\/03\/image30.jpeg\" alt=\"\" class=\"wp-image-1678\" srcset=\"https:\/\/szent-erzsebet.hu\/gimnazium\/wp-content\/uploads\/sites\/5\/2022\/03\/image30.jpeg 640w, https:\/\/szent-erzsebet.hu\/gimnazium\/wp-content\/uploads\/sites\/5\/2022\/03\/image30-300x225.jpeg 300w\" sizes=\"auto, (max-width: 640px) 100vw, 640px\" \/><\/figure><\/div>\n\n\n\n<p>A v\u00e9geredm\u00e9ny a k\u00f6vetkez\u0151:<\/p>\n\n\n\n<p>I. Dob\u00f3 Katalin Gimn\u00e1zium,<\/p>\n\n\n\n<p>II. Ferences Gimn\u00e1zium,<\/p>\n\n\n\n<p>III. \u00c1rp\u00e1d-h\u00e1zi Szent Erzs\u00e9bet Gimn\u00e1zium,<\/p>\n\n\n\n<p>IV. Babits Mih\u00e1ly \u00c1ltal\u00e1nos Iskola,<\/p>\n\n\n\n<p>A Bajnoks\u00e1gban iskol\u00e1nkat a k\u00f6vetkez\u0151 tanul\u00f3k\nk\u00e9pviselik:<br>\n1. Simon Ervin 8.C<br>\n2. B\u00f3nis M\u00e1rton 7.B<br>\n3. S\u00e1gi R\u00f3bert 8.C<br>\n4. Alman Tam\u00e1s 8.B<br>\n5. T\u00f3th Gell\u00e9rt 8.B<br>\n6. Szarka D\u00e1vid 8.B<br>\n7. Hencz \u00c1ron 8.B<br>\n8. Vas Andr\u00e1s 7.B<br>\n9. Visnics Luca 7.C<br>\n10. Balogh Ol\u00edvia 7.C<br>\n11. Kov\u00e1cs M\u00e1rk 8.B<br>\n12. B\u00edr\u00f3 Nikoletta 9.B<\/p>\n\n\n\n<p>H\u00e1l\u00e1san k\u00f6sz\u00f6n\u00f6m a di\u00e1koknak a r\u00e9szv\u00e9telt, k\u00fcl\u00f6n\nkiemeln\u00e9m B\u00edr\u00f3 Nikolett\u00e1t, aki eredm\u00e9nyes j\u00e1t\u00e9k\u00e1val a csapat meghat\u00e1roz\u00f3\negy\u00e9nis\u00e9ge volt, olyannyira, hogy n\u00e9lk\u00fcle biztosan nem tudtunk volna dobog\u00f3sok,\nlenni!<\/p>\n\n\n\n<p>\u00c9s k\u00f6sz\u00f6net, mindenkinek, akinek a munk\u00e1ja hozz\u00e1j\u00e1rult\na verseny eredm\u00e9nyes lebonyol\u00edt\u00e1s\u00e1hoz!<\/p>\n\n\n\n<p>Farkas Istv\u00e1n testnevel\u0151<\/p>\n","protected":false},"excerpt":{"rendered":"<p>Iskol\u00e1nk hossz\u00fa kihagy\u00e1s ut\u00e1n, (Covid) ism\u00e9t kos\u00e1rlabda m\u00e9rk\u0151z\u00e9st rendezett. A 2021\/2022 \u2013es tan\u00e9v k\u00f6rzeti d\u00f6nt\u0151j\u00e9t rendezt\u00fck meg n\u00e9gy csapat r\u00e9szv\u00e9tel\u00e9vel. A rendez\u00e9st nehez\u00edtette, hogy a jegyz\u0151k\u00f6nyvvezet\u00e9st kor\u00e1bban v\u00e9gz\u0151k elballagtak, \u00e9s mivel az \u00f3ta nem&#46;&#46;&#46;<\/p>\n","protected":false},"author":1,"featured_media":1675,"comment_status":"open","ping_status":"open","sticky":false,"template":"","format":"standard","meta":{"footnotes":"","_links_to":"","_links_to_target":""},"categories":[3],"tags":[],"class_list":["post-1679","post","type-post","status-publish","format-standard","has-post-thumbnail","hentry","category-hirek"],"_links":{"self":[{"href":"https:\/\/szent-erzsebet.hu\/gimnazium\/wp-json\/wp\/v2\/posts\/1679","targetHints":{"allow":["GET"]}}],"collection":[{"href":"https:\/\/szent-erzsebet.hu\/gimnazium\/wp-json\/wp\/v2\/posts"}],"about":[{"href":"https:\/\/szent-erzsebet.hu\/gimnazium\/wp-json\/wp\/v2\/types\/post"}],"author":[{"embeddable":true,"href":"https:\/\/szent-erzsebet.hu\/gimnazium\/wp-json\/wp\/v2\/users\/1"}],"replies":[{"embeddable":true,"href":"https:\/\/szent-erzsebet.hu\/gimnazium\/wp-json\/wp\/v2\/comments?post=1679"}],"version-history":[{"count":1,"href":"https:\/\/szent-erzsebet.hu\/gimnazium\/wp-json\/wp\/v2\/posts\/1679\/revisions"}],"predecessor-version":[{"id":1680,"href":"https:\/\/szent-erzsebet.hu\/gimnazium\/wp-json\/wp\/v2\/posts\/1679\/revisions\/1680"}],"wp:featuredmedia":[{"embeddable":true,"href":"https:\/\/szent-erzsebet.hu\/gimnazium\/wp-json\/wp\/v2\/media\/1675"}],"wp:attachment":[{"href":"https:\/\/szent-erzsebet.hu\/gimnazium\/wp-json\/wp\/v2\/media?parent=1679"}],"wp:term":[{"taxonomy":"category","embeddable":true,"href":"https:\/\/szent-erzsebet.hu\/gimnazium\/wp-json\/wp\/v2\/categories?post=1679"},{"taxonomy":"post_tag","embeddable":true,"href":"https:\/\/szent-erzsebet.hu\/gimnazium\/wp-json\/wp\/v2\/tags?post=1679"}],"curies":[{"name":"wp","href":"https:\/\/api.w.org\/{rel}","templated":true}]}}