{"id":1687,"date":"2022-04-08T13:23:26","date_gmt":"2022-04-08T12:23:26","guid":{"rendered":"http:\/\/szent-erzsebet.hu\/gimnazium\/?p=1687"},"modified":"2022-04-11T07:20:00","modified_gmt":"2022-04-11T06:20:00","slug":"mezeifutas-diakolimpia-orszagos-donto-eredmenyek","status":"publish","type":"post","link":"https:\/\/szent-erzsebet.hu\/gimnazium\/2022\/04\/08\/mezeifutas-diakolimpia-orszagos-donto-eredmenyek\/","title":{"rendered":"Mezeifut\u00e1s di\u00e1kolimpia orsz\u00e1gos d\u00f6nt\u0151 &#8211; eredm\u00e9nyek"},"content":{"rendered":"\n<p>Tisztelt Sz\u00fcl\u0151k, Kedves Di\u00e1kok!<\/p>\n\n\n\n<p>Hagyom\u00e1nyosan G\u00f6d\u00f6ll\u0151 adott otthont 2022. \u00e1prilis 06.-\u00e1n a 2021\/2022.tan\u00e9v, MEZEIFUT\u00d3 DI\u00c1KOLIMPIA ORSZ\u00c1GOS D\u00d6NT\u0150J\u00c9NEK, melyre az orsz\u00e1g  minden ter\u00fcleti versenyen tov\u00e1bbjutott di\u00e1kja megh\u00edv\u00e1st kapott. Iskol\u00e1nk di\u00e1kjai<br> is kiharcolt\u00e1k a tov\u00e1bbjut\u00e1s jog\u00e1t a 2021.10.05.-\u00e9n megrendez\u00e9sre ker\u00fclt  Mezeifut\u00f3 Ter\u00fcleti versenyen melyet a kecsk\u00e9di rep\u00fcl\u0151t\u00e9ren rendeztek meg. Sz\u00e9p siker sz\u00fcletett az orsz\u00e1gos versenyen, a IV. korcsoportos fi\u00fak verseny\u00e9ben<br> Hencz \u00c1ron 8.B<br> Friedman \u00c1kos 8.C<br> Kiss Bal\u00e1zs 9.C<br> Szil\u00e1gyi Botond 8.C<br> Vill\u00e1nyi Csongor 8.A<br> \u00d6sszet\u00e9tel\u0171 \u00f6t\u00f6sfogat I helyez\u00e9st \u00e9rt el 175 helyez\u00e9si sz\u00e1mmal \u00e9s \u00edgy Orsz\u00e1gos<br> Bajnoki c\u00edmet szereztek.<\/p>\n\n\n\n<p> A VI. korcsoportos fi\u00fak mez\u0151ny\u00e9ben az<br> Eck Bence Bal\u00e1zs 12.D<br> Er\u0151s Vince 12.A<br> Kalster Attila 10.D<br> Ol\u00e1h D\u00e9nes P\u00e9ter 10.D<br> Simon Zolt\u00e1n 12.A<br> Csapat a 19 helyet szerezte meg, 459 helyez\u00e9si sz\u00e1mmal.<\/p>\n\n\n\n<figure class=\"wp-block-image\"><img loading=\"lazy\" decoding=\"async\" width=\"1024\" height=\"683\" src=\"https:\/\/szent-erzsebet.hu\/gimnazium\/wp-content\/uploads\/sites\/5\/2022\/04\/DSC1144-1024x683.jpg\" alt=\"\" class=\"wp-image-1690\" srcset=\"https:\/\/szent-erzsebet.hu\/gimnazium\/wp-content\/uploads\/sites\/5\/2022\/04\/DSC1144-1024x683.jpg 1024w, https:\/\/szent-erzsebet.hu\/gimnazium\/wp-content\/uploads\/sites\/5\/2022\/04\/DSC1144-300x200.jpg 300w, https:\/\/szent-erzsebet.hu\/gimnazium\/wp-content\/uploads\/sites\/5\/2022\/04\/DSC1144-768x512.jpg 768w, https:\/\/szent-erzsebet.hu\/gimnazium\/wp-content\/uploads\/sites\/5\/2022\/04\/DSC1144.jpg 1320w\" sizes=\"auto, (max-width: 1024px) 100vw, 1024px\" \/><\/figure>\n\n\n\n<p> Egy\u00e9ni indul\u00f3k\u00e9nt k\u00f6vetkez\u0151 eredm\u00e9nyek sz\u00fclettek:<br> Kop\u00e1nyi Bogl\u00e1rka 9.C 56. hely<br> Z\u00e1mb\u00f3 Liza Zs\u00f3fia 5.B 18. hely<br> Rehovics Anna 11.A 56, hely<\/p>\n\n\n\n<figure class=\"wp-block-image\"><img loading=\"lazy\" decoding=\"async\" width=\"1024\" height=\"683\" src=\"https:\/\/szent-erzsebet.hu\/gimnazium\/wp-content\/uploads\/sites\/5\/2022\/04\/DSC1135-1024x683.jpg\" alt=\"\" class=\"wp-image-1691\" srcset=\"https:\/\/szent-erzsebet.hu\/gimnazium\/wp-content\/uploads\/sites\/5\/2022\/04\/DSC1135-1024x683.jpg 1024w, https:\/\/szent-erzsebet.hu\/gimnazium\/wp-content\/uploads\/sites\/5\/2022\/04\/DSC1135-300x200.jpg 300w, https:\/\/szent-erzsebet.hu\/gimnazium\/wp-content\/uploads\/sites\/5\/2022\/04\/DSC1135-768x512.jpg 768w, https:\/\/szent-erzsebet.hu\/gimnazium\/wp-content\/uploads\/sites\/5\/2022\/04\/DSC1135.jpg 1320w\" sizes=\"auto, (max-width: 1024px) 100vw, 1024px\" \/><\/figure>\n\n\n\n<p> K\u00f6sz\u00f6net illeti a di\u00e1kokon k\u00edv\u00fcl az egyes\u00fcletek edz\u0151it is, akiknek felk\u00e9sz\u00edt\u0151<br> munk\u00e1ja n\u00e9lk\u00fcl nem sz\u00fclethetett volna meg ez a sz\u00e9p eredm\u00e9ny \u00e9s k\u00f6sz\u00f6net a<br> sz\u00fcl\u0151knek is, hogy gyermek\u00fcket t\u00e1mogatt\u00e1k a versenyen val\u00f3 r\u00e9szv\u00e9telben!<\/p>\n\n\n\n<p>Gratul\u00e1lunk az el\u00e9rt eredm\u00e9nyekhez!<\/p>\n\n\n\n<p>Farkas Istv\u00e1n testnevel\u0151<\/p>\n","protected":false},"excerpt":{"rendered":"<p>Tisztelt Sz\u00fcl\u0151k, Kedves Di\u00e1kok! Hagyom\u00e1nyosan G\u00f6d\u00f6ll\u0151 adott otthont 2022. \u00e1prilis 06.-\u00e1n a 2021\/2022.tan\u00e9v, MEZEIFUT\u00d3 DI\u00c1KOLIMPIA ORSZ\u00c1GOS D\u00d6NT\u0150J\u00c9NEK, melyre az orsz\u00e1g minden ter\u00fcleti versenyen tov\u00e1bbjutott di\u00e1kja megh\u00edv\u00e1st kapott. Iskol\u00e1nk di\u00e1kjai is kiharcolt\u00e1k a tov\u00e1bbjut\u00e1s jog\u00e1t&#46;&#46;&#46;<\/p>\n","protected":false},"author":1,"featured_media":1689,"comment_status":"open","ping_status":"open","sticky":false,"template":"","format":"standard","meta":{"footnotes":"","_links_to":"","_links_to_target":""},"categories":[3],"tags":[],"class_list":["post-1687","post","type-post","status-publish","format-standard","has-post-thumbnail","hentry","category-hirek"],"_links":{"self":[{"href":"https:\/\/szent-erzsebet.hu\/gimnazium\/wp-json\/wp\/v2\/posts\/1687","targetHints":{"allow":["GET"]}}],"collection":[{"href":"https:\/\/szent-erzsebet.hu\/gimnazium\/wp-json\/wp\/v2\/posts"}],"about":[{"href":"https:\/\/szent-erzsebet.hu\/gimnazium\/wp-json\/wp\/v2\/types\/post"}],"author":[{"embeddable":true,"href":"https:\/\/szent-erzsebet.hu\/gimnazium\/wp-json\/wp\/v2\/users\/1"}],"replies":[{"embeddable":true,"href":"https:\/\/szent-erzsebet.hu\/gimnazium\/wp-json\/wp\/v2\/comments?post=1687"}],"version-history":[{"count":2,"href":"https:\/\/szent-erzsebet.hu\/gimnazium\/wp-json\/wp\/v2\/posts\/1687\/revisions"}],"predecessor-version":[{"id":1694,"href":"https:\/\/szent-erzsebet.hu\/gimnazium\/wp-json\/wp\/v2\/posts\/1687\/revisions\/1694"}],"wp:featuredmedia":[{"embeddable":true,"href":"https:\/\/szent-erzsebet.hu\/gimnazium\/wp-json\/wp\/v2\/media\/1689"}],"wp:attachment":[{"href":"https:\/\/szent-erzsebet.hu\/gimnazium\/wp-json\/wp\/v2\/media?parent=1687"}],"wp:term":[{"taxonomy":"category","embeddable":true,"href":"https:\/\/szent-erzsebet.hu\/gimnazium\/wp-json\/wp\/v2\/categories?post=1687"},{"taxonomy":"post_tag","embeddable":true,"href":"https:\/\/szent-erzsebet.hu\/gimnazium\/wp-json\/wp\/v2\/tags?post=1687"}],"curies":[{"name":"wp","href":"https:\/\/api.w.org\/{rel}","templated":true}]}}