{"id":1695,"date":"2022-04-11T07:28:51","date_gmt":"2022-04-11T06:28:51","guid":{"rendered":"http:\/\/szent-erzsebet.hu\/gimnazium\/?p=1695"},"modified":"2022-04-11T07:31:36","modified_gmt":"2022-04-11T06:31:36","slug":"buszkek-vagyunk-rajuk-2","status":"publish","type":"post","link":"https:\/\/szent-erzsebet.hu\/gimnazium\/2022\/04\/11\/buszkek-vagyunk-rajuk-2\/","title":{"rendered":"B\u00fcszk\u00e9k vagyunk r\u00e1juk!"},"content":{"rendered":"\n<p>\u00c1prilis 8-9-ig vettek r\u00e9szt di\u00e1kjaink\u00a0Kiskunf\u00e9legyh\u00e1z\u00e1n a Di\u00e1kolimpia Tollaslabda Orsz\u00e1gos D\u00f6nt\u0151n. Iskol\u00e1nkb\u00f3l 3 di\u00e1k szerzett jogot a r\u00e9szv\u00e9telre. A sv\u00e1jci rendszerben lej\u00e1tszott 6 fordul\u00f3 ut\u00e1n Kov\u00e1cs M\u00e1rk a 4. korcsoportban 3-3 gy\u0151zelemmel \u00e9s veres\u00e9ggel a 10. helyen v\u00e9gzett. Az 5. korcsoportban a fi\u00fak k\u00f6z\u00f6tt Ungi B\u00e1lint 3-3 gy\u0151zelemmel \u00e9s veres\u00e9ggel a 11. helyet, a l\u00e1nyok k\u00f6z\u00f6tt Kov\u00e1cs No\u00e9mi 2 gy\u0151zelemmel, 4 veres\u00e9ggel a 12. helyet szerezte meg.<br>Sz\u00edvb\u0151l gratul\u00e1lunk az el\u00e9rt eredm\u00e9nyekhez \u00e9s k\u00f6sz\u00f6nj\u00fck a edz\u0151k \u00e1llhatatos munk\u00e1j\u00e1t!<br>Taicht Istv\u00e1n\u00a0 <\/p>\n","protected":false},"excerpt":{"rendered":"<p>\u00c1prilis 8-9-ig vettek r\u00e9szt di\u00e1kjaink\u00a0Kiskunf\u00e9legyh\u00e1z\u00e1n a Di\u00e1kolimpia Tollaslabda Orsz\u00e1gos D\u00f6nt\u0151n. Iskol\u00e1nkb\u00f3l 3 di\u00e1k szerzett jogot a r\u00e9szv\u00e9telre. A sv\u00e1jci rendszerben lej\u00e1tszott 6 fordul\u00f3 ut\u00e1n Kov\u00e1cs M\u00e1rk a 4. korcsoportban 3-3 gy\u0151zelemmel \u00e9s veres\u00e9ggel a&#46;&#46;&#46;<\/p>\n","protected":false},"author":1,"featured_media":1697,"comment_status":"open","ping_status":"open","sticky":false,"template":"","format":"standard","meta":{"footnotes":"","_links_to":"","_links_to_target":""},"categories":[3],"tags":[],"class_list":["post-1695","post","type-post","status-publish","format-standard","has-post-thumbnail","hentry","category-hirek"],"_links":{"self":[{"href":"https:\/\/szent-erzsebet.hu\/gimnazium\/wp-json\/wp\/v2\/posts\/1695","targetHints":{"allow":["GET"]}}],"collection":[{"href":"https:\/\/szent-erzsebet.hu\/gimnazium\/wp-json\/wp\/v2\/posts"}],"about":[{"href":"https:\/\/szent-erzsebet.hu\/gimnazium\/wp-json\/wp\/v2\/types\/post"}],"author":[{"embeddable":true,"href":"https:\/\/szent-erzsebet.hu\/gimnazium\/wp-json\/wp\/v2\/users\/1"}],"replies":[{"embeddable":true,"href":"https:\/\/szent-erzsebet.hu\/gimnazium\/wp-json\/wp\/v2\/comments?post=1695"}],"version-history":[{"count":1,"href":"https:\/\/szent-erzsebet.hu\/gimnazium\/wp-json\/wp\/v2\/posts\/1695\/revisions"}],"predecessor-version":[{"id":1696,"href":"https:\/\/szent-erzsebet.hu\/gimnazium\/wp-json\/wp\/v2\/posts\/1695\/revisions\/1696"}],"wp:featuredmedia":[{"embeddable":true,"href":"https:\/\/szent-erzsebet.hu\/gimnazium\/wp-json\/wp\/v2\/media\/1697"}],"wp:attachment":[{"href":"https:\/\/szent-erzsebet.hu\/gimnazium\/wp-json\/wp\/v2\/media?parent=1695"}],"wp:term":[{"taxonomy":"category","embeddable":true,"href":"https:\/\/szent-erzsebet.hu\/gimnazium\/wp-json\/wp\/v2\/categories?post=1695"},{"taxonomy":"post_tag","embeddable":true,"href":"https:\/\/szent-erzsebet.hu\/gimnazium\/wp-json\/wp\/v2\/tags?post=1695"}],"curies":[{"name":"wp","href":"https:\/\/api.w.org\/{rel}","templated":true}]}}