{"id":1751,"date":"2022-08-26T10:34:58","date_gmt":"2022-08-26T09:34:58","guid":{"rendered":"http:\/\/szent-erzsebet.hu\/gimnazium\/?p=1751"},"modified":"2022-08-26T10:45:34","modified_gmt":"2022-08-26T09:45:34","slug":"emelt-toris-tabor","status":"publish","type":"post","link":"https:\/\/szent-erzsebet.hu\/gimnazium\/2022\/08\/26\/emelt-toris-tabor\/","title":{"rendered":"Emelt t\u00f6ris t\u00e1bor"},"content":{"rendered":"\n<div class=\"wp-block-image\"><figure class=\"aligncenter\"><img loading=\"lazy\" decoding=\"async\" width=\"940\" height=\"788\" src=\"https:\/\/szent-erzsebet.hu\/gimnazium\/wp-content\/uploads\/sites\/5\/2022\/08\/t\u00f6rit\u00e1bor-f.png\" alt=\"\" class=\"wp-image-1752\" srcset=\"https:\/\/szent-erzsebet.hu\/gimnazium\/wp-content\/uploads\/sites\/5\/2022\/08\/t\u00f6rit\u00e1bor-f.png 940w, https:\/\/szent-erzsebet.hu\/gimnazium\/wp-content\/uploads\/sites\/5\/2022\/08\/t\u00f6rit\u00e1bor-f-300x251.png 300w, https:\/\/szent-erzsebet.hu\/gimnazium\/wp-content\/uploads\/sites\/5\/2022\/08\/t\u00f6rit\u00e1bor-f-768x644.png 768w\" sizes=\"auto, (max-width: 940px) 100vw, 940px\" \/><\/figure><\/div>\n\n\n\n<p>Augusztus 15. \u00e9s 17. k\u00f6z\u00f6tt a t\u00f6rt\u00e9nelem munkak\u00f6z\u00f6ss\u00e9g gazdag programk\u00edn\u00e1lattal &#8222;emeltes&#8221; t\u00e1bort szervezett.<\/p>\n","protected":false},"excerpt":{"rendered":"<p>Augusztus 15. \u00e9s 17. k\u00f6z\u00f6tt a t\u00f6rt\u00e9nelem munkak\u00f6z\u00f6ss\u00e9g gazdag programk\u00edn\u00e1lattal &#8222;emeltes&#8221; t\u00e1bort szervezett.<\/p>\n","protected":false},"author":1,"featured_media":1752,"comment_status":"open","ping_status":"open","sticky":false,"template":"","format":"standard","meta":{"footnotes":"","_links_to":"","_links_to_target":""},"categories":[3],"tags":[],"class_list":["post-1751","post","type-post","status-publish","format-standard","has-post-thumbnail","hentry","category-hirek"],"_links":{"self":[{"href":"https:\/\/szent-erzsebet.hu\/gimnazium\/wp-json\/wp\/v2\/posts\/1751","targetHints":{"allow":["GET"]}}],"collection":[{"href":"https:\/\/szent-erzsebet.hu\/gimnazium\/wp-json\/wp\/v2\/posts"}],"about":[{"href":"https:\/\/szent-erzsebet.hu\/gimnazium\/wp-json\/wp\/v2\/types\/post"}],"author":[{"embeddable":true,"href":"https:\/\/szent-erzsebet.hu\/gimnazium\/wp-json\/wp\/v2\/users\/1"}],"replies":[{"embeddable":true,"href":"https:\/\/szent-erzsebet.hu\/gimnazium\/wp-json\/wp\/v2\/comments?post=1751"}],"version-history":[{"count":2,"href":"https:\/\/szent-erzsebet.hu\/gimnazium\/wp-json\/wp\/v2\/posts\/1751\/revisions"}],"predecessor-version":[{"id":1754,"href":"https:\/\/szent-erzsebet.hu\/gimnazium\/wp-json\/wp\/v2\/posts\/1751\/revisions\/1754"}],"wp:featuredmedia":[{"embeddable":true,"href":"https:\/\/szent-erzsebet.hu\/gimnazium\/wp-json\/wp\/v2\/media\/1752"}],"wp:attachment":[{"href":"https:\/\/szent-erzsebet.hu\/gimnazium\/wp-json\/wp\/v2\/media?parent=1751"}],"wp:term":[{"taxonomy":"category","embeddable":true,"href":"https:\/\/szent-erzsebet.hu\/gimnazium\/wp-json\/wp\/v2\/categories?post=1751"},{"taxonomy":"post_tag","embeddable":true,"href":"https:\/\/szent-erzsebet.hu\/gimnazium\/wp-json\/wp\/v2\/tags?post=1751"}],"curies":[{"name":"wp","href":"https:\/\/api.w.org\/{rel}","templated":true}]}}