{"id":1834,"date":"2023-02-09T09:04:02","date_gmt":"2023-02-09T08:04:02","guid":{"rendered":"https:\/\/szent-erzsebet.hu\/gimnazium\/?p=1834"},"modified":"2023-02-09T09:04:03","modified_gmt":"2023-02-09T08:04:03","slug":"orszagos-3-hely-a-floorball-diakolimpian","status":"publish","type":"post","link":"https:\/\/szent-erzsebet.hu\/gimnazium\/2023\/02\/09\/orszagos-3-hely-a-floorball-diakolimpian\/","title":{"rendered":"Orsz\u00e1gos 3. hely a floorball Di\u00e1kolimpi\u00e1n!"},"content":{"rendered":"\n<p>Febru\u00e1r 3-5. k\u00f6z\u00f6tt ker\u00fclt megrendez\u00e9sre floorball sport\u00e1gban a Di\u00e1kolimpia orsz\u00e1gos d\u00f6nt\u0151je. A h\u00e1rom nap alatt 6 koroszt\u00e1ly 96 csapata m\u00e9rk\u0151z\u00f6tt meg egym\u00e1ssal Kom\u00e1romban az \u00e9rmek\u00e9rt \u00e9s helyez\u00e9sek\u00e9rt. Az \u00c1rp\u00e1d-h\u00e1zi Szent Erzs\u00e9bet Gimn\u00e1zium csapata az V. korcsoportban k\u00e9pviseltette mag\u00e1t, a 8-9-10. oszt\u00e1lyos fi\u00fak k\u00f6z\u00fcl B\u00f3nis M\u00e1rton P\u00e9ter, Cser\u00e9p Bendeg\u00faz, Kis J\u00e1nos, Kis Tam\u00e1s, N\u00e9meth Tam\u00e1s Levente \u00e9s Vas Andr\u00e1s alkott\u00e1k a csapatot. Nem indult j\u00f3l a csoportk\u00f6r, az els\u0151 m\u00e9rk\u0151z\u00e9s els\u0151 perceiben a csapatkapit\u00e1nyunk, Levente bokas\u00e9r\u00fcl\u00e9st szenvedett, le is kellett \u00fclnie, hogy \u00e1polj\u00e1k. K\u00f6zben 2 l\u0151tt g\u00f3llal m\u00e1r a di\u00f3sgy\u0151ri gimn\u00e1zium vezetett 2:0-ra, ez\u00e9rt Levi h\u0151siesen v\u00e1llalta, hogy f\u00e1j\u00f3, feldagadt bok\u00e1val is v\u00e1llalja a j\u00e1t\u00e9kot. Miut\u00e1n vissza\u00e1llt, siker\u00fclt kiegyenl\u00edten\u00fcnk, a v\u00e9ge 2:2 lett. A k\u00f6vetkez\u0151 k\u00e9t csoportm\u00e9rk\u0151z\u00e9s (duna\u00fajv\u00e1rosi \u00e9s budapesti iskol\u00e1k ellen) f\u00f6l\u00e9nyes gy\u0151zelmeket hozott (4:0, 4:1), mindenki kapott j\u00e1t\u00e9klehet\u0151s\u00e9get, \u00e9s hozz\u00e1tehette a r\u00e9sz\u00e9t a gy\u0151zelmekhez. V\u00e9g\u00fcl jobb g\u00f3lar\u00e1nnyal a csoport els\u0151 hely\u00e9n v\u00e9gezt\u00fcnk, j\u00f6hetett az el\u0151d\u00f6nt\u0151. Itt sajnos 2:4-re alulmaradtunk a m\u00e1sik duna\u00fajv\u00e1rosi csapattal (a k\u00e9s\u0151bbi arany\u00e9rmes, Rudas iskol\u00e1val) szemben. Az els\u0151 (\u00e9s egyben utols\u00f3) veres\u00e9g ut\u00e1n kiss\u00e9 csal\u00f3dottan, de a bronz\u00e9rem megszerz\u00e9s\u00e9nek rem\u00e9ny\u00e9ben \u00e1lltunk fel a 3-4. hely\u00e9rt v\u00edvott m\u00e9rk\u0151z\u00e9sre. Ez egy igazi preztizsm\u00e9rk\u0151z\u00e9snek \u00edg\u00e9rkezett, ugyanis a haza J\u00f3kai iskol\u00e1val a selejtez\u0151k sor\u00e1n m\u00e1r k\u00e9tszer is megk\u00fczd\u00f6tt\u00fcnk: a megyei selejtez\u0151n mi nyert\u00fcnk, az orsz\u00e1gos el\u0151d\u00f6nt\u0151ben viszont kikaptunk t\u0151l\u00fck (mindk\u00e9t torn\u00e1r\u00f3l 2-2 csapat juthatott tov\u00e1bb), \u00edgy azt\u00e1n szerettek volna visszav\u00e1gni a fi\u00fak. Rendk\u00edv\u00fcl szoros \u00e9s izgalmas m\u00e9rk\u0151z\u00e9sen (0:1 , 1:1 , 1:2 , 2:2 , 5:2 , 5:4) v\u00e9g\u00fcl az erzs\u00e9betes fi\u00fak \u00f6r\u00fclhettek, \u00e9s \u00e1llhattak fel a dobog\u00f3 3. fok\u00e1ra. N\u00e9meth Levi h\u0151siesen v\u00e9gigj\u00e1tszotta a torn\u00e1t a s\u00e9r\u00fclt bok\u00e1j\u00e1val, \u00e9s az eredm\u00e9nyhirdet\u00e9kor m\u00e9g az \u00e1lomcsapatba is bev\u00e1lasztott\u00e1k legjobb j\u00e1t\u00e9kosk\u00e9nt.<\/p>\n\n\n\n<p><br>A v\u00e9geredm\u00e9ny:<\/p>\n\n\n\n<ol class=\"wp-block-list\">\n<li>SZC Rudas K\u00f6zgazdas\u00e1gi Technikum \u00e9s Koll\u00e9gium, Duna\u00fajv\u00e1ros<\/li>\n\n\n\n<li>Di\u00f3sgy\u0151ri Gimn\u00e1zium, Miskolc<\/li>\n\n\n\n<li>\u00c1rp\u00e1d-h\u00e1zi Szent Erzs\u00e9bet Gimn\u00e1zium, \u00d3voda \u00e9s \u00c1ltal\u00e1nos Iskola, Esztergom<\/li>\n\n\n\n<li>J\u00f3kai M\u00f3r Gimn\u00e1zium, Kom\u00e1rom<\/li>\n\n\n\n<li>Budapest XV. ker\u00fcleti D\u00f3zsa Gy\u00f6rgy Gimn\u00e1zium \u00e9s T\u00e1ncm\u0171v\u00e9szeti Szakgimn\u00e1zium, Budapest<\/li>\n\n\n\n<li>Pannon Oktat\u00e1si K\u00f6zpont Gimn\u00e1zium, Szakgimn\u00e1zium, Technikum, Szakk\u00e9pz\u0151 Iskola \u00e9s \u00c1ltal\u00e1nos Iskola, Duna\u00fajv\u00e1ros<\/li>\n\n\n\n<li>F\u00e9nyi Gyula Jezsuita Gimn\u00e1zium, Koll\u00e9gium \u00e9s \u00d3voda, Miskolc<\/li>\n\n\n\n<li>Vajda P\u00e9ter \u00c9nek-zenei \u00c1ltal\u00e1nos \u00e9s Sportiskola, Budapest<\/li>\n<\/ol>\n\n\n\n<p>Sz\u00edvb\u0151l gratul\u00e1lunk a fi\u00faknak, akik ezzel az iskol\u00e1nk \u00e9s a v\u00e1rosunk h\u00edrnev\u00e9t is \u00f6regb\u00edtett\u00e9k.<\/p>\n\n\n\n<p>Sz\u00e1nth\u00f3 Roland, felk\u00e9sz\u00edt\u0151 tan\u00e1r<\/p>\n\n\n\n<figure class=\"wp-block-image size-large\"><img loading=\"lazy\" decoding=\"async\" width=\"1024\" height=\"683\" src=\"https:\/\/szent-erzsebet.hu\/gimnazium\/wp-content\/uploads\/sites\/5\/2023\/02\/FB_IMG_1675678971038-1024x683.jpg\" alt=\"\" class=\"wp-image-1835\" srcset=\"https:\/\/szent-erzsebet.hu\/gimnazium\/wp-content\/uploads\/sites\/5\/2023\/02\/FB_IMG_1675678971038-1024x683.jpg 1024w, https:\/\/szent-erzsebet.hu\/gimnazium\/wp-content\/uploads\/sites\/5\/2023\/02\/FB_IMG_1675678971038-300x200.jpg 300w, https:\/\/szent-erzsebet.hu\/gimnazium\/wp-content\/uploads\/sites\/5\/2023\/02\/FB_IMG_1675678971038-768x512.jpg 768w, https:\/\/szent-erzsebet.hu\/gimnazium\/wp-content\/uploads\/sites\/5\/2023\/02\/FB_IMG_1675678971038.jpg 1080w\" sizes=\"auto, (max-width: 1024px) 100vw, 1024px\" \/><\/figure>\n\n\n\n<figure class=\"wp-block-image size-large\"><img loading=\"lazy\" decoding=\"async\" width=\"1024\" height=\"717\" src=\"https:\/\/szent-erzsebet.hu\/gimnazium\/wp-content\/uploads\/sites\/5\/2023\/02\/FB_IMG_1675607868572-1024x717.jpg\" alt=\"\" class=\"wp-image-1837\" srcset=\"https:\/\/szent-erzsebet.hu\/gimnazium\/wp-content\/uploads\/sites\/5\/2023\/02\/FB_IMG_1675607868572-1024x717.jpg 1024w, https:\/\/szent-erzsebet.hu\/gimnazium\/wp-content\/uploads\/sites\/5\/2023\/02\/FB_IMG_1675607868572-300x210.jpg 300w, https:\/\/szent-erzsebet.hu\/gimnazium\/wp-content\/uploads\/sites\/5\/2023\/02\/FB_IMG_1675607868572-768x538.jpg 768w, https:\/\/szent-erzsebet.hu\/gimnazium\/wp-content\/uploads\/sites\/5\/2023\/02\/FB_IMG_1675607868572.jpg 1080w\" sizes=\"auto, (max-width: 1024px) 100vw, 1024px\" \/><\/figure>\n\n\n\n<figure class=\"wp-block-image size-large\"><img loading=\"lazy\" decoding=\"async\" width=\"1024\" height=\"768\" src=\"https:\/\/szent-erzsebet.hu\/gimnazium\/wp-content\/uploads\/sites\/5\/2023\/02\/received_593672599270493-1024x768.jpeg\" alt=\"\" class=\"wp-image-1838\" srcset=\"https:\/\/szent-erzsebet.hu\/gimnazium\/wp-content\/uploads\/sites\/5\/2023\/02\/received_593672599270493-1024x768.jpeg 1024w, https:\/\/szent-erzsebet.hu\/gimnazium\/wp-content\/uploads\/sites\/5\/2023\/02\/received_593672599270493-300x225.jpeg 300w, https:\/\/szent-erzsebet.hu\/gimnazium\/wp-content\/uploads\/sites\/5\/2023\/02\/received_593672599270493-768x576.jpeg 768w, https:\/\/szent-erzsebet.hu\/gimnazium\/wp-content\/uploads\/sites\/5\/2023\/02\/received_593672599270493-1536x1152.jpeg 1536w, https:\/\/szent-erzsebet.hu\/gimnazium\/wp-content\/uploads\/sites\/5\/2023\/02\/received_593672599270493.jpeg 2048w\" sizes=\"auto, (max-width: 1024px) 100vw, 1024px\" \/><\/figure>\n\n\n\n<figure class=\"wp-block-image size-large\"><img loading=\"lazy\" decoding=\"async\" width=\"1024\" height=\"768\" src=\"https:\/\/szent-erzsebet.hu\/gimnazium\/wp-content\/uploads\/sites\/5\/2023\/02\/IMG_20230203_133357-1024x768.jpg\" alt=\"\" class=\"wp-image-1839\" srcset=\"https:\/\/szent-erzsebet.hu\/gimnazium\/wp-content\/uploads\/sites\/5\/2023\/02\/IMG_20230203_133357-1024x768.jpg 1024w, https:\/\/szent-erzsebet.hu\/gimnazium\/wp-content\/uploads\/sites\/5\/2023\/02\/IMG_20230203_133357-300x225.jpg 300w, https:\/\/szent-erzsebet.hu\/gimnazium\/wp-content\/uploads\/sites\/5\/2023\/02\/IMG_20230203_133357-768x576.jpg 768w, https:\/\/szent-erzsebet.hu\/gimnazium\/wp-content\/uploads\/sites\/5\/2023\/02\/IMG_20230203_133357-1536x1152.jpg 1536w, https:\/\/szent-erzsebet.hu\/gimnazium\/wp-content\/uploads\/sites\/5\/2023\/02\/IMG_20230203_133357-2048x1536.jpg 2048w\" sizes=\"auto, (max-width: 1024px) 100vw, 1024px\" \/><\/figure>\n\n\n\n<figure class=\"wp-block-image size-large\"><img loading=\"lazy\" decoding=\"async\" width=\"771\" height=\"1024\" src=\"https:\/\/szent-erzsebet.hu\/gimnazium\/wp-content\/uploads\/sites\/5\/2023\/02\/IMG_20230203_173500-771x1024.jpg\" alt=\"\" class=\"wp-image-1840\" srcset=\"https:\/\/szent-erzsebet.hu\/gimnazium\/wp-content\/uploads\/sites\/5\/2023\/02\/IMG_20230203_173500-771x1024.jpg 771w, https:\/\/szent-erzsebet.hu\/gimnazium\/wp-content\/uploads\/sites\/5\/2023\/02\/IMG_20230203_173500-226x300.jpg 226w, https:\/\/szent-erzsebet.hu\/gimnazium\/wp-content\/uploads\/sites\/5\/2023\/02\/IMG_20230203_173500-768x1020.jpg 768w, https:\/\/szent-erzsebet.hu\/gimnazium\/wp-content\/uploads\/sites\/5\/2023\/02\/IMG_20230203_173500-1157x1536.jpg 1157w, https:\/\/szent-erzsebet.hu\/gimnazium\/wp-content\/uploads\/sites\/5\/2023\/02\/IMG_20230203_173500-1542x2048.jpg 1542w, https:\/\/szent-erzsebet.hu\/gimnazium\/wp-content\/uploads\/sites\/5\/2023\/02\/IMG_20230203_173500-scaled.jpg 1928w\" sizes=\"auto, (max-width: 771px) 100vw, 771px\" \/><\/figure>\n","protected":false},"excerpt":{"rendered":"<p>Febru\u00e1r 3-5. k\u00f6z\u00f6tt ker\u00fclt megrendez\u00e9sre floorball sport\u00e1gban a Di\u00e1kolimpia orsz\u00e1gos d\u00f6nt\u0151je. A h\u00e1rom nap alatt 6 koroszt\u00e1ly 96 csapata m\u00e9rk\u0151z\u00f6tt meg egym\u00e1ssal Kom\u00e1romban az \u00e9rmek\u00e9rt \u00e9s helyez\u00e9sek\u00e9rt. Az \u00c1rp\u00e1d-h\u00e1zi Szent Erzs\u00e9bet Gimn\u00e1zium csapata az&#46;&#46;&#46;<\/p>\n","protected":false},"author":1,"featured_media":1838,"comment_status":"open","ping_status":"open","sticky":false,"template":"","format":"standard","meta":{"footnotes":"","_links_to":"","_links_to_target":""},"categories":[3],"tags":[],"class_list":["post-1834","post","type-post","status-publish","format-standard","has-post-thumbnail","hentry","category-hirek"],"_links":{"self":[{"href":"https:\/\/szent-erzsebet.hu\/gimnazium\/wp-json\/wp\/v2\/posts\/1834","targetHints":{"allow":["GET"]}}],"collection":[{"href":"https:\/\/szent-erzsebet.hu\/gimnazium\/wp-json\/wp\/v2\/posts"}],"about":[{"href":"https:\/\/szent-erzsebet.hu\/gimnazium\/wp-json\/wp\/v2\/types\/post"}],"author":[{"embeddable":true,"href":"https:\/\/szent-erzsebet.hu\/gimnazium\/wp-json\/wp\/v2\/users\/1"}],"replies":[{"embeddable":true,"href":"https:\/\/szent-erzsebet.hu\/gimnazium\/wp-json\/wp\/v2\/comments?post=1834"}],"version-history":[{"count":1,"href":"https:\/\/szent-erzsebet.hu\/gimnazium\/wp-json\/wp\/v2\/posts\/1834\/revisions"}],"predecessor-version":[{"id":1841,"href":"https:\/\/szent-erzsebet.hu\/gimnazium\/wp-json\/wp\/v2\/posts\/1834\/revisions\/1841"}],"wp:featuredmedia":[{"embeddable":true,"href":"https:\/\/szent-erzsebet.hu\/gimnazium\/wp-json\/wp\/v2\/media\/1838"}],"wp:attachment":[{"href":"https:\/\/szent-erzsebet.hu\/gimnazium\/wp-json\/wp\/v2\/media?parent=1834"}],"wp:term":[{"taxonomy":"category","embeddable":true,"href":"https:\/\/szent-erzsebet.hu\/gimnazium\/wp-json\/wp\/v2\/categories?post=1834"},{"taxonomy":"post_tag","embeddable":true,"href":"https:\/\/szent-erzsebet.hu\/gimnazium\/wp-json\/wp\/v2\/tags?post=1834"}],"curies":[{"name":"wp","href":"https:\/\/api.w.org\/{rel}","templated":true}]}}