{"id":1888,"date":"2023-04-20T14:09:10","date_gmt":"2023-04-20T13:09:10","guid":{"rendered":"https:\/\/szent-erzsebet.hu\/gimnazium\/?p=1888"},"modified":"2023-04-20T14:09:33","modified_gmt":"2023-04-20T13:09:33","slug":"mezei-ob-beszamolo","status":"publish","type":"post","link":"https:\/\/szent-erzsebet.hu\/gimnazium\/2023\/04\/20\/mezei-ob-beszamolo\/","title":{"rendered":"Mezei OB besz\u00e1mol\u00f3"},"content":{"rendered":"\n<p><strong>Tisztelt Sz\u00fcl\u0151k! Kedves Di\u00e1kok!<\/strong><\/p>\n\n\n\n<p>A Magyar Di\u00e1ksport Sz\u00f6vets\u00e9g id\u00e9n is megrendezte a Di\u00e1kolimpia keret\u00e9n bel\u00fcl a Mezei Fut\u00f3 Orsz\u00e1gos Bajnoks\u00e1got, melynek a hagyom\u00e1nyokhoz h\u00edven G\u00f6d\u00f6ll\u0151 adott otthont 2023. 04. 19-\u00e9n.<\/p>\n\n\n\n<p>Ide azok a versenyz\u0151k kaptak megh\u00edv\u00e1st az orsz\u00e1g minden pontj\u00e1r\u00f3l, akik a megyei versenyeken kit\u0171ntek \u00e9s valamely koroszt\u00e1lyban, egy\u00e9niben az els\u0151 n\u00e9gy, csapatban pedig az els\u0151 k\u00e9t helyet szerezt\u00e9k meg.<\/p>\n\n\n\n<p>A g\u00f6d\u00f6ll\u0151i versenyen az \u00f6t korcsoportban az indul\u00f3k sz\u00e1ma el\u00e9rte a 2300 f\u0151t, amely \u00edgy a legn\u00e9pesebb Di\u00e1kolimpiai versenysz\u00e1m lett!<\/p>\n\n\n\n<figure class=\"wp-block-image size-large\"><img loading=\"lazy\" decoding=\"async\" width=\"1024\" height=\"932\" src=\"https:\/\/szent-erzsebet.hu\/gimnazium\/wp-content\/uploads\/sites\/5\/2023\/04\/IMG_9915-1024x932.jpeg\" alt=\"\" class=\"wp-image-1889\" srcset=\"https:\/\/szent-erzsebet.hu\/gimnazium\/wp-content\/uploads\/sites\/5\/2023\/04\/IMG_9915-1024x932.jpeg 1024w, https:\/\/szent-erzsebet.hu\/gimnazium\/wp-content\/uploads\/sites\/5\/2023\/04\/IMG_9915-300x273.jpeg 300w, https:\/\/szent-erzsebet.hu\/gimnazium\/wp-content\/uploads\/sites\/5\/2023\/04\/IMG_9915-768x699.jpeg 768w, https:\/\/szent-erzsebet.hu\/gimnazium\/wp-content\/uploads\/sites\/5\/2023\/04\/IMG_9915-1536x1399.jpeg 1536w, https:\/\/szent-erzsebet.hu\/gimnazium\/wp-content\/uploads\/sites\/5\/2023\/04\/IMG_9915-2048x1865.jpeg 2048w\" sizes=\"auto, (max-width: 1024px) 100vw, 1024px\" \/><\/figure>\n\n\n\n<p><strong>Iskol\u00e1nkat 8 tanul\u00f3 k\u00e9pviselte, akik mindannyian remek\u00fcl szerepeltek.<\/strong><\/p>\n\n\n\n<p>El\u0151sz\u00f6r a II. kcs.-os l\u00e1nyok v\u00e1gtak neki az 1500 m\u00e9teres t\u00e1vnak, pontban 12 \u00f3rakor, itt csapatunk is volt. Akik a megyei versenyen m\u00e1r kit\u0171ntek, hiszen a helyez\u00e9si sz\u00e1mok alapj\u00e1n ott messze a legjobb eredm\u00e9nyt hozt\u00e1k. Ez\u00e9rt m\u00e1r sejteni lehetett, hogy er\u0151s csapat a mi\u00e9nk.<\/p>\n\n\n\n<p>Nem is csalatkoztunk, <strong>az indul\u00f3 20 csapatb\u00f3l az els\u0151 helyet szerezt\u00e9k meg!<\/strong> Az egy\u00e9ni tov\u00e1bbjut\u00f3kkal egy\u00fctt a mez\u0151ny l\u00e9tsz\u00e1ma 250 f\u0151 volt! A csapat tagjai egy\u00e9niben is remekeltek:<\/p>\n\n\n\n<p>A csapat, (z\u00e1r\u00f3jelben az egy\u00e9ni helyez\u00e9si sz\u00e1m):<\/p>\n\n\n\n<p><strong>Szalkay Zsuzsanna (15),<\/strong><\/p>\n\n\n\n<p><strong>Sallai Enik\u0151 (21),<\/strong><\/p>\n\n\n\n<p><strong>Moln\u00e1r Gr\u00e9ta S\u00e1ra (49),<\/strong><\/p>\n\n\n\n<p><strong>P\u00f6rs\u00f6k Anna (62),<\/strong><\/p>\n\n\n\n<p><strong>Berceli Eszter (63),<\/strong><\/p>\n\n\n\n<p>A k\u00f6vetkez\u0151 versenysz\u00e1munk, amiben \u00e9rdekeltek voltunk a III. kcs.-os l\u00e1nyok versenye volt itt a rajt 12:30 \u00f3rakor kezd\u0151d\u00f6tt \u00e9s a t\u00e1v 2000 m\u00e9ter volt a 256 indul\u00f3b\u00f3l <strong>Z\u00e1mb\u00f3 Liza a 20. helyet<\/strong> szerezte meg!<\/p>\n\n\n\n<p>A IV. kcs. l\u00e1nyokn\u00e1l <strong>Bord\u00e1cs Bodza a 248 f\u0151b\u0151l 56. helyen<\/strong> v\u00e9gzett (2500 m\u00e9ter), ami szint\u00e9n remek eredm\u00e9ny!<\/p>\n\n\n\n<p>Az V. kcs. fi\u00fak k\u00f6z\u00f6tt <strong>Szab\u00f3 Misi<\/strong> \u00e1llt rajthoz (4500 m\u00e9ter), igaz \u0150 nem sokkal kor\u00e1bban m\u00e9g s\u00e9r\u00fclt volt \u00e9s a mez\u0151nyben \u00edgy is a <strong>24. helyet szerezte meg!<\/strong><\/p>\n\n\n\n<p>Itt szeretn\u00e9m nagyon megk\u00f6sz\u00f6nni azt a sz\u00fcl\u0151i seg\u00edts\u00e9get, amit az utaz\u00e1s lebonyol\u00edt\u00e1s\u00e1ban kaptunk, n\u00e9v szerint <strong>T\u00f6r\u0151csik Etusnak<\/strong>, \u00e9s <strong>Dr. Berczeli<\/strong> <strong>S\u00e1ndornak,<\/strong> akik v\u00e1llalt\u00e1k a csapat sz\u00e1ll\u00edt\u00e1s\u00e1t. Etuska k\u00fcl\u00f6n is foglalkozott tan\u00edtv\u00e1nyaival hozz\u00e1 seg\u00edtve \u0151ket a remek szerepl\u00e9shez! Tudni kell m\u00e9g, hogy a 8 versenyz\u0151b\u0151l 7 triatlonos \u00e9s az <strong>Esztergomi Triatlon Klub tagjai<\/strong>, amely klubot, <strong>Heer Lajos<\/strong> vezeti, aki a k\u00f6zelm\u00faltban <strong>Esztergom Sportj\u00e1\u00e9rt \u00c9letm\u0171d\u00edjat kapott! K\u00f6sz\u00f6nj\u00fck Lajos b\u00e1csi!<\/strong><\/p>\n\n\n\n<p><strong>Hajr\u00e1 Szent Erzs\u00e9bet!<\/strong><\/p>\n\n\n\n<p>Farkas Istv\u00e1n testnevel\u0151<\/p>\n","protected":false},"excerpt":{"rendered":"<p>Tisztelt Sz\u00fcl\u0151k! Kedves Di\u00e1kok! A Magyar Di\u00e1ksport Sz\u00f6vets\u00e9g id\u00e9n is megrendezte a Di\u00e1kolimpia keret\u00e9n bel\u00fcl a Mezei Fut\u00f3 Orsz\u00e1gos Bajnoks\u00e1got, melynek a hagyom\u00e1nyokhoz h\u00edven G\u00f6d\u00f6ll\u0151 adott otthont 2023. 04. 19-\u00e9n. Ide azok a versenyz\u0151k&#46;&#46;&#46;<\/p>\n","protected":false},"author":1,"featured_media":1889,"comment_status":"open","ping_status":"open","sticky":false,"template":"","format":"standard","meta":{"footnotes":"","_links_to":"","_links_to_target":""},"categories":[3],"tags":[],"class_list":["post-1888","post","type-post","status-publish","format-standard","has-post-thumbnail","hentry","category-hirek"],"_links":{"self":[{"href":"https:\/\/szent-erzsebet.hu\/gimnazium\/wp-json\/wp\/v2\/posts\/1888","targetHints":{"allow":["GET"]}}],"collection":[{"href":"https:\/\/szent-erzsebet.hu\/gimnazium\/wp-json\/wp\/v2\/posts"}],"about":[{"href":"https:\/\/szent-erzsebet.hu\/gimnazium\/wp-json\/wp\/v2\/types\/post"}],"author":[{"embeddable":true,"href":"https:\/\/szent-erzsebet.hu\/gimnazium\/wp-json\/wp\/v2\/users\/1"}],"replies":[{"embeddable":true,"href":"https:\/\/szent-erzsebet.hu\/gimnazium\/wp-json\/wp\/v2\/comments?post=1888"}],"version-history":[{"count":2,"href":"https:\/\/szent-erzsebet.hu\/gimnazium\/wp-json\/wp\/v2\/posts\/1888\/revisions"}],"predecessor-version":[{"id":1891,"href":"https:\/\/szent-erzsebet.hu\/gimnazium\/wp-json\/wp\/v2\/posts\/1888\/revisions\/1891"}],"wp:featuredmedia":[{"embeddable":true,"href":"https:\/\/szent-erzsebet.hu\/gimnazium\/wp-json\/wp\/v2\/media\/1889"}],"wp:attachment":[{"href":"https:\/\/szent-erzsebet.hu\/gimnazium\/wp-json\/wp\/v2\/media?parent=1888"}],"wp:term":[{"taxonomy":"category","embeddable":true,"href":"https:\/\/szent-erzsebet.hu\/gimnazium\/wp-json\/wp\/v2\/categories?post=1888"},{"taxonomy":"post_tag","embeddable":true,"href":"https:\/\/szent-erzsebet.hu\/gimnazium\/wp-json\/wp\/v2\/tags?post=1888"}],"curies":[{"name":"wp","href":"https:\/\/api.w.org\/{rel}","templated":true}]}}