{"id":1925,"date":"2023-06-23T10:03:37","date_gmt":"2023-06-23T09:03:37","guid":{"rendered":"https:\/\/szent-erzsebet.hu\/gimnazium\/?p=1925"},"modified":"2023-06-23T10:03:39","modified_gmt":"2023-06-23T09:03:39","slug":"beszamolo-a-2023-as-varosi-uszoversenyrol","status":"publish","type":"post","link":"https:\/\/szent-erzsebet.hu\/gimnazium\/2023\/06\/23\/beszamolo-a-2023-as-varosi-uszoversenyrol\/","title":{"rendered":"Besz\u00e1mol\u00f3 a 2023-as v\u00e1rosi \u00fasz\u00f3versenyr\u0151l"},"content":{"rendered":"\n<p>Iskol\u00e1nk nagy l\u00e9tsz\u00e1mmal \u00e9s szinte minden korcsoportban k\u00e9pviseltette mag\u00e1t az id\u00e9n j\u00fanius 6.-\u00e1n megtartott versenyen. A verseny \u00fagy mint a tavalyi \u00e9vben id\u00e9n is \u00e9remes\u0151vel z\u00e1rult iskol\u00e1nk tanul\u00f3i sz\u00e1m\u00e1ra.<\/p>\n\n\n\n<figure class=\"wp-block-image size-large\"><img loading=\"lazy\" decoding=\"async\" width=\"1024\" height=\"768\" src=\"https:\/\/szent-erzsebet.hu\/gimnazium\/wp-content\/uploads\/sites\/5\/2023\/06\/355804185_1275547476432457_803836642403261809_n-1024x768.jpg\" alt=\"\" class=\"wp-image-1926\" srcset=\"https:\/\/szent-erzsebet.hu\/gimnazium\/wp-content\/uploads\/sites\/5\/2023\/06\/355804185_1275547476432457_803836642403261809_n-1024x768.jpg 1024w, https:\/\/szent-erzsebet.hu\/gimnazium\/wp-content\/uploads\/sites\/5\/2023\/06\/355804185_1275547476432457_803836642403261809_n-300x225.jpg 300w, https:\/\/szent-erzsebet.hu\/gimnazium\/wp-content\/uploads\/sites\/5\/2023\/06\/355804185_1275547476432457_803836642403261809_n-768x576.jpg 768w, https:\/\/szent-erzsebet.hu\/gimnazium\/wp-content\/uploads\/sites\/5\/2023\/06\/355804185_1275547476432457_803836642403261809_n-1536x1152.jpg 1536w, https:\/\/szent-erzsebet.hu\/gimnazium\/wp-content\/uploads\/sites\/5\/2023\/06\/355804185_1275547476432457_803836642403261809_n.jpg 2040w\" sizes=\"auto, (max-width: 1024px) 100vw, 1024px\" \/><\/figure>\n\n\n\n<p>Az eredm\u00e9nyek a k\u00f6vetkez\u0151 k\u00e9ppen alakultak:<\/p>\n\n\n\n<p><strong>H\u00e1t\u00fasz\u00e1s<\/strong> Csizi Marianne 3., Jank\u00f3 N\u00f3ra 2.<\/p>\n\n\n\n<p>Nagy Tam\u00e1s 1., Remetei Zsomror2.<\/p>\n\n\n\n<p>Berczeli Eszter1. , Szalkay Zsuzsanna2.<\/p>\n\n\n\n<p><strong>Mell\u00fasz\u00e1s: <\/strong>Szalkai L\u00e1szl\u00f3 2. ,Nagy Tam\u00e1s1. ,Remetei Zsombor3. ,Petovics Ambrus2.<\/p>\n\n\n\n<p>Per\u00e9dy S\u00e1ra1. ,Berczeli Eszter2.<\/p>\n\n\n\n<p><strong>Gyors\u00fasz\u00e1s<\/strong>:&nbsp; Szalkay l\u00e1szl\u00f32. ,Csizi Marianne3.<\/p>\n\n\n\n<p>Nagy Tam\u00e1s, 1. ,Remetei Zsombor2. ,<\/p>\n\n\n\n<p>Szalkay Zsuzsanna, 1. ,Berczeli Eszter2.<\/p>\n\n\n\n<p><strong>Pillang\u00fasz\u00e1s:<\/strong> Csizi Marianne2. ,Nagy Tam\u00e1s1. , Remetei Zsombor2.<\/p>\n\n\n\n<p>Szalaky Zsuzsanna 1. ,P\u00f6rs\u00f6k Anna 3.<\/p>\n\n\n\n<p><strong>V\u00e1lt\u00f3: <\/strong>Sallai Enik\u0151, Szalkay Zsuzsanna, P\u00f6rs\u00f6k Anna, Berczeli Eszter 2.<\/p>\n\n\n\n<p><strong>H\u00e1t\u00fasz\u00e1s: <\/strong>Holop Gell\u00e9rt1. ,Z\u00e1mb\u00f3 Liza3.<\/p>\n\n\n\n<p>Czibula M\u00e1ty\u00e1s2. ,P\u00f6rs\u00f6k Mih\u00e1ly3.<\/p>\n\n\n\n<p>Szab\u00f3 Mih\u00e1ly 2. ,Sz\u00e1z Zs\u00f3ka2.<\/p>\n\n\n\n<p><strong>Mell\u00fasz\u00e1<\/strong>s:Lest\u00e1k D\u00e1niel 1. ,Lest\u00e1k G\u00e1bor2. ,Berka Botond 3.<\/p>\n\n\n\n<p>Z\u00e1mb\u00f3 Liza 1. ,Vas Vir\u00e1g 3.<\/p>\n\n\n\n<p>Kov\u00e1cs Noel 1. ,Cser\u00e9p Bende 3. ,Per\u00e9dy N\u00f3ra 1.<\/p>\n\n\n\n<p>Szab\u00f3 Mih\u00e1ly 1 ,Lest\u00e1k Eszter 1.<\/p>\n\n\n\n<p><strong>Gyors\u00fasz\u00e1s .<\/strong>Czibula Bertalan 1. ,Lest\u00e1k D\u00e1niel 3.<\/p>\n\n\n\n<p>Kov\u00e1cs Noel 2. ,Miszlai M\u00edra 2<\/p>\n\n\n\n<p>Szab\u00f3 Mih\u00e1ly 2. ,Sz\u00e1z Zs\u00f3ka2.<\/p>\n\n\n\n<p>Czibula Bertalan 2. ,Lest\u00e1k G\u00e1bor3.<\/p>\n\n\n\n<p>Vas Vir\u00e1g 2. ,Z\u00e1mb\u00f3 Liza 3.<\/p>\n\n\n\n<p>Kov\u00e1cs Noel 2., Miszlai M\u00edra2.<\/p>\n\n\n\n<p>Szab\u00f3 Mih\u00e1ly3. ,Lest\u00e1k Eszter 2.<\/p>\n\n\n\n<p><strong>V\u00e1lt\u00f3: <\/strong>Lest\u00e1k D\u00e1niel, Lest\u00e1k G\u00e1bor, Czibula Bertalan Berka Botond 1.<\/p>\n\n\n\n<p>\u00a0\u00a0\u00a0\u00a0\u00a0\u00a0\u00a0\u00a0\u00a0\u00a0 Vill\u00e1nyi Eszter, Magyar Bogl\u00e1rka, Vas Vir\u00e1g, Z\u00e1mb\u00f3 Liza 2.<\/p>\n\n\n\n<figure class=\"wp-block-image size-large\"><img loading=\"lazy\" decoding=\"async\" width=\"1024\" height=\"768\" src=\"https:\/\/szent-erzsebet.hu\/gimnazium\/wp-content\/uploads\/sites\/5\/2023\/06\/355792546_794244842314509_2690165870969227219_n-1024x768.jpg\" alt=\"\" class=\"wp-image-1927\" srcset=\"https:\/\/szent-erzsebet.hu\/gimnazium\/wp-content\/uploads\/sites\/5\/2023\/06\/355792546_794244842314509_2690165870969227219_n-1024x768.jpg 1024w, https:\/\/szent-erzsebet.hu\/gimnazium\/wp-content\/uploads\/sites\/5\/2023\/06\/355792546_794244842314509_2690165870969227219_n-300x225.jpg 300w, https:\/\/szent-erzsebet.hu\/gimnazium\/wp-content\/uploads\/sites\/5\/2023\/06\/355792546_794244842314509_2690165870969227219_n-768x576.jpg 768w, https:\/\/szent-erzsebet.hu\/gimnazium\/wp-content\/uploads\/sites\/5\/2023\/06\/355792546_794244842314509_2690165870969227219_n-1536x1152.jpg 1536w, https:\/\/szent-erzsebet.hu\/gimnazium\/wp-content\/uploads\/sites\/5\/2023\/06\/355792546_794244842314509_2690165870969227219_n.jpg 2040w\" sizes=\"auto, (max-width: 1024px) 100vw, 1024px\" \/><\/figure>\n\n\n\n<figure class=\"wp-block-image size-large\"><img loading=\"lazy\" decoding=\"async\" width=\"1024\" height=\"766\" src=\"https:\/\/szent-erzsebet.hu\/gimnazium\/wp-content\/uploads\/sites\/5\/2023\/06\/355943621_1652326098612787_3224533718323345935_n-1024x766.jpg\" alt=\"\" class=\"wp-image-1928\" srcset=\"https:\/\/szent-erzsebet.hu\/gimnazium\/wp-content\/uploads\/sites\/5\/2023\/06\/355943621_1652326098612787_3224533718323345935_n-1024x766.jpg 1024w, https:\/\/szent-erzsebet.hu\/gimnazium\/wp-content\/uploads\/sites\/5\/2023\/06\/355943621_1652326098612787_3224533718323345935_n-300x224.jpg 300w, https:\/\/szent-erzsebet.hu\/gimnazium\/wp-content\/uploads\/sites\/5\/2023\/06\/355943621_1652326098612787_3224533718323345935_n-768x574.jpg 768w, https:\/\/szent-erzsebet.hu\/gimnazium\/wp-content\/uploads\/sites\/5\/2023\/06\/355943621_1652326098612787_3224533718323345935_n-1536x1149.jpg 1536w, https:\/\/szent-erzsebet.hu\/gimnazium\/wp-content\/uploads\/sites\/5\/2023\/06\/355943621_1652326098612787_3224533718323345935_n.jpg 2000w\" sizes=\"auto, (max-width: 1024px) 100vw, 1024px\" \/><\/figure>\n\n\n\n<figure class=\"wp-block-image size-large\"><img loading=\"lazy\" decoding=\"async\" width=\"1024\" height=\"768\" src=\"https:\/\/szent-erzsebet.hu\/gimnazium\/wp-content\/uploads\/sites\/5\/2023\/06\/356186193_223069277325107_6743977011972992099_n-1024x768.jpg\" alt=\"\" class=\"wp-image-1929\" srcset=\"https:\/\/szent-erzsebet.hu\/gimnazium\/wp-content\/uploads\/sites\/5\/2023\/06\/356186193_223069277325107_6743977011972992099_n-1024x768.jpg 1024w, https:\/\/szent-erzsebet.hu\/gimnazium\/wp-content\/uploads\/sites\/5\/2023\/06\/356186193_223069277325107_6743977011972992099_n-300x225.jpg 300w, https:\/\/szent-erzsebet.hu\/gimnazium\/wp-content\/uploads\/sites\/5\/2023\/06\/356186193_223069277325107_6743977011972992099_n-768x576.jpg 768w, https:\/\/szent-erzsebet.hu\/gimnazium\/wp-content\/uploads\/sites\/5\/2023\/06\/356186193_223069277325107_6743977011972992099_n-1536x1152.jpg 1536w, https:\/\/szent-erzsebet.hu\/gimnazium\/wp-content\/uploads\/sites\/5\/2023\/06\/356186193_223069277325107_6743977011972992099_n.jpg 2040w\" sizes=\"auto, (max-width: 1024px) 100vw, 1024px\" \/><\/figure>\n\n\n\n<p><strong>Gratul\u00e1lunk minden versenyz\u0151nknek \u00e9s tov\u00e1bbi sportsikereket k\u00edv\u00e1nunk!<\/strong><\/p>\n","protected":false},"excerpt":{"rendered":"<p>Iskol\u00e1nk nagy l\u00e9tsz\u00e1mmal \u00e9s szinte minden korcsoportban k\u00e9pviseltette mag\u00e1t az id\u00e9n j\u00fanius 6.-\u00e1n megtartott versenyen. A verseny \u00fagy mint a tavalyi \u00e9vben id\u00e9n is \u00e9remes\u0151vel z\u00e1rult iskol\u00e1nk tanul\u00f3i sz\u00e1m\u00e1ra. Az eredm\u00e9nyek a k\u00f6vetkez\u0151 k\u00e9ppen&#46;&#46;&#46;<\/p>\n","protected":false},"author":1,"featured_media":1926,"comment_status":"open","ping_status":"open","sticky":false,"template":"","format":"standard","meta":{"footnotes":"","_links_to":"","_links_to_target":""},"categories":[3],"tags":[],"class_list":["post-1925","post","type-post","status-publish","format-standard","has-post-thumbnail","hentry","category-hirek"],"_links":{"self":[{"href":"https:\/\/szent-erzsebet.hu\/gimnazium\/wp-json\/wp\/v2\/posts\/1925","targetHints":{"allow":["GET"]}}],"collection":[{"href":"https:\/\/szent-erzsebet.hu\/gimnazium\/wp-json\/wp\/v2\/posts"}],"about":[{"href":"https:\/\/szent-erzsebet.hu\/gimnazium\/wp-json\/wp\/v2\/types\/post"}],"author":[{"embeddable":true,"href":"https:\/\/szent-erzsebet.hu\/gimnazium\/wp-json\/wp\/v2\/users\/1"}],"replies":[{"embeddable":true,"href":"https:\/\/szent-erzsebet.hu\/gimnazium\/wp-json\/wp\/v2\/comments?post=1925"}],"version-history":[{"count":1,"href":"https:\/\/szent-erzsebet.hu\/gimnazium\/wp-json\/wp\/v2\/posts\/1925\/revisions"}],"predecessor-version":[{"id":1930,"href":"https:\/\/szent-erzsebet.hu\/gimnazium\/wp-json\/wp\/v2\/posts\/1925\/revisions\/1930"}],"wp:featuredmedia":[{"embeddable":true,"href":"https:\/\/szent-erzsebet.hu\/gimnazium\/wp-json\/wp\/v2\/media\/1926"}],"wp:attachment":[{"href":"https:\/\/szent-erzsebet.hu\/gimnazium\/wp-json\/wp\/v2\/media?parent=1925"}],"wp:term":[{"taxonomy":"category","embeddable":true,"href":"https:\/\/szent-erzsebet.hu\/gimnazium\/wp-json\/wp\/v2\/categories?post=1925"},{"taxonomy":"post_tag","embeddable":true,"href":"https:\/\/szent-erzsebet.hu\/gimnazium\/wp-json\/wp\/v2\/tags?post=1925"}],"curies":[{"name":"wp","href":"https:\/\/api.w.org\/{rel}","templated":true}]}}