{"id":2139,"date":"2024-03-11T12:43:31","date_gmt":"2024-03-11T11:43:31","guid":{"rendered":"https:\/\/szent-erzsebet.hu\/gimnazium\/?p=2139"},"modified":"2024-03-11T12:43:33","modified_gmt":"2024-03-11T11:43:33","slug":"vivo-diakolimpia-sikerek","status":"publish","type":"post","link":"https:\/\/szent-erzsebet.hu\/gimnazium\/2024\/03\/11\/vivo-diakolimpia-sikerek\/","title":{"rendered":"Viv\u00f3 Di\u00e1kolimpia sikerek"},"content":{"rendered":"\n<p>Iskol\u00e1nk t\u00f6bb koroszt\u00e1lyban is k\u00e9pviseltette mag\u00e1t a v\u00edv\u00f3 Di\u00e1kolimpi\u00e1n, \u00e9s nagyon sz\u00e9p sikereket \u00e9rtek el di\u00e1kjaink. <\/p>\n\n\n\n<figure class=\"wp-block-image size-large\"><img loading=\"lazy\" decoding=\"async\" width=\"1024\" height=\"683\" src=\"https:\/\/szent-erzsebet.hu\/gimnazium\/wp-content\/uploads\/sites\/5\/2024\/03\/FB_IMG_1710150592654-1024x683.jpg\" alt=\"\" class=\"wp-image-2140\" srcset=\"https:\/\/szent-erzsebet.hu\/gimnazium\/wp-content\/uploads\/sites\/5\/2024\/03\/FB_IMG_1710150592654-1024x683.jpg 1024w, https:\/\/szent-erzsebet.hu\/gimnazium\/wp-content\/uploads\/sites\/5\/2024\/03\/FB_IMG_1710150592654-300x200.jpg 300w, https:\/\/szent-erzsebet.hu\/gimnazium\/wp-content\/uploads\/sites\/5\/2024\/03\/FB_IMG_1710150592654-768x512.jpg 768w, https:\/\/szent-erzsebet.hu\/gimnazium\/wp-content\/uploads\/sites\/5\/2024\/03\/FB_IMG_1710150592654.jpg 1080w\" sizes=\"auto, (max-width: 1024px) 100vw, 1024px\" \/><\/figure>\n\n\n\n<p>Ocsk\u00f3 Lili\u00e1na VI. korcsoport kard A kateg\u00f3ri\u00e1ban 2. helyen, Iv\u00e1nyi Hanga I. kcs. p\u00e1rbajt\u0151r B kat. 3. helyen, Nagy Anna II. kcs. p\u00e1rbajt\u0151r B kat. 2. helyen, az V. korcsoportos fi\u00fa p\u00e1rbajt\u0151r csapat\u00a0(Cserm\u00e1k Gergely, De\u00e1k Andr\u00e1s, Kemp Bal\u00e1zs, Nagy Levente) A kat. 3. helyen, a II. kcs. le\u00e1ny p\u00e1rbajt\u0151r csapat (D\u00e1vid Johanna, Iv\u00e1nyi Hanga, Nagy Anna, R\u00e1cz Rozi Izabella) pedig a 4. helyen v\u00e9gzett. <\/p>\n\n\n\n<figure class=\"wp-block-image size-large\"><img loading=\"lazy\" decoding=\"async\" width=\"1024\" height=\"683\" src=\"https:\/\/szent-erzsebet.hu\/gimnazium\/wp-content\/uploads\/sites\/5\/2024\/03\/FB_IMG_1702897410537-1024x683.jpg\" alt=\"\" class=\"wp-image-2141\" srcset=\"https:\/\/szent-erzsebet.hu\/gimnazium\/wp-content\/uploads\/sites\/5\/2024\/03\/FB_IMG_1702897410537-1024x683.jpg 1024w, https:\/\/szent-erzsebet.hu\/gimnazium\/wp-content\/uploads\/sites\/5\/2024\/03\/FB_IMG_1702897410537-300x200.jpg 300w, https:\/\/szent-erzsebet.hu\/gimnazium\/wp-content\/uploads\/sites\/5\/2024\/03\/FB_IMG_1702897410537-768x512.jpg 768w, https:\/\/szent-erzsebet.hu\/gimnazium\/wp-content\/uploads\/sites\/5\/2024\/03\/FB_IMG_1702897410537.jpg 1080w\" sizes=\"auto, (max-width: 1024px) 100vw, 1024px\" \/><\/figure>\n\n\n\n<figure class=\"wp-block-image size-large\"><img loading=\"lazy\" decoding=\"async\" width=\"1024\" height=\"683\" src=\"https:\/\/szent-erzsebet.hu\/gimnazium\/wp-content\/uploads\/sites\/5\/2024\/03\/FB_IMG_1710150988715-1024x683.jpg\" alt=\"\" class=\"wp-image-2142\" srcset=\"https:\/\/szent-erzsebet.hu\/gimnazium\/wp-content\/uploads\/sites\/5\/2024\/03\/FB_IMG_1710150988715-1024x683.jpg 1024w, https:\/\/szent-erzsebet.hu\/gimnazium\/wp-content\/uploads\/sites\/5\/2024\/03\/FB_IMG_1710150988715-300x200.jpg 300w, https:\/\/szent-erzsebet.hu\/gimnazium\/wp-content\/uploads\/sites\/5\/2024\/03\/FB_IMG_1710150988715-768x512.jpg 768w, https:\/\/szent-erzsebet.hu\/gimnazium\/wp-content\/uploads\/sites\/5\/2024\/03\/FB_IMG_1710150988715.jpg 1080w\" sizes=\"auto, (max-width: 1024px) 100vw, 1024px\" \/><\/figure>\n\n\n\n<p>Gratul\u00e1lunk a sz\u00e9p eredm\u00e9nyekhez!<\/p>\n","protected":false},"excerpt":{"rendered":"<p>Iskol\u00e1nk t\u00f6bb koroszt\u00e1lyban is k\u00e9pviseltette mag\u00e1t a v\u00edv\u00f3 Di\u00e1kolimpi\u00e1n, \u00e9s nagyon sz\u00e9p sikereket \u00e9rtek el di\u00e1kjaink. Ocsk\u00f3 Lili\u00e1na VI. korcsoport kard A kateg\u00f3ri\u00e1ban 2. helyen, Iv\u00e1nyi Hanga I. kcs. p\u00e1rbajt\u0151r B kat. 3. helyen,&#46;&#46;&#46;<\/p>\n","protected":false},"author":1,"featured_media":2140,"comment_status":"open","ping_status":"open","sticky":false,"template":"","format":"standard","meta":{"footnotes":"","_links_to":"","_links_to_target":""},"categories":[3],"tags":[],"class_list":["post-2139","post","type-post","status-publish","format-standard","has-post-thumbnail","hentry","category-hirek"],"_links":{"self":[{"href":"https:\/\/szent-erzsebet.hu\/gimnazium\/wp-json\/wp\/v2\/posts\/2139","targetHints":{"allow":["GET"]}}],"collection":[{"href":"https:\/\/szent-erzsebet.hu\/gimnazium\/wp-json\/wp\/v2\/posts"}],"about":[{"href":"https:\/\/szent-erzsebet.hu\/gimnazium\/wp-json\/wp\/v2\/types\/post"}],"author":[{"embeddable":true,"href":"https:\/\/szent-erzsebet.hu\/gimnazium\/wp-json\/wp\/v2\/users\/1"}],"replies":[{"embeddable":true,"href":"https:\/\/szent-erzsebet.hu\/gimnazium\/wp-json\/wp\/v2\/comments?post=2139"}],"version-history":[{"count":1,"href":"https:\/\/szent-erzsebet.hu\/gimnazium\/wp-json\/wp\/v2\/posts\/2139\/revisions"}],"predecessor-version":[{"id":2143,"href":"https:\/\/szent-erzsebet.hu\/gimnazium\/wp-json\/wp\/v2\/posts\/2139\/revisions\/2143"}],"wp:featuredmedia":[{"embeddable":true,"href":"https:\/\/szent-erzsebet.hu\/gimnazium\/wp-json\/wp\/v2\/media\/2140"}],"wp:attachment":[{"href":"https:\/\/szent-erzsebet.hu\/gimnazium\/wp-json\/wp\/v2\/media?parent=2139"}],"wp:term":[{"taxonomy":"category","embeddable":true,"href":"https:\/\/szent-erzsebet.hu\/gimnazium\/wp-json\/wp\/v2\/categories?post=2139"},{"taxonomy":"post_tag","embeddable":true,"href":"https:\/\/szent-erzsebet.hu\/gimnazium\/wp-json\/wp\/v2\/tags?post=2139"}],"curies":[{"name":"wp","href":"https:\/\/api.w.org\/{rel}","templated":true}]}}