{"id":2200,"date":"2024-06-05T14:21:16","date_gmt":"2024-06-05T13:21:16","guid":{"rendered":"https:\/\/szent-erzsebet.hu\/gimnazium\/?p=2200"},"modified":"2024-06-05T14:21:18","modified_gmt":"2024-06-05T13:21:18","slug":"beszamolo-a-katolikus-iskolak-diak-sportszovetsegenek-31-kids-kupa-orszagos-versenyerol","status":"publish","type":"post","link":"https:\/\/szent-erzsebet.hu\/gimnazium\/2024\/06\/05\/beszamolo-a-katolikus-iskolak-diak-sportszovetsegenek-31-kids-kupa-orszagos-versenyerol\/","title":{"rendered":"Besz\u00e1mol\u00f3 a Katolikus Iskol\u00e1k Di\u00e1k Sportsz\u00f6vets\u00e9g\u00e9nek 31. KIDS Kupa orsz\u00e1gos verseny\u00e9r\u0151l!"},"content":{"rendered":"\n<p>Iskol\u00e1nk IV. korcsoportos fiai kos\u00e1rlabda sport\u00e1gban a Katolikus Iskol\u00e1k Di\u00e1k Sportsz\u00f6vets\u00e9g\u00e9nek 31. KIDS Kupa orsz\u00e1gos verseny\u00e9n vettek r\u00e9szt, 2024. 05. 31-\u00e9n (p\u00e9nteken) Budapesten a Piarista Gimn\u00e1ziumban.<\/p>\n\n\n\n<figure class=\"wp-block-image size-large\"><img loading=\"lazy\" decoding=\"async\" width=\"1024\" height=\"783\" src=\"https:\/\/szent-erzsebet.hu\/gimnazium\/wp-content\/uploads\/sites\/5\/2024\/06\/IMG_20240531_165052-1024x783.jpg\" alt=\"\" class=\"wp-image-2201\" srcset=\"https:\/\/szent-erzsebet.hu\/gimnazium\/wp-content\/uploads\/sites\/5\/2024\/06\/IMG_20240531_165052-1024x783.jpg 1024w, https:\/\/szent-erzsebet.hu\/gimnazium\/wp-content\/uploads\/sites\/5\/2024\/06\/IMG_20240531_165052-300x229.jpg 300w, https:\/\/szent-erzsebet.hu\/gimnazium\/wp-content\/uploads\/sites\/5\/2024\/06\/IMG_20240531_165052-768x587.jpg 768w, https:\/\/szent-erzsebet.hu\/gimnazium\/wp-content\/uploads\/sites\/5\/2024\/06\/IMG_20240531_165052-1536x1175.jpg 1536w, https:\/\/szent-erzsebet.hu\/gimnazium\/wp-content\/uploads\/sites\/5\/2024\/06\/IMG_20240531_165052-2048x1566.jpg 2048w\" sizes=\"auto, (max-width: 1024px) 100vw, 1024px\" \/><\/figure>\n\n\n\n<p>Csapatunk az \u201eA\u201d csoportba ker\u00fclt.<\/p>\n\n\n\n<p>A torn\u00e1n a k\u00f6vetkez\u0151 csapatok vettek r\u00e9szt:<\/p>\n\n\n\n<p>A csoport:<\/p>\n\n\n\n<p>1.Budai Ciszterci Szent Imre Gimn\u00e1zium \u2013 BUDAPEST,<\/p>\n\n\n\n<p>2.\u00c1rp\u00e1d-h\u00e1zi Szent Erzs\u00e9bet K\u00f6z\u00e9piskola \u2013 ESZTERGOM,<\/p>\n\n\n\n<p>3.Dugonics Andr\u00e1s Piarista Gimn\u00e1zium \u2013 SZEGED,<\/p>\n\n\n\n<p>B csoport:<\/p>\n\n\n\n<p>1.Szent Imre Katolikus \u00c1ltal\u00e1nos Iskola \u00e9s \u00d3voda \u2013 G\u00d6D\u00d6LL\u0150,<\/p>\n\n\n\n<p>2.Temesv\u00e1ri Pelb\u00e1rt Ferences Gimn\u00e1zium \u00e9s Koll\u00e9gium \u2013 ESZTERGOM,<\/p>\n\n\n\n<p>3.Piarista Gimn\u00e1zium \u2013 BUDAPEST,<\/p>\n\n\n\n<p>Az Id\u0151rend:<\/p>\n\n\n\n<figure class=\"wp-block-table\"><table><tbody><tr><td><\/td><td><strong><em>p\u00e9ntek<\/em><\/strong><\/td><td><strong><em>1. p\u00e1lya<\/em><\/strong><\/td><\/tr><tr><td><strong><em>1<\/em><\/strong><\/td><td><strong><em>9-9.45<\/em><\/strong><\/td><td><strong><em>A1-A2<\/em><\/strong><\/td><\/tr><tr><td><strong><em>2<\/em><\/strong><\/td><td><strong><em>9.45-10.30<\/em><\/strong><\/td><td><strong><em>B1-B2<\/em><\/strong><\/td><\/tr><tr><td><strong><em>3<\/em><\/strong><\/td><td><strong><em>10.30-11.15<\/em><\/strong><\/td><td><strong><em>A1-A3<\/em><\/strong><\/td><\/tr><tr><td><strong><em>4<\/em><\/strong><\/td><td><strong><em>11.15-12.00<\/em><\/strong><\/td><td><strong><em>B1-B3<\/em><\/strong><\/td><\/tr><tr><td><strong><em>5<\/em><\/strong><\/td><td><strong><em>12.00-12.45<\/em><\/strong><\/td><td><strong><em>A2-A3<\/em><\/strong><\/td><\/tr><tr><td><strong><em>6<\/em><\/strong><\/td><td><strong><em>12.45-13.15<\/em><\/strong><\/td><td><strong><em>B2-B3<\/em><\/strong><\/td><\/tr><tr><td><strong><em>7<\/em><\/strong><\/td><td><strong><em>13.30-14.15<\/em><\/strong><\/td><td><strong><em>AII-BI<\/em><\/strong><\/td><\/tr><tr><td><strong><em>8<\/em><\/strong><\/td><td><strong><em>14.15.15<\/em><\/strong><\/td><td><strong><em>AI-BII<\/em><\/strong><\/td><\/tr><tr><td><strong><em>9<\/em><\/strong><\/td><td><strong><em>15-15.45<\/em><\/strong><\/td><td><strong><em>III.hely\u00e9rt<\/em><\/strong><\/td><\/tr><tr><td><strong><em>10<\/em><\/strong><\/td><td><strong><em>15.45-16.30<\/em><\/strong><\/td><td><strong><em>D\u00f6nt\u0151<\/em><\/strong><\/td><\/tr><\/tbody><\/table><\/figure>\n\n\n\n<p>Az id\u0151rend nagyon szoros volt, l\u00e1that\u00f3, hogy bemeleg\u00edt\u00e9sre, pihen\u00e9sre sem hagytak id\u0151t a szervez\u0151k, ha valamely csapat az ut\u00e1na k\u00f6vetkez\u0151 meccset is j\u00e1tszotta, fordulnia kellett \u00e9s m\u00e1ris egy m\u00e1sik csapat ellen kellett j\u00e1tszania. \u00cdgy term\u00e9szetes volt a cs\u00fasz\u00e1s, egy p\u00e1ly\u00e1n j\u00e1tszattak hat csapatot, \u00fagy, hogy a csoportb\u00f3l az els\u0151 k\u00e9t csapat, aki tov\u00e1bbjutott, n\u00e9gy meccset kellett, hogy lej\u00e1tszon!<\/p>\n\n\n\n<figure class=\"wp-block-image size-large\"><img loading=\"lazy\" decoding=\"async\" width=\"1024\" height=\"815\" src=\"https:\/\/szent-erzsebet.hu\/gimnazium\/wp-content\/uploads\/sites\/5\/2024\/06\/IMG_20240531_145724-1024x815.jpg\" alt=\"\" class=\"wp-image-2202\" srcset=\"https:\/\/szent-erzsebet.hu\/gimnazium\/wp-content\/uploads\/sites\/5\/2024\/06\/IMG_20240531_145724-1024x815.jpg 1024w, https:\/\/szent-erzsebet.hu\/gimnazium\/wp-content\/uploads\/sites\/5\/2024\/06\/IMG_20240531_145724-300x239.jpg 300w, https:\/\/szent-erzsebet.hu\/gimnazium\/wp-content\/uploads\/sites\/5\/2024\/06\/IMG_20240531_145724-768x612.jpg 768w, https:\/\/szent-erzsebet.hu\/gimnazium\/wp-content\/uploads\/sites\/5\/2024\/06\/IMG_20240531_145724-1536x1223.jpg 1536w, https:\/\/szent-erzsebet.hu\/gimnazium\/wp-content\/uploads\/sites\/5\/2024\/06\/IMG_20240531_145724-2048x1631.jpg 2048w\" sizes=\"auto, (max-width: 1024px) 100vw, 1024px\" \/><\/figure>\n\n\n\n<p>9:00-kor kezdt\u00fck az els\u0151 m\u00e9rk\u0151z\u00e9st a Budai Ciszterci Szent Imre Gimn\u00e1ziummal, az els\u0151 akad\u00e1lyt sikeresen vett\u00fck 29:24-re nyert\u00fcnk, majd k\u00e9t\u00f3r\u00e1s pihen\u0151vel j\u00e1tszottuk a k\u00f6vetkez\u0151 meccs\u00fcnket, ami nagyon j\u00f3l j\u00f6tt, ugyanis sz\u00fcks\u00e9g volt a nagy\u00e1gy\u00fak folyamatos j\u00e1t\u00e9k\u00e1ra, amiben meglehet\u0151sen el is f\u00e1radtak. Gondolok itt, Ily\u00e9s Iv\u00e1n Mih\u00e1ly 8.A, Nagy Levente 9.Ny, \u00e9s Horv\u00e1th L\u00e1szl\u00f3 8.A j\u00e1t\u00e9k\u00e1ra. \u0150k dobt\u00e1k a pontokat \u00e9s n\u00e9lk\u00fcl\u00fck nem tudtunk volna nyerni.<\/p>\n\n\n\n<figure class=\"wp-block-image size-large\"><img loading=\"lazy\" decoding=\"async\" width=\"1024\" height=\"732\" src=\"https:\/\/szent-erzsebet.hu\/gimnazium\/wp-content\/uploads\/sites\/5\/2024\/06\/IMG_20240531_145746-1024x732.jpg\" alt=\"\" class=\"wp-image-2203\" srcset=\"https:\/\/szent-erzsebet.hu\/gimnazium\/wp-content\/uploads\/sites\/5\/2024\/06\/IMG_20240531_145746-1024x732.jpg 1024w, https:\/\/szent-erzsebet.hu\/gimnazium\/wp-content\/uploads\/sites\/5\/2024\/06\/IMG_20240531_145746-300x215.jpg 300w, https:\/\/szent-erzsebet.hu\/gimnazium\/wp-content\/uploads\/sites\/5\/2024\/06\/IMG_20240531_145746-768x549.jpg 768w, https:\/\/szent-erzsebet.hu\/gimnazium\/wp-content\/uploads\/sites\/5\/2024\/06\/IMG_20240531_145746-1536x1099.jpg 1536w, https:\/\/szent-erzsebet.hu\/gimnazium\/wp-content\/uploads\/sites\/5\/2024\/06\/IMG_20240531_145746-2048x1465.jpg 2048w\" sizes=\"auto, (max-width: 1024px) 100vw, 1024px\" \/><\/figure>\n\n\n\n<p>A k\u00f6vetkez\u0151 ellenf\u00e9l a Dugonics Andr\u00e1s Piarista Gimn\u00e1zium csapata volt, egy nagyon lelkes \u00e9s hajt\u00f3s csapat, l\u00e1ttuk a kor\u00e1bbi meccs\u00fcket. Noha csak hatan voltak, mindent elk\u00f6vettek a siker\u00e9rt itt m\u00e1r tudtam j\u00e1tszatni a m\u00e1sodik sorunkat is ezt 36 19-re hoztuk.<\/p>\n\n\n\n<p>Ezt k\u00f6vet\u0151en beker\u00fclt\u00fcnk a n\u00e9gyes d\u00f6nt\u0151be, ahol a \u201eB\u201d csoport m\u00e1sodik helyezettj\u00e9vel kellett j\u00e1tszanunk, ez a Piarista Gimn\u00e1zium, a h\u00e1zigazda csapata volt. Itt m\u00e1r nagyon l\u00e1tszott az olmos f\u00e1radts\u00e1g a h\u00faz\u00f3 embereken.<\/p>\n\n\n\n<figure class=\"wp-block-image size-large\"><img loading=\"lazy\" decoding=\"async\" width=\"1024\" height=\"731\" src=\"https:\/\/szent-erzsebet.hu\/gimnazium\/wp-content\/uploads\/sites\/5\/2024\/06\/IMG_20240531_145733-1024x731.jpg\" alt=\"\" class=\"wp-image-2204\" srcset=\"https:\/\/szent-erzsebet.hu\/gimnazium\/wp-content\/uploads\/sites\/5\/2024\/06\/IMG_20240531_145733-1024x731.jpg 1024w, https:\/\/szent-erzsebet.hu\/gimnazium\/wp-content\/uploads\/sites\/5\/2024\/06\/IMG_20240531_145733-300x214.jpg 300w, https:\/\/szent-erzsebet.hu\/gimnazium\/wp-content\/uploads\/sites\/5\/2024\/06\/IMG_20240531_145733-768x548.jpg 768w, https:\/\/szent-erzsebet.hu\/gimnazium\/wp-content\/uploads\/sites\/5\/2024\/06\/IMG_20240531_145733-1536x1097.jpg 1536w, https:\/\/szent-erzsebet.hu\/gimnazium\/wp-content\/uploads\/sites\/5\/2024\/06\/IMG_20240531_145733-2048x1462.jpg 2048w\" sizes=\"auto, (max-width: 1024px) 100vw, 1024px\" \/><\/figure>\n\n\n\n<p>A m\u00e1sodik f\u00e9lid\u0151ben l\u00e1tva a biztos veres\u00e9get a m\u00e1sodik sort is felvittem, hogy n\u00e9mi pihen\u00e9st biztos\u00edtsak a bronz m\u00e9rk\u0151z\u00e9s el\u0151tt a csapat ponter\u0151s j\u00e1t\u00e9kosainak, \u00e9s itt j\u00f6tt el az a pillanat amikor a m\u00e9rk\u0151z\u00e9s v\u00e9g\u00e9n a m\u00e1r holt f\u00e1radt csapatnak le sem kellett j\u00f6nnie a p\u00e1ly\u00e1r\u00f3l, mert egyb\u0151l kezd\u0151d\u00f6tt a bronz meccs azzal a csapattal, akiket az els\u0151 m\u00e9rk\u0151z\u00e9sen m\u00e1r megvert\u00fcnk.<\/p>\n\n\n\n<figure class=\"wp-block-image size-large\"><img loading=\"lazy\" decoding=\"async\" width=\"1024\" height=\"737\" src=\"https:\/\/szent-erzsebet.hu\/gimnazium\/wp-content\/uploads\/sites\/5\/2024\/06\/IMG_20240531_130929-1024x737.jpg\" alt=\"\" class=\"wp-image-2205\" srcset=\"https:\/\/szent-erzsebet.hu\/gimnazium\/wp-content\/uploads\/sites\/5\/2024\/06\/IMG_20240531_130929-1024x737.jpg 1024w, https:\/\/szent-erzsebet.hu\/gimnazium\/wp-content\/uploads\/sites\/5\/2024\/06\/IMG_20240531_130929-300x216.jpg 300w, https:\/\/szent-erzsebet.hu\/gimnazium\/wp-content\/uploads\/sites\/5\/2024\/06\/IMG_20240531_130929-768x553.jpg 768w, https:\/\/szent-erzsebet.hu\/gimnazium\/wp-content\/uploads\/sites\/5\/2024\/06\/IMG_20240531_130929-1536x1105.jpg 1536w, https:\/\/szent-erzsebet.hu\/gimnazium\/wp-content\/uploads\/sites\/5\/2024\/06\/IMG_20240531_130929-2048x1473.jpg 2048w\" sizes=\"auto, (max-width: 1024px) 100vw, 1024px\" \/><\/figure>\n\n\n\n<p>Sajnos nem tudtunk felp\u00f6r\u00f6gni, imm\u00e1r negyedszer! Sim\u00e1n kikaptunk, egy nagyon f\u00e1radt \u00e9s szomor\u00fa csapatk\u00e9nt indultunk haza, amilyen j\u00f3l kezd\u0151d\u00f6tt sz\u00e1munkra a torna, most annyira nem tudtunk megb\u00e9k\u00e9lni a helyzettel. \u00dagy \u00e9rezt\u00fck, hogy kilopt\u00e1k a sajtot a sz\u00e1nkb\u00f3l. A d\u00f6nt\u0151 m\u00e9rk\u0151z\u00e9s\u00e9t meg sem v\u00e1rva elindultunk a p\u00e1lyaudvarra, mert az utols\u00f3 m\u00e9rk\u0151z\u00e9s m\u00e1r nagyon k\u00e9s\u0151n kezd\u0151d\u00f6tt, a Franka j\u00e1tszott m\u00e1sodszor a Piarist\u00e1kkal!<\/p>\n\n\n\n<figure class=\"wp-block-image size-large\"><img loading=\"lazy\" decoding=\"async\" width=\"1024\" height=\"874\" src=\"https:\/\/szent-erzsebet.hu\/gimnazium\/wp-content\/uploads\/sites\/5\/2024\/06\/IMG_20240531_130846-1024x874.jpg\" alt=\"\" class=\"wp-image-2206\" srcset=\"https:\/\/szent-erzsebet.hu\/gimnazium\/wp-content\/uploads\/sites\/5\/2024\/06\/IMG_20240531_130846-1024x874.jpg 1024w, https:\/\/szent-erzsebet.hu\/gimnazium\/wp-content\/uploads\/sites\/5\/2024\/06\/IMG_20240531_130846-300x256.jpg 300w, https:\/\/szent-erzsebet.hu\/gimnazium\/wp-content\/uploads\/sites\/5\/2024\/06\/IMG_20240531_130846-768x655.jpg 768w, https:\/\/szent-erzsebet.hu\/gimnazium\/wp-content\/uploads\/sites\/5\/2024\/06\/IMG_20240531_130846-1536x1311.jpg 1536w, https:\/\/szent-erzsebet.hu\/gimnazium\/wp-content\/uploads\/sites\/5\/2024\/06\/IMG_20240531_130846-2048x1747.jpg 2048w\" sizes=\"auto, (max-width: 1024px) 100vw, 1024px\" \/><\/figure>\n\n\n\n<p>A fi\u00faknak remek helyt\u00e1ll\u00e1suk\u00e9rt, amivel a negyedik helyet szerezt\u00e9k meg \u0151szint\u00e9n gratul\u00e1lunk, rem\u00e9lj\u00fck, hogy j\u00f6v\u0151re m\u00e1r a dobog\u00f3ra is fell\u00e9phet\u00fcnk!<\/p>\n\n\n\n<figure class=\"wp-block-image size-large\"><img loading=\"lazy\" decoding=\"async\" width=\"1024\" height=\"968\" src=\"https:\/\/szent-erzsebet.hu\/gimnazium\/wp-content\/uploads\/sites\/5\/2024\/06\/IMG_20240531_145716-1024x968.jpg\" alt=\"\" class=\"wp-image-2207\" srcset=\"https:\/\/szent-erzsebet.hu\/gimnazium\/wp-content\/uploads\/sites\/5\/2024\/06\/IMG_20240531_145716-1024x968.jpg 1024w, https:\/\/szent-erzsebet.hu\/gimnazium\/wp-content\/uploads\/sites\/5\/2024\/06\/IMG_20240531_145716-300x284.jpg 300w, https:\/\/szent-erzsebet.hu\/gimnazium\/wp-content\/uploads\/sites\/5\/2024\/06\/IMG_20240531_145716-768x726.jpg 768w, https:\/\/szent-erzsebet.hu\/gimnazium\/wp-content\/uploads\/sites\/5\/2024\/06\/IMG_20240531_145716-1536x1452.jpg 1536w, https:\/\/szent-erzsebet.hu\/gimnazium\/wp-content\/uploads\/sites\/5\/2024\/06\/IMG_20240531_145716-2048x1936.jpg 2048w\" sizes=\"auto, (max-width: 1024px) 100vw, 1024px\" \/><\/figure>\n\n\n\n<p>Az orsz\u00e1gos torn\u00e1n r\u00e9sztvev\u0151 di\u00e1kok n\u00e9vsora:<\/p>\n\n\n\n<p>Berka Botond 6.B, Heged\u0171s \u00c1bel 6.B, Horv\u00e1th L\u00e1szl\u00f3 8.A, Mikesy M\u00e1rton 7.A, P\u00e9dl D\u00e1niel 7.A, P\u00e9dl Gergely 6.B, Rozs\u00e1r M\u00e1t\u00e9 6.A, Ily\u00e9s Iv\u00e1n Mih\u00e1ly 8.A, Nagy Levente 9.Ny, Rak\u00f3czki Bal\u00e1zs 5.B, Mezey P\u00e9ter Andr\u00e1s 5.B, Szab\u00f3 Levente Albert 9.Ny.<\/p>\n\n\n\n<p>K\u00f6sz\u00f6nettel: Farkas Istv\u00e1n!<\/p>\n","protected":false},"excerpt":{"rendered":"<p>Iskol\u00e1nk IV. korcsoportos fiai kos\u00e1rlabda sport\u00e1gban a Katolikus Iskol\u00e1k Di\u00e1k Sportsz\u00f6vets\u00e9g\u00e9nek 31. KIDS Kupa orsz\u00e1gos verseny\u00e9n vettek r\u00e9szt, 2024. 05. 31-\u00e9n (p\u00e9nteken) Budapesten a Piarista Gimn\u00e1ziumban. Csapatunk az \u201eA\u201d csoportba ker\u00fclt. A torn\u00e1n a&#46;&#46;&#46;<\/p>\n","protected":false},"author":1,"featured_media":2201,"comment_status":"open","ping_status":"open","sticky":false,"template":"","format":"standard","meta":{"footnotes":"","_links_to":"","_links_to_target":""},"categories":[3],"tags":[],"class_list":["post-2200","post","type-post","status-publish","format-standard","has-post-thumbnail","hentry","category-hirek"],"_links":{"self":[{"href":"https:\/\/szent-erzsebet.hu\/gimnazium\/wp-json\/wp\/v2\/posts\/2200","targetHints":{"allow":["GET"]}}],"collection":[{"href":"https:\/\/szent-erzsebet.hu\/gimnazium\/wp-json\/wp\/v2\/posts"}],"about":[{"href":"https:\/\/szent-erzsebet.hu\/gimnazium\/wp-json\/wp\/v2\/types\/post"}],"author":[{"embeddable":true,"href":"https:\/\/szent-erzsebet.hu\/gimnazium\/wp-json\/wp\/v2\/users\/1"}],"replies":[{"embeddable":true,"href":"https:\/\/szent-erzsebet.hu\/gimnazium\/wp-json\/wp\/v2\/comments?post=2200"}],"version-history":[{"count":1,"href":"https:\/\/szent-erzsebet.hu\/gimnazium\/wp-json\/wp\/v2\/posts\/2200\/revisions"}],"predecessor-version":[{"id":2208,"href":"https:\/\/szent-erzsebet.hu\/gimnazium\/wp-json\/wp\/v2\/posts\/2200\/revisions\/2208"}],"wp:featuredmedia":[{"embeddable":true,"href":"https:\/\/szent-erzsebet.hu\/gimnazium\/wp-json\/wp\/v2\/media\/2201"}],"wp:attachment":[{"href":"https:\/\/szent-erzsebet.hu\/gimnazium\/wp-json\/wp\/v2\/media?parent=2200"}],"wp:term":[{"taxonomy":"category","embeddable":true,"href":"https:\/\/szent-erzsebet.hu\/gimnazium\/wp-json\/wp\/v2\/categories?post=2200"},{"taxonomy":"post_tag","embeddable":true,"href":"https:\/\/szent-erzsebet.hu\/gimnazium\/wp-json\/wp\/v2\/tags?post=2200"}],"curies":[{"name":"wp","href":"https:\/\/api.w.org\/{rel}","templated":true}]}}