{"id":2546,"date":"2025-05-15T11:14:07","date_gmt":"2025-05-15T10:14:07","guid":{"rendered":"https:\/\/szent-erzsebet.hu\/gimnazium\/?p=2546"},"modified":"2025-05-15T11:14:09","modified_gmt":"2025-05-15T10:14:09","slug":"diakolimpia-mezei-orszagos-bajnoksag-2025-beszamoloja","status":"publish","type":"post","link":"https:\/\/szent-erzsebet.hu\/gimnazium\/2025\/05\/15\/diakolimpia-mezei-orszagos-bajnoksag-2025-beszamoloja\/","title":{"rendered":"Di\u00e1kolimpia Mezei Orsz\u00e1gos Bajnoks\u00e1g 2025 besz\u00e1mol\u00f3ja"},"content":{"rendered":"\n<p>2025.04.11-\u00e9n k\u00f6zel 2500 di\u00e1kolimpikon versenyzett a g\u00f6d\u00f6ll\u0151i rept\u00e9ren az MVM Mezei Fut\u00f3bajnoks\u00e1g Di\u00e1kolimpia\u00ae Orsz\u00e1gos D\u00f6nt\u0151j\u00e9n \u00f6t korcsoportban.<\/p>\n\n\n\n<p>Majdnem 47 ezer mezei fut\u00f3 nevez\u00e9st adtak le id\u00e9n a Di\u00e1kolimpi\u00e1ban, amely minden id\u0151k legmagasabb nevez\u0151i sz\u00e1ma! K\u00f6z\u00fcl\u00fck a legjobbak, k\u00f6zel 2500 f\u0151 26. alkalommal versenyzett a g\u00f6d\u00f6ll\u0151i rept\u00e9ren a bab\u00e9rkoszor\u00fak\u00e9rt \u00e9s \u00e9rmek\u00e9rt. A versenyen a II. korcsoportos, legkisebb l\u00e1nyok 1,5 km-es, a legid\u0151sebb, VI. korcsoportos fi\u00fak 4 km-es t\u00e1vot futottak.<\/p>\n\n\n\n<p>A versenyen iskol\u00e1nkat 11 f\u0151 k\u00e9pviselte.<\/p>\n\n\n\n<p>Csapatban III. \u00e9s IV. korcsoportban a l\u00e1nyok, ill. egy\u00e9niben V. korcsoportban Kov\u00e1cs Noel.<\/p>\n\n\n\n<p>Az eredm\u00e9nyek a k\u00f6vetkez\u0151k voltak<\/p>\n\n\n\n<p>III. kcs. L\u00e1ny I. hely \u00e9s Orsz\u00e1gos Di\u00e1kolompiai Bajnok a<\/p>\n\n\n\n<p>Sallai Enik\u0151, Berceli Eszter, Herczeg Eszter, P\u00f6rs\u00f6k Anna, Szalkay Zsuzsanna alkotta csapat.<\/p>\n\n\n\n<p>Siker\u00fcket 230 egy\u00e9ni indul\u00f3 k\u00f6z\u00f6tt \u00e9rt\u00e9k el, ahol 40 csapat versenyzett!<\/p>\n\n\n\n<p>IV. kcs. l\u00e1nyok VIII. hely. A csapat tagjai:<\/p>\n\n\n\n<p>Csige Lilien, Porkol\u00e1b Blanka, Vas Vir\u00e1g, Z\u00e1mb\u00f3 Liza Zs\u00f3fia<\/p>\n\n\n\n<p>\u0150k 211 r\u00e9sztvev\u0151vel versenyeztek, ahol 35 csapat \u00e1llt rajhoz.<\/p>\n\n\n\n<p>V. kcs. fi\u00fak k\u00f6z\u00f6tt Kov\u00e1cs Noel \u00e9rt el sz\u00e9p eredm\u00e9nyt \u0150 10. lett 201 egy\u00e9ni indul\u00f3b\u00f3l.<\/p>\n\n\n\n<p>A k\u00f6vetkez\u0151 Di\u00e1kolimpiai megm\u00e9rettet\u00e9s a Duatlon- \u00e9s az Aquatlon Di\u00e1kolimpia lesz. K\u00f6sz\u00f6n\u00f6m a di\u00e1kok r\u00e9szv\u00e9tel\u00e9t, hogy v\u00e1llalt\u00e1k az utaz\u00e1st a verseng\u00e9st, \u00e9s azt, hogy majd p\u00f3tolni kell az iskolai hi\u00e1nyz\u00e1st is! K\u00fcl\u00f6n k\u00f6sz\u00f6n\u00f6m a Sz\u00fcl\u0151k seg\u00edt\u0151 k\u00f6zrem\u0171k\u00f6d\u00e9s\u00e9t, \u00e9s a gyerekek felk\u00e9sz\u00edt\u00e9s\u00e9t v\u00e9gz\u0151 edz\u0151k munk\u00e1j\u00e1t.<\/p>\n\n\n\n<p>Farkas Istv\u00e1n testnevel\u0151!<\/p>\n\n\n\n<figure class=\"wp-block-image size-large\"><img loading=\"lazy\" decoding=\"async\" width=\"1024\" height=\"768\" src=\"https:\/\/szent-erzsebet.hu\/gimnazium\/wp-content\/uploads\/sites\/5\/2025\/05\/1000001030-1024x768.jpg\" alt=\"\" class=\"wp-image-2547\" srcset=\"https:\/\/szent-erzsebet.hu\/gimnazium\/wp-content\/uploads\/sites\/5\/2025\/05\/1000001030-1024x768.jpg 1024w, https:\/\/szent-erzsebet.hu\/gimnazium\/wp-content\/uploads\/sites\/5\/2025\/05\/1000001030-300x225.jpg 300w, https:\/\/szent-erzsebet.hu\/gimnazium\/wp-content\/uploads\/sites\/5\/2025\/05\/1000001030-768x576.jpg 768w, https:\/\/szent-erzsebet.hu\/gimnazium\/wp-content\/uploads\/sites\/5\/2025\/05\/1000001030-1536x1152.jpg 1536w, https:\/\/szent-erzsebet.hu\/gimnazium\/wp-content\/uploads\/sites\/5\/2025\/05\/1000001030-2048x1536.jpg 2048w\" sizes=\"auto, (max-width: 1024px) 100vw, 1024px\" \/><\/figure>\n\n\n\n<figure class=\"wp-block-image size-large\"><img loading=\"lazy\" decoding=\"async\" width=\"1024\" height=\"768\" src=\"https:\/\/szent-erzsebet.hu\/gimnazium\/wp-content\/uploads\/sites\/5\/2025\/05\/IMG_20250409_150719-1024x768.jpg\" alt=\"\" class=\"wp-image-2548\" srcset=\"https:\/\/szent-erzsebet.hu\/gimnazium\/wp-content\/uploads\/sites\/5\/2025\/05\/IMG_20250409_150719-1024x768.jpg 1024w, https:\/\/szent-erzsebet.hu\/gimnazium\/wp-content\/uploads\/sites\/5\/2025\/05\/IMG_20250409_150719-300x225.jpg 300w, https:\/\/szent-erzsebet.hu\/gimnazium\/wp-content\/uploads\/sites\/5\/2025\/05\/IMG_20250409_150719-768x576.jpg 768w, https:\/\/szent-erzsebet.hu\/gimnazium\/wp-content\/uploads\/sites\/5\/2025\/05\/IMG_20250409_150719-1536x1152.jpg 1536w, https:\/\/szent-erzsebet.hu\/gimnazium\/wp-content\/uploads\/sites\/5\/2025\/05\/IMG_20250409_150719-2048x1536.jpg 2048w\" sizes=\"auto, (max-width: 1024px) 100vw, 1024px\" \/><\/figure>\n\n\n\n<figure class=\"wp-block-image size-large\"><img loading=\"lazy\" decoding=\"async\" width=\"768\" height=\"1024\" src=\"https:\/\/szent-erzsebet.hu\/gimnazium\/wp-content\/uploads\/sites\/5\/2025\/05\/1000001050-768x1024.jpg\" alt=\"\" class=\"wp-image-2549\" srcset=\"https:\/\/szent-erzsebet.hu\/gimnazium\/wp-content\/uploads\/sites\/5\/2025\/05\/1000001050-768x1024.jpg 768w, https:\/\/szent-erzsebet.hu\/gimnazium\/wp-content\/uploads\/sites\/5\/2025\/05\/1000001050-225x300.jpg 225w, https:\/\/szent-erzsebet.hu\/gimnazium\/wp-content\/uploads\/sites\/5\/2025\/05\/1000001050-1152x1536.jpg 1152w, https:\/\/szent-erzsebet.hu\/gimnazium\/wp-content\/uploads\/sites\/5\/2025\/05\/1000001050-1536x2048.jpg 1536w, https:\/\/szent-erzsebet.hu\/gimnazium\/wp-content\/uploads\/sites\/5\/2025\/05\/1000001050-scaled.jpg 1920w\" sizes=\"auto, (max-width: 768px) 100vw, 768px\" \/><\/figure>\n\n\n\n<figure class=\"wp-block-image size-large\"><img loading=\"lazy\" decoding=\"async\" width=\"768\" height=\"1024\" src=\"https:\/\/szent-erzsebet.hu\/gimnazium\/wp-content\/uploads\/sites\/5\/2025\/05\/1000001041-768x1024.jpg\" alt=\"\" class=\"wp-image-2550\" srcset=\"https:\/\/szent-erzsebet.hu\/gimnazium\/wp-content\/uploads\/sites\/5\/2025\/05\/1000001041-768x1024.jpg 768w, https:\/\/szent-erzsebet.hu\/gimnazium\/wp-content\/uploads\/sites\/5\/2025\/05\/1000001041-225x300.jpg 225w, https:\/\/szent-erzsebet.hu\/gimnazium\/wp-content\/uploads\/sites\/5\/2025\/05\/1000001041-1152x1536.jpg 1152w, https:\/\/szent-erzsebet.hu\/gimnazium\/wp-content\/uploads\/sites\/5\/2025\/05\/1000001041-1536x2048.jpg 1536w, https:\/\/szent-erzsebet.hu\/gimnazium\/wp-content\/uploads\/sites\/5\/2025\/05\/1000001041-scaled.jpg 1920w\" sizes=\"auto, (max-width: 768px) 100vw, 768px\" \/><\/figure>\n\n\n\n<figure class=\"wp-block-image size-large\"><img loading=\"lazy\" decoding=\"async\" width=\"1024\" height=\"768\" src=\"https:\/\/szent-erzsebet.hu\/gimnazium\/wp-content\/uploads\/sites\/5\/2025\/05\/1000001031-1024x768.jpg\" alt=\"\" class=\"wp-image-2551\" srcset=\"https:\/\/szent-erzsebet.hu\/gimnazium\/wp-content\/uploads\/sites\/5\/2025\/05\/1000001031-1024x768.jpg 1024w, https:\/\/szent-erzsebet.hu\/gimnazium\/wp-content\/uploads\/sites\/5\/2025\/05\/1000001031-300x225.jpg 300w, https:\/\/szent-erzsebet.hu\/gimnazium\/wp-content\/uploads\/sites\/5\/2025\/05\/1000001031-768x576.jpg 768w, https:\/\/szent-erzsebet.hu\/gimnazium\/wp-content\/uploads\/sites\/5\/2025\/05\/1000001031-1536x1152.jpg 1536w, https:\/\/szent-erzsebet.hu\/gimnazium\/wp-content\/uploads\/sites\/5\/2025\/05\/1000001031-2048x1536.jpg 2048w\" sizes=\"auto, (max-width: 1024px) 100vw, 1024px\" \/><\/figure>\n","protected":false},"excerpt":{"rendered":"<p>2025.04.11-\u00e9n k\u00f6zel 2500 di\u00e1kolimpikon versenyzett a g\u00f6d\u00f6ll\u0151i rept\u00e9ren az MVM Mezei Fut\u00f3bajnoks\u00e1g Di\u00e1kolimpia\u00ae Orsz\u00e1gos D\u00f6nt\u0151j\u00e9n \u00f6t korcsoportban. Majdnem 47 ezer mezei fut\u00f3 nevez\u00e9st adtak le id\u00e9n a Di\u00e1kolimpi\u00e1ban, amely minden id\u0151k legmagasabb nevez\u0151i sz\u00e1ma!&#46;&#46;&#46;<\/p>\n","protected":false},"author":1,"featured_media":2548,"comment_status":"open","ping_status":"open","sticky":false,"template":"","format":"standard","meta":{"footnotes":"","_links_to":"","_links_to_target":""},"categories":[3],"tags":[],"class_list":["post-2546","post","type-post","status-publish","format-standard","has-post-thumbnail","hentry","category-hirek"],"_links":{"self":[{"href":"https:\/\/szent-erzsebet.hu\/gimnazium\/wp-json\/wp\/v2\/posts\/2546","targetHints":{"allow":["GET"]}}],"collection":[{"href":"https:\/\/szent-erzsebet.hu\/gimnazium\/wp-json\/wp\/v2\/posts"}],"about":[{"href":"https:\/\/szent-erzsebet.hu\/gimnazium\/wp-json\/wp\/v2\/types\/post"}],"author":[{"embeddable":true,"href":"https:\/\/szent-erzsebet.hu\/gimnazium\/wp-json\/wp\/v2\/users\/1"}],"replies":[{"embeddable":true,"href":"https:\/\/szent-erzsebet.hu\/gimnazium\/wp-json\/wp\/v2\/comments?post=2546"}],"version-history":[{"count":1,"href":"https:\/\/szent-erzsebet.hu\/gimnazium\/wp-json\/wp\/v2\/posts\/2546\/revisions"}],"predecessor-version":[{"id":2552,"href":"https:\/\/szent-erzsebet.hu\/gimnazium\/wp-json\/wp\/v2\/posts\/2546\/revisions\/2552"}],"wp:featuredmedia":[{"embeddable":true,"href":"https:\/\/szent-erzsebet.hu\/gimnazium\/wp-json\/wp\/v2\/media\/2548"}],"wp:attachment":[{"href":"https:\/\/szent-erzsebet.hu\/gimnazium\/wp-json\/wp\/v2\/media?parent=2546"}],"wp:term":[{"taxonomy":"category","embeddable":true,"href":"https:\/\/szent-erzsebet.hu\/gimnazium\/wp-json\/wp\/v2\/categories?post=2546"},{"taxonomy":"post_tag","embeddable":true,"href":"https:\/\/szent-erzsebet.hu\/gimnazium\/wp-json\/wp\/v2\/tags?post=2546"}],"curies":[{"name":"wp","href":"https:\/\/api.w.org\/{rel}","templated":true}]}}