{"id":2780,"date":"2025-11-18T07:50:52","date_gmt":"2025-11-18T06:50:52","guid":{"rendered":"https:\/\/szent-erzsebet.hu\/gimnazium\/?p=2780"},"modified":"2025-11-18T07:50:53","modified_gmt":"2025-11-18T06:50:53","slug":"suli-utan-is-egyutt","status":"publish","type":"post","link":"https:\/\/szent-erzsebet.hu\/gimnazium\/2025\/11\/18\/suli-utan-is-egyutt\/","title":{"rendered":"Suli ut\u00e1n is egy\u00fctt!"},"content":{"rendered":"\n<p>K\u00f6zeleg a di\u00e1kok \u00e1ltal v\u00e1rt program, a klasszikus Erzs\u00e9bet-b\u00e1l, mikor sz\u00e1zak mutatj\u00e1k meg, hogy a katolikus int\u00e9zm\u00e9nyben is van helye a buliz\u00e1snak.<\/p>\n\n\n\n<figure class=\"wp-block-image size-large is-resized\"><img loading=\"lazy\" decoding=\"async\" width=\"724\" height=\"1024\" src=\"https:\/\/szent-erzsebet.hu\/gimnazium\/wp-content\/uploads\/sites\/5\/2025\/11\/1-1-724x1024.jpg\" alt=\"\" class=\"wp-image-2781\" style=\"width:523px;height:auto\" srcset=\"https:\/\/szent-erzsebet.hu\/gimnazium\/wp-content\/uploads\/sites\/5\/2025\/11\/1-1-724x1024.jpg 724w, https:\/\/szent-erzsebet.hu\/gimnazium\/wp-content\/uploads\/sites\/5\/2025\/11\/1-1-212x300.jpg 212w, https:\/\/szent-erzsebet.hu\/gimnazium\/wp-content\/uploads\/sites\/5\/2025\/11\/1-1-768x1086.jpg 768w, https:\/\/szent-erzsebet.hu\/gimnazium\/wp-content\/uploads\/sites\/5\/2025\/11\/1-1-1086x1536.jpg 1086w, https:\/\/szent-erzsebet.hu\/gimnazium\/wp-content\/uploads\/sites\/5\/2025\/11\/1-1.jpg 1448w\" sizes=\"auto, (max-width: 724px) 100vw, 724px\" \/><\/figure>\n","protected":false},"excerpt":{"rendered":"<p>K\u00f6zeleg a di\u00e1kok \u00e1ltal v\u00e1rt program, a klasszikus Erzs\u00e9bet-b\u00e1l, mikor sz\u00e1zak mutatj\u00e1k meg, hogy a katolikus int\u00e9zm\u00e9nyben is van helye a buliz\u00e1snak.<\/p>\n","protected":false},"author":1,"featured_media":2781,"comment_status":"open","ping_status":"open","sticky":false,"template":"","format":"standard","meta":{"footnotes":"","_links_to":"","_links_to_target":""},"categories":[3],"tags":[],"class_list":["post-2780","post","type-post","status-publish","format-standard","has-post-thumbnail","hentry","category-hirek"],"_links":{"self":[{"href":"https:\/\/szent-erzsebet.hu\/gimnazium\/wp-json\/wp\/v2\/posts\/2780","targetHints":{"allow":["GET"]}}],"collection":[{"href":"https:\/\/szent-erzsebet.hu\/gimnazium\/wp-json\/wp\/v2\/posts"}],"about":[{"href":"https:\/\/szent-erzsebet.hu\/gimnazium\/wp-json\/wp\/v2\/types\/post"}],"author":[{"embeddable":true,"href":"https:\/\/szent-erzsebet.hu\/gimnazium\/wp-json\/wp\/v2\/users\/1"}],"replies":[{"embeddable":true,"href":"https:\/\/szent-erzsebet.hu\/gimnazium\/wp-json\/wp\/v2\/comments?post=2780"}],"version-history":[{"count":1,"href":"https:\/\/szent-erzsebet.hu\/gimnazium\/wp-json\/wp\/v2\/posts\/2780\/revisions"}],"predecessor-version":[{"id":2782,"href":"https:\/\/szent-erzsebet.hu\/gimnazium\/wp-json\/wp\/v2\/posts\/2780\/revisions\/2782"}],"wp:featuredmedia":[{"embeddable":true,"href":"https:\/\/szent-erzsebet.hu\/gimnazium\/wp-json\/wp\/v2\/media\/2781"}],"wp:attachment":[{"href":"https:\/\/szent-erzsebet.hu\/gimnazium\/wp-json\/wp\/v2\/media?parent=2780"}],"wp:term":[{"taxonomy":"category","embeddable":true,"href":"https:\/\/szent-erzsebet.hu\/gimnazium\/wp-json\/wp\/v2\/categories?post=2780"},{"taxonomy":"post_tag","embeddable":true,"href":"https:\/\/szent-erzsebet.hu\/gimnazium\/wp-json\/wp\/v2\/tags?post=2780"}],"curies":[{"name":"wp","href":"https:\/\/api.w.org\/{rel}","templated":true}]}}