{"id":2790,"date":"2025-11-21T12:29:04","date_gmt":"2025-11-21T11:29:04","guid":{"rendered":"https:\/\/szent-erzsebet.hu\/gimnazium\/?p=2790"},"modified":"2025-11-21T12:29:04","modified_gmt":"2025-11-21T11:29:04","slug":"a-bajnok-hazatert","status":"publish","type":"post","link":"https:\/\/szent-erzsebet.hu\/gimnazium\/2025\/11\/21\/a-bajnok-hazatert\/","title":{"rendered":"A bajnok hazat\u00e9rt"},"content":{"rendered":"\n<p>A 90 \u00e9ves P\u00e9zsa Tibor, az egyetlen esztergomi sz\u00fclet\u00e9s\u0171 olimpiai bajnok, 3x-os olimpia bronz\u00e9rmes, 2x-es vil\u00e1gbajnok, 5x-\u00f6s VB ez\u00fcst- \u00e9s 3x-os VB\u00a0bronz\u00e9rmes, 5x-\u00f6s Universiade gy\u0151ztes, 4x-es egy\u00e9ni \u00e9s 2x-es csapat orsz\u00e1gos bajnok kardv\u00edv\u00f3, mesteredz\u0151, a FIE H\u00edress\u00e9gek Csarnoka tagja, a \u201er\u00e9gi sportcsarnok\u201d n\u00e9vad\u00f3ja, Esztergom d\u00edszpolg\u00e1ra l\u00e1togatott iskol\u00e1nkba..<\/p>\n\n\n\n<p>P\u00e9zsa 1954-ben int\u00e9zm\u00e9ny\u00fcnk falai k\u00f6z\u00f6tt tett sikeres \u00e9retts\u00e9gi vizsg\u00e1t, majd 71 \u00e9v m\u00falva visszat\u00e9rt, megpihent az iskol\u00e1nk terasz\u00e1n, er\u0151t gy\u0171jtve annak a tornateremnek a k\u00f6zels\u00e9g\u00e9ben, amely ma iskol\u00e1nkban a v\u00edv\u00e1s-oktat\u00e1snak ad otthont.<\/p>\n\n\n\n<p>Forr\u00e1s \u00e9s k\u00f6sz\u00f6net:\u00a0<a href=\"https:\/\/www.facebook.com\/esztergomanno?__cft__[0]=AZVzMponEst8kF1rnqwW-VLBNJO5CUvtJRqh58bu05twbAesU_gR3ZZQPSRlhlBGi6R9-zeqdl9vGprgnQfpMOYblE1jjx5Ep6ld74MjfCH85D-lWAr_vKzv3son6iJ-12YJdfXG6m8rLAbaTP19ToOWrGImE5bjZQCVQiln-SwfFZ4dfpJpMAJNIF6rafEEsoM&amp;__tn__=-]K-R\" target=\"_blank\" rel=\"noreferrer noopener\">Esztergom Anno<\/a>\/S\u00e1rosi Attila<\/p>\n\n\n\n<figure class=\"wp-block-image size-large is-resized\"><img loading=\"lazy\" decoding=\"async\" width=\"1024\" height=\"868\" src=\"https:\/\/szent-erzsebet.hu\/gimnazium\/wp-content\/uploads\/sites\/5\/2025\/11\/2-4-1024x868.jpg\" alt=\"\" class=\"wp-image-2791\" style=\"width:472px;height:auto\" srcset=\"https:\/\/szent-erzsebet.hu\/gimnazium\/wp-content\/uploads\/sites\/5\/2025\/11\/2-4-1024x868.jpg 1024w, https:\/\/szent-erzsebet.hu\/gimnazium\/wp-content\/uploads\/sites\/5\/2025\/11\/2-4-300x254.jpg 300w, https:\/\/szent-erzsebet.hu\/gimnazium\/wp-content\/uploads\/sites\/5\/2025\/11\/2-4-768x651.jpg 768w, https:\/\/szent-erzsebet.hu\/gimnazium\/wp-content\/uploads\/sites\/5\/2025\/11\/2-4.jpg 1440w\" sizes=\"auto, (max-width: 1024px) 100vw, 1024px\" \/><\/figure>\n\n\n\n<figure class=\"wp-block-image size-large is-resized\"><img loading=\"lazy\" decoding=\"async\" width=\"768\" height=\"1024\" src=\"https:\/\/szent-erzsebet.hu\/gimnazium\/wp-content\/uploads\/sites\/5\/2025\/11\/3-2-768x1024.jpg\" alt=\"\" class=\"wp-image-2792\" style=\"width:472px;height:auto\" srcset=\"https:\/\/szent-erzsebet.hu\/gimnazium\/wp-content\/uploads\/sites\/5\/2025\/11\/3-2-768x1024.jpg 768w, https:\/\/szent-erzsebet.hu\/gimnazium\/wp-content\/uploads\/sites\/5\/2025\/11\/3-2-225x300.jpg 225w, https:\/\/szent-erzsebet.hu\/gimnazium\/wp-content\/uploads\/sites\/5\/2025\/11\/3-2.jpg 1080w\" sizes=\"auto, (max-width: 768px) 100vw, 768px\" \/><\/figure>\n\n\n\n<figure class=\"wp-block-image size-large is-resized\"><img loading=\"lazy\" decoding=\"async\" width=\"795\" height=\"1024\" src=\"https:\/\/szent-erzsebet.hu\/gimnazium\/wp-content\/uploads\/sites\/5\/2025\/11\/1-3-1-795x1024.jpg\" alt=\"\" class=\"wp-image-2793\" style=\"width:473px;height:auto\" srcset=\"https:\/\/szent-erzsebet.hu\/gimnazium\/wp-content\/uploads\/sites\/5\/2025\/11\/1-3-1-795x1024.jpg 795w, https:\/\/szent-erzsebet.hu\/gimnazium\/wp-content\/uploads\/sites\/5\/2025\/11\/1-3-1-233x300.jpg 233w, https:\/\/szent-erzsebet.hu\/gimnazium\/wp-content\/uploads\/sites\/5\/2025\/11\/1-3-1-768x989.jpg 768w, https:\/\/szent-erzsebet.hu\/gimnazium\/wp-content\/uploads\/sites\/5\/2025\/11\/1-3-1-1192x1536.jpg 1192w, https:\/\/szent-erzsebet.hu\/gimnazium\/wp-content\/uploads\/sites\/5\/2025\/11\/1-3-1.jpg 1242w\" sizes=\"auto, (max-width: 795px) 100vw, 795px\" \/><\/figure>\n","protected":false},"excerpt":{"rendered":"<p>A 90 \u00e9ves P\u00e9zsa Tibor, az egyetlen esztergomi sz\u00fclet\u00e9s\u0171 olimpiai bajnok, 3x-os olimpia bronz\u00e9rmes, 2x-es vil\u00e1gbajnok, 5x-\u00f6s VB ez\u00fcst- \u00e9s 3x-os VB\u00a0bronz\u00e9rmes, 5x-\u00f6s Universiade gy\u0151ztes, 4x-es egy\u00e9ni \u00e9s 2x-es csapat orsz\u00e1gos bajnok kardv\u00edv\u00f3, mesteredz\u0151,&#46;&#46;&#46;<\/p>\n","protected":false},"author":1,"featured_media":2793,"comment_status":"open","ping_status":"open","sticky":false,"template":"","format":"standard","meta":{"footnotes":"","_links_to":"","_links_to_target":""},"categories":[3],"tags":[],"class_list":["post-2790","post","type-post","status-publish","format-standard","has-post-thumbnail","hentry","category-hirek"],"_links":{"self":[{"href":"https:\/\/szent-erzsebet.hu\/gimnazium\/wp-json\/wp\/v2\/posts\/2790","targetHints":{"allow":["GET"]}}],"collection":[{"href":"https:\/\/szent-erzsebet.hu\/gimnazium\/wp-json\/wp\/v2\/posts"}],"about":[{"href":"https:\/\/szent-erzsebet.hu\/gimnazium\/wp-json\/wp\/v2\/types\/post"}],"author":[{"embeddable":true,"href":"https:\/\/szent-erzsebet.hu\/gimnazium\/wp-json\/wp\/v2\/users\/1"}],"replies":[{"embeddable":true,"href":"https:\/\/szent-erzsebet.hu\/gimnazium\/wp-json\/wp\/v2\/comments?post=2790"}],"version-history":[{"count":1,"href":"https:\/\/szent-erzsebet.hu\/gimnazium\/wp-json\/wp\/v2\/posts\/2790\/revisions"}],"predecessor-version":[{"id":2794,"href":"https:\/\/szent-erzsebet.hu\/gimnazium\/wp-json\/wp\/v2\/posts\/2790\/revisions\/2794"}],"wp:featuredmedia":[{"embeddable":true,"href":"https:\/\/szent-erzsebet.hu\/gimnazium\/wp-json\/wp\/v2\/media\/2793"}],"wp:attachment":[{"href":"https:\/\/szent-erzsebet.hu\/gimnazium\/wp-json\/wp\/v2\/media?parent=2790"}],"wp:term":[{"taxonomy":"category","embeddable":true,"href":"https:\/\/szent-erzsebet.hu\/gimnazium\/wp-json\/wp\/v2\/categories?post=2790"},{"taxonomy":"post_tag","embeddable":true,"href":"https:\/\/szent-erzsebet.hu\/gimnazium\/wp-json\/wp\/v2\/tags?post=2790"}],"curies":[{"name":"wp","href":"https:\/\/api.w.org\/{rel}","templated":true}]}}