{"id":3154,"date":"2026-04-27T12:01:56","date_gmt":"2026-04-27T11:01:56","guid":{"rendered":"https:\/\/szent-erzsebet.hu\/gimnazium\/?p=3154"},"modified":"2026-04-27T12:02:58","modified_gmt":"2026-04-27T11:02:58","slug":"oktv-orszagos-donto","status":"publish","type":"post","link":"https:\/\/szent-erzsebet.hu\/gimnazium\/2026\/04\/27\/oktv-orszagos-donto\/","title":{"rendered":"OKTV orsz\u00e1gos d\u00f6nt\u0151"},"content":{"rendered":"\n<p>A magyar irodalom OKTV orsz\u00e1gos d\u00f6nt\u0151j\u00e9ben Farkas Lilla 12.b oszt\u00e1lyos tanul\u00f3nk 7. helyez\u00e9st \u00e9rt el. Felk\u00e9sz\u00edt\u0151 tan\u00e1ra: Koll\u00e1rn\u00e9 Szab\u00f3 M\u00e1rta.<\/p>\n\n\n\n<p>Lill\u00e1nak \u00e9s a tan\u00e1rn\u0151nek egyar\u00e1nt gratul\u00e1lunk!<br><\/p>\n\n\n\n<figure class=\"wp-block-image size-large is-resized\"><img loading=\"lazy\" decoding=\"async\" width=\"683\" height=\"1024\" src=\"https:\/\/szent-erzsebet.hu\/gimnazium\/wp-content\/uploads\/sites\/5\/2026\/04\/683456093_1560369176090551_6061259805782087783_n-683x1024.jpg\" alt=\"\" class=\"wp-image-3155\" style=\"width:277px;height:auto\" srcset=\"https:\/\/szent-erzsebet.hu\/gimnazium\/wp-content\/uploads\/sites\/5\/2026\/04\/683456093_1560369176090551_6061259805782087783_n-683x1024.jpg 683w, https:\/\/szent-erzsebet.hu\/gimnazium\/wp-content\/uploads\/sites\/5\/2026\/04\/683456093_1560369176090551_6061259805782087783_n-200x300.jpg 200w, https:\/\/szent-erzsebet.hu\/gimnazium\/wp-content\/uploads\/sites\/5\/2026\/04\/683456093_1560369176090551_6061259805782087783_n-768x1152.jpg 768w, https:\/\/szent-erzsebet.hu\/gimnazium\/wp-content\/uploads\/sites\/5\/2026\/04\/683456093_1560369176090551_6061259805782087783_n-1024x1536.jpg 1024w, https:\/\/szent-erzsebet.hu\/gimnazium\/wp-content\/uploads\/sites\/5\/2026\/04\/683456093_1560369176090551_6061259805782087783_n.jpg 1365w\" sizes=\"auto, (max-width: 683px) 100vw, 683px\" \/><\/figure>\n","protected":false},"excerpt":{"rendered":"<p>A magyar irodalom OKTV orsz\u00e1gos d\u00f6nt\u0151j\u00e9ben Farkas Lilla 12.b oszt\u00e1lyos tanul\u00f3nk 7. helyez\u00e9st \u00e9rt el. Felk\u00e9sz\u00edt\u0151 tan\u00e1ra: Koll\u00e1rn\u00e9 Szab\u00f3 M\u00e1rta. Lill\u00e1nak \u00e9s a tan\u00e1rn\u0151nek egyar\u00e1nt gratul\u00e1lunk!<\/p>\n","protected":false},"author":1,"featured_media":3157,"comment_status":"open","ping_status":"open","sticky":false,"template":"","format":"standard","meta":{"footnotes":"","_links_to":"","_links_to_target":""},"categories":[3],"tags":[],"class_list":["post-3154","post","type-post","status-publish","format-standard","has-post-thumbnail","hentry","category-hirek"],"_links":{"self":[{"href":"https:\/\/szent-erzsebet.hu\/gimnazium\/wp-json\/wp\/v2\/posts\/3154","targetHints":{"allow":["GET"]}}],"collection":[{"href":"https:\/\/szent-erzsebet.hu\/gimnazium\/wp-json\/wp\/v2\/posts"}],"about":[{"href":"https:\/\/szent-erzsebet.hu\/gimnazium\/wp-json\/wp\/v2\/types\/post"}],"author":[{"embeddable":true,"href":"https:\/\/szent-erzsebet.hu\/gimnazium\/wp-json\/wp\/v2\/users\/1"}],"replies":[{"embeddable":true,"href":"https:\/\/szent-erzsebet.hu\/gimnazium\/wp-json\/wp\/v2\/comments?post=3154"}],"version-history":[{"count":1,"href":"https:\/\/szent-erzsebet.hu\/gimnazium\/wp-json\/wp\/v2\/posts\/3154\/revisions"}],"predecessor-version":[{"id":3156,"href":"https:\/\/szent-erzsebet.hu\/gimnazium\/wp-json\/wp\/v2\/posts\/3154\/revisions\/3156"}],"wp:featuredmedia":[{"embeddable":true,"href":"https:\/\/szent-erzsebet.hu\/gimnazium\/wp-json\/wp\/v2\/media\/3157"}],"wp:attachment":[{"href":"https:\/\/szent-erzsebet.hu\/gimnazium\/wp-json\/wp\/v2\/media?parent=3154"}],"wp:term":[{"taxonomy":"category","embeddable":true,"href":"https:\/\/szent-erzsebet.hu\/gimnazium\/wp-json\/wp\/v2\/categories?post=3154"},{"taxonomy":"post_tag","embeddable":true,"href":"https:\/\/szent-erzsebet.hu\/gimnazium\/wp-json\/wp\/v2\/tags?post=3154"}],"curies":[{"name":"wp","href":"https:\/\/api.w.org\/{rel}","templated":true}]}}