{"id":470,"date":"2019-10-01T08:38:26","date_gmt":"2019-10-01T07:38:26","guid":{"rendered":"http:\/\/szent-erzsebet.hu\/gimnazium\/?p=470"},"modified":"2019-10-01T08:38:50","modified_gmt":"2019-10-01T07:38:50","slug":"barcelona-spanyol-tabor-2019-junius-25-julius-1","status":"publish","type":"post","link":"https:\/\/szent-erzsebet.hu\/gimnazium\/2019\/10\/01\/barcelona-spanyol-tabor-2019-junius-25-julius-1\/","title":{"rendered":"Barcelona , spanyol t\u00e1bor, 2019. j\u00fanius 25-j\u00falius 1."},"content":{"rendered":"\n<p>2019. j\u00fanius 25-\u00e9n este nyolckor\nindultunk el egy 17 f\u0151s csoportban (akkori 11-esek \u00e9s 12-esek) az iskola\nszervez\u00e9s\u00e9ben Barcelona fel\u00e9, rep\u00fcl\u0151vel. A j\u00falius elsej\u00e9ig tart\u00f3 egyhetes\nkaland rengeteg programot, s\u0171r\u0171 id\u0151beoszt\u00e1st \u00e9s megsz\u00e1ml\u00e1lhatatlan \u00e9lm\u00e9nyt\ntartogatott sz\u00e1munkra,hogy minn\u00e9l jobban felfedezhess\u00fck Spanyolorsz\u00e1g m\u00e1sodik\nlegn\u00e9pesebb v\u00e1ros\u00e1t, Barcelon\u00e1t.&nbsp;\nK\u00f6sz\u00f6nhet\u0151en P\u00e9ter marista rendi szerzetes testv\u00e9rnek, kinn a helyi\negyik marista fenntart\u00e1s\u00fa iskola koll\u00e9giumi r\u00e9sz\u00e9ben kaptunk sz\u00e1ll\u00e1st,\ntisztas\u00e1gi csomagot, ell\u00e1t\u00e1st. <\/p>\n\n\n\n<p>Az els\u0151 nap P\u00e9ter testv\u00e9r napja volt, aki bepillant\u00e1st\nny\u00fajtott nek\u00fcnk a barcelonai marista int\u00e9zetek m\u0171k\u00f6d\u00e9s\u00e9be, a fiatal, kereszt\u00e9ny\ncsapatok \u00e9s \u00f6nk\u00e9ntesek mindennapi toborz\u00f3 \u00e9s szervez\u0151 munk\u00e1j\u00e1ba. Aznap m\u00e9g a\ntengerpartot is megcsod\u00e1lhattuk, elvegy\u00fclve a helyiek k\u00f6zt, magunkba sz\u00edvva az\nigazi spanyol \u00e9let\u00e9rz\u00e9st.<\/p>\n\n\n\n<figure class=\"wp-block-image\"><img loading=\"lazy\" decoding=\"async\" width=\"1024\" height=\"575\" src=\"https:\/\/szent-erzsebet.hu\/gimnazium\/wp-content\/uploads\/sites\/5\/2019\/10\/1-4-1024x575.jpg\" alt=\"\" class=\"wp-image-471\" srcset=\"https:\/\/szent-erzsebet.hu\/gimnazium\/wp-content\/uploads\/sites\/5\/2019\/10\/1-4-1024x575.jpg 1024w, https:\/\/szent-erzsebet.hu\/gimnazium\/wp-content\/uploads\/sites\/5\/2019\/10\/1-4-300x168.jpg 300w, https:\/\/szent-erzsebet.hu\/gimnazium\/wp-content\/uploads\/sites\/5\/2019\/10\/1-4-768x431.jpg 768w\" sizes=\"auto, (max-width: 1024px) 100vw, 1024px\" \/><\/figure>\n\n\n\n<p>M\u00e1sodik napunkon egy P\u00e9ter testv\u00e9r \u00e1ltal szervezett,\nkih\u00edv\u00e1sokkal teli j\u00e1t\u00e9kban kellett csapatonk\u00e9nt, csup\u00e1n egy-egy katal\u00e1n\nkorunkbeli seg\u00edts\u00e9g\u00e9vel felfedezni a v\u00e1ros legn\u00e9pszer\u0171bb r\u00e9szeit, a\nturistal\u00e1tv\u00e1nyoss\u00e1gokat. Ez eg\u00e9sznapos t\u00far\u00e1t jelentett, amely h\u00e1rom \u00fatvonal\nteljes bej\u00e1r\u00e1s\u00e1t jelentette. A f\u00e1raszt\u00f3 verseng\u00e9s jutalmak\u00e9nt, helyi szok\u00e1s\nszerint k\u00e9s\u0151 este egy n\u00e9pszer\u0171 \u00e9tteremben k\u00f3stolhattuk v\u00e9gig a spanyol \u00e9s\nkatal\u00e1n \u00e9telk\u00fcl\u00f6nlegess\u00e9geket, k\u00fcl\u00f6nf\u00e9le kagyl\u00f3kat, halakat, r\u00e1kokat, csig\u00e1kat,\nz\u00f6lds\u00e9geket, nem felejtve ki a tradicion\u00e1lis spanyol fog\u00e1sokat \u00e9s desszerteket\nsem, amiken az asztal k\u00f6r\u00fcl megosztoztunk.<\/p>\n\n\n\n<div class=\"wp-block-image\"><figure class=\"aligncenter\"><img loading=\"lazy\" decoding=\"async\" width=\"575\" height=\"1024\" src=\"https:\/\/szent-erzsebet.hu\/gimnazium\/wp-content\/uploads\/sites\/5\/2019\/10\/2-4-575x1024.jpg\" alt=\"\" class=\"wp-image-472\" srcset=\"https:\/\/szent-erzsebet.hu\/gimnazium\/wp-content\/uploads\/sites\/5\/2019\/10\/2-4-575x1024.jpg 575w, https:\/\/szent-erzsebet.hu\/gimnazium\/wp-content\/uploads\/sites\/5\/2019\/10\/2-4-168x300.jpg 168w, https:\/\/szent-erzsebet.hu\/gimnazium\/wp-content\/uploads\/sites\/5\/2019\/10\/2-4-768x1368.jpg 768w\" sizes=\"auto, (max-width: 575px) 100vw, 575px\" \/><\/figure><\/div>\n\n\n\n<div class=\"wp-block-image\"><figure class=\"aligncenter\"><img loading=\"lazy\" decoding=\"async\" width=\"575\" height=\"1024\" src=\"https:\/\/szent-erzsebet.hu\/gimnazium\/wp-content\/uploads\/sites\/5\/2019\/10\/3-4-575x1024.jpg\" alt=\"\" class=\"wp-image-473\" srcset=\"https:\/\/szent-erzsebet.hu\/gimnazium\/wp-content\/uploads\/sites\/5\/2019\/10\/3-4-575x1024.jpg 575w, https:\/\/szent-erzsebet.hu\/gimnazium\/wp-content\/uploads\/sites\/5\/2019\/10\/3-4-168x300.jpg 168w, https:\/\/szent-erzsebet.hu\/gimnazium\/wp-content\/uploads\/sites\/5\/2019\/10\/3-4-768x1368.jpg 768w\" sizes=\"auto, (max-width: 575px) 100vw, 575px\" \/><\/figure><\/div>\n\n\n\n<p>A p\u00e9nteki nap rejtegetett sz\u00e1munkra p\u00e1r \u00faj tapasztalatot. A\nt\u00f6m\u00f6tt nagyv\u00e1rosban esetenk\u00e9nt nagy figyelemre volt sz\u00fcks\u00e9g a kellemetlen\nhelyzetek elker\u00fcl\u00e9s\u00e9hez, de v\u00e9g\u00fcl \u00e9ps\u00e9gben jutottunk el a Barcelon\u00e1hoz k\u00f6zeli\nMatar\u00f3 telep\u00fcl\u00e9s\u00e9re, ahol egy napig csak a feh\u00e9rhomokos partot \u00e9s a t\u00fcrkizk\u00e9k\ntengervizet \u00e9lvezt\u00fck. Szerencs\u00e9re j\u00f3 id\u0151j\u00e1r\u00e1st fogtunk ki, m\u00e9g helyi vezet\u0151nk\nis megjegyezte: kicsit t\u00falz\u00e1snak tartja a 38 fokot. Ennek ellen\u00e9re nem\npanaszkodhatunk, hiszen az extr\u00e9m kl\u00edma is hozz\u00e1seg\u00edtett ahhoz, hogy meg\u00e9rezz\u00fck\naz orsz\u00e1g igazi arc\u00e1t. Matar\u00f3ban ism\u00e9t megl\u00e1togattunk egy marista iskol\u00e1t, ahol\na helyi kisiskol\u00e1sok \u00e9s a tan\u00e1rok is sz\u00edv\u00e9lyesen fogadtak, eb\u00e9dre invit\u00e1lva\nminket. Itt tal\u00e1lkoztunk egy csapatnyi korunkbeli di\u00e1kkal, akikkel\nk\u00f6z\u00f6ss\u00e9g\u00e9p\u00edt\u0151 j\u00e1t\u00e9kokat j\u00e1tszottunk, majd k\u00f6rbevezettek, megmutatva iskol\u00e1jukat\nis. Aznap ugyancsak kimer\u00fclten, de \u00e9lm\u00e9nyekkel gazdagodva \u00e9rt\u00fcnk vissza a\nsz\u00e1ll\u00e1sunkra.<\/p>\n\n\n\n<div class=\"wp-block-image\"><figure class=\"aligncenter\"><img loading=\"lazy\" decoding=\"async\" width=\"1024\" height=\"575\" src=\"https:\/\/szent-erzsebet.hu\/gimnazium\/wp-content\/uploads\/sites\/5\/2019\/10\/4-2-1024x575.jpg\" alt=\"\" class=\"wp-image-474\" srcset=\"https:\/\/szent-erzsebet.hu\/gimnazium\/wp-content\/uploads\/sites\/5\/2019\/10\/4-2-1024x575.jpg 1024w, https:\/\/szent-erzsebet.hu\/gimnazium\/wp-content\/uploads\/sites\/5\/2019\/10\/4-2-300x168.jpg 300w, https:\/\/szent-erzsebet.hu\/gimnazium\/wp-content\/uploads\/sites\/5\/2019\/10\/4-2-768x431.jpg 768w\" sizes=\"auto, (max-width: 1024px) 100vw, 1024px\" \/><\/figure><\/div>\n\n\n\n<p>Szombaton k\u00fcl\u00f6nleges program v\u00e1rt minket. Montserrat\nszikl\u00e1kba \u00e9p\u00edtett kolostor\u00e1t l\u00e1togattuk meg, amely busszal k\u00f6nnyen\nmegk\u00f6zel\u00edthet\u0151, b\u00e1r legmagasabb pontja t\u00f6bb, mint 1200 m\u00e9ter magasan tal\u00e1lhat\u00f3.\nItt volt szerencs\u00e9nk megtekinteni egy igazi kincseket rejt\u0151 m\u0171v\u00e9szeti m\u00fazeumot,\nvalamint egy fantasztikus panor\u00e1m\u00e1val b\u00edr\u00f3 \u00e9tteremben ett\u00fcnk, amely szint\u00e9n a\nszikl\u00e1k oldal\u00e1ban l\u00f3gott, l\u00e1tsz\u00f3lag a semmi felett. <\/p>\n\n\n\n<div class=\"wp-block-image\"><figure class=\"aligncenter\"><img loading=\"lazy\" decoding=\"async\" width=\"4160\" height=\"2336\" src=\"https:\/\/szent-erzsebet.hu\/gimnazium\/wp-content\/uploads\/sites\/5\/2019\/10\/5-1024x575.jpg\" alt=\"\" class=\"wp-image-475\" srcset=\"https:\/\/szent-erzsebet.hu\/gimnazium\/wp-content\/uploads\/sites\/5\/2019\/10\/5-1024x575.jpg 1024w, https:\/\/szent-erzsebet.hu\/gimnazium\/wp-content\/uploads\/sites\/5\/2019\/10\/5-300x168.jpg 300w, https:\/\/szent-erzsebet.hu\/gimnazium\/wp-content\/uploads\/sites\/5\/2019\/10\/5-768x431.jpg 768w\" sizes=\"auto, (max-width: 4160px) 100vw, 4160px\" \/><\/figure><\/div>\n\n\n\n<p>Kora este indultunk vissza a v\u00e1rosba, ahol m\u00e9g\nmegtekintett\u00fck a var\u00e1zslatos Montjuic sz\u00f6k\u0151kutat. Ismert jellemz\u0151je,hogy\nvil\u00e1g\u00edt, zen\u00e9l \u00e9s \u201et\u00e1ncol\u201d, h\u00e9tv\u00e9gente m\u0171sort adva ezzel k\u00edv\u00e1ncsi turist\u00e1k\nseregeinek.<\/p>\n\n\n\n<p>A harmincadikai napon igazi kult\u00farprogram volt el\u0151k\u00e9sz\u00edtve\nsz\u00e1munkra, amely nagyr\u00e9szt a h\u00edres \u00e9p\u00edt\u00e9sz, Antoni Gaud\u00ed m\u0171veinek\nmegl\u00e1togat\u00e1s\u00e1b\u00f3l \u00e1llt.Tekintve, hogy ezek a helyek t\u00f6mve vannak nap mint nap,\nkor\u00e1n elindultunk, hogy a sort ki\u00e1llva bejussunk egy gy\u00f6ny\u00f6r\u0171 mis\u00e9re a\nkolosszus Sagrada Fam\u00edlia \u00e9p\u00fclet\u00e9be. <\/p>\n\n\n\n<div class=\"wp-block-image\"><figure class=\"aligncenter\"><img loading=\"lazy\" decoding=\"async\" width=\"1024\" height=\"575\" src=\"https:\/\/szent-erzsebet.hu\/gimnazium\/wp-content\/uploads\/sites\/5\/2019\/10\/6-1024x575.jpg\" alt=\"\" class=\"wp-image-476\" srcset=\"https:\/\/szent-erzsebet.hu\/gimnazium\/wp-content\/uploads\/sites\/5\/2019\/10\/6-1024x575.jpg 1024w, https:\/\/szent-erzsebet.hu\/gimnazium\/wp-content\/uploads\/sites\/5\/2019\/10\/6-300x168.jpg 300w, https:\/\/szent-erzsebet.hu\/gimnazium\/wp-content\/uploads\/sites\/5\/2019\/10\/6-768x431.jpg 768w\" sizes=\"auto, (max-width: 1024px) 100vw, 1024px\" \/><\/figure><\/div>\n\n\n\n<p>Az \u00f6tnyelv\u0171 szertart\u00e1s v\u00e9gezt\u00e9vel m\u00e9g a templom var\u00e1zs\u00e1t\u00f3l\n\u00e9s m\u00e9reteit\u0151l elk\u00e1bulva kaptattunk fel Barcelona egyik hegy\u00e9nek oldal\u00e1ba, ahol\naz \u00e9p\u00edt\u00e9sz \u00fajabb remekm\u0171v\u00e9t, a G\u00fcell parkot csod\u00e1lhattuk meg. Az eredetileg \u00faj\nv\u00e1rosr\u00e9sznek sz\u00e1nt, cs\u0151dbe ment v\u00e1llalkoz\u00e1s egyedi hangulata m\u00e9g mindig\nelvar\u00e1zsolja az embereket. Szerencs\u00e9nk volt P\u00e9ter testv\u00e9rrel, hiszen minden\n\u00e9p\u00edtm\u00e9nyr\u0151l tudott egy m\u00f6g\u00f6tte megh\u00faz\u00f3d\u00f3 k\u00fcl\u00f6nleges t\u00f6rt\u00e9netet, az \u00e9p\u00edt\u00e9s\nk\u00f6r\u00fclm\u00e9nyeit \u00e9s egy-k\u00e9t helyi mond\u00e1t is. <\/p>\n\n\n\n<div class=\"wp-block-image\"><figure class=\"aligncenter\"><img loading=\"lazy\" decoding=\"async\" width=\"1024\" height=\"575\" src=\"https:\/\/szent-erzsebet.hu\/gimnazium\/wp-content\/uploads\/sites\/5\/2019\/10\/7-1024x575.jpg\" alt=\"\" class=\"wp-image-477\" srcset=\"https:\/\/szent-erzsebet.hu\/gimnazium\/wp-content\/uploads\/sites\/5\/2019\/10\/7-1024x575.jpg 1024w, https:\/\/szent-erzsebet.hu\/gimnazium\/wp-content\/uploads\/sites\/5\/2019\/10\/7-300x168.jpg 300w, https:\/\/szent-erzsebet.hu\/gimnazium\/wp-content\/uploads\/sites\/5\/2019\/10\/7-768x431.jpg 768w\" sizes=\"auto, (max-width: 1024px) 100vw, 1024px\" \/><\/figure><\/div>\n\n\n\n<p>A vil\u00e1gszerte ismert \u00e9p\u00edtm\u00e9nyek sor\u00e1t a Casa Batllo z\u00e1rta,\naminek fal\u00e1t \u00e9s bels\u0151 fel\u00fclet\u00e9t is mindenhol mozaikberak\u00e1s d\u00edsz\u00edti. Aznapi\nkir\u00e1ndul\u00e1sunk lez\u00e1r\u00e1sak\u00e9nt baszk \u00e9telek komoly sor\u00e1t k\u00f3stolhattuk meg,ami m\u00e9g\nink\u00e1bb \u201egasztrot\u00fara\u201d jelleg\u00e9t k\u00f6lcs\u00f6n\u00f6zte utaz\u00e1sunknak. Ezt persze kicsit sem\nb\u00e1ntuk, hiszen \u00f3ri\u00e1si bepillant\u00e1st engedett ez is a helyiek vil\u00e1g\u00e1ba,\nkult\u00far\u00e1j\u00e1ba.<\/p>\n\n\n\n<div class=\"wp-block-image\"><figure class=\"aligncenter\"><img loading=\"lazy\" decoding=\"async\" width=\"1024\" height=\"575\" src=\"https:\/\/szent-erzsebet.hu\/gimnazium\/wp-content\/uploads\/sites\/5\/2019\/10\/8-1024x575.jpg\" alt=\"\" class=\"wp-image-478\" srcset=\"https:\/\/szent-erzsebet.hu\/gimnazium\/wp-content\/uploads\/sites\/5\/2019\/10\/8-1024x575.jpg 1024w, https:\/\/szent-erzsebet.hu\/gimnazium\/wp-content\/uploads\/sites\/5\/2019\/10\/8-300x168.jpg 300w, https:\/\/szent-erzsebet.hu\/gimnazium\/wp-content\/uploads\/sites\/5\/2019\/10\/8-768x431.jpg 768w\" sizes=\"auto, (max-width: 1024px) 100vw, 1024px\" \/><\/figure><\/div>\n\n\n\n<p>H\u00e9tf\u0151n m\u00e9g f\u00e9l nap \u00e1llt rendelkez\u00e9s\u00fcnkre, amit szabadid\u0151nek\nkaptunk meg, hogy kedv\u00fcnkre fedezhess\u00fck fel a v\u00e1ros sz\u00e1munkra m\u00e9g \u00e9rdekes\npontjait \u00e9s szuven\u00edreket v\u00e1s\u00e1roljunk itthonra. Ezen k\u00edv\u00fcl egy kis f\u00fczetben\nfoglaltuk \u00f6ssze P\u00e9ter testv\u00e9rnek legjobb \u00e9lm\u00e9nyeinket, amit azt\u00e1n neki is\naj\u00e1nd\u00e9koztunk, megk\u00f6sz\u00f6nve a szervez\u00e9st \u00e9s az \u00e9lm\u00e9nyd\u00fas utaz\u00e1st. A rep\u00fcl\u0151nk\nkora este landolt, a csapat \u00f6sszes tagja m\u00e1s ir\u00e1nyba indult a b\u00facs\u00fazkod\u00e1st\nk\u00f6vet\u0151en, de az biztos, hogy ez az utaz\u00e1s mindannyiunk sz\u00e1m\u00e1ra felejthetetlenn\u00e9\ntette azt a bizonyos egy hetet. K\u00f6sz\u00f6nj\u00fck sz\u00e9pen m\u00e9g egyszer P\u00e9ter testv\u00e9rnek\n\u00e9s D\u00f3ri n\u00e9ninek az alapos szervez\u00e9st!<\/p>\n\n\n\n<div class=\"wp-block-image\"><figure class=\"aligncenter\"><img loading=\"lazy\" decoding=\"async\" width=\"1024\" height=\"575\" src=\"https:\/\/szent-erzsebet.hu\/gimnazium\/wp-content\/uploads\/sites\/5\/2019\/10\/9-1024x575.jpg\" alt=\"\" class=\"wp-image-479\" srcset=\"https:\/\/szent-erzsebet.hu\/gimnazium\/wp-content\/uploads\/sites\/5\/2019\/10\/9-1024x575.jpg 1024w, https:\/\/szent-erzsebet.hu\/gimnazium\/wp-content\/uploads\/sites\/5\/2019\/10\/9-300x168.jpg 300w, https:\/\/szent-erzsebet.hu\/gimnazium\/wp-content\/uploads\/sites\/5\/2019\/10\/9-768x431.jpg 768w\" sizes=\"auto, (max-width: 1024px) 100vw, 1024px\" \/><\/figure><\/div>\n\n\n\n<p>&nbsp;&nbsp;&nbsp;&nbsp;&nbsp;&nbsp;&nbsp;&nbsp;&nbsp;&nbsp;&nbsp;&nbsp;&nbsp;&nbsp;&nbsp;&nbsp;&nbsp;&nbsp;&nbsp;&nbsp;&nbsp;&nbsp;&nbsp;&nbsp;&nbsp;&nbsp;&nbsp;&nbsp;&nbsp;&nbsp;&nbsp;&nbsp;&nbsp;&nbsp;&nbsp;&nbsp;&nbsp;&nbsp;&nbsp;&nbsp;&nbsp;&nbsp;&nbsp;&nbsp;&nbsp;&nbsp;&nbsp;&nbsp;&nbsp;&nbsp;&nbsp;&nbsp;&nbsp;&nbsp;&nbsp;&nbsp;&nbsp;&nbsp;&nbsp;&nbsp;&nbsp;&nbsp;&nbsp;&nbsp;&nbsp;&nbsp;&nbsp;&nbsp;&nbsp;&nbsp;&nbsp;&nbsp;&nbsp;&nbsp;&nbsp;&nbsp;&nbsp;&nbsp;&nbsp;&nbsp;&nbsp;&nbsp;&nbsp;&nbsp;&nbsp;&nbsp;&nbsp;&nbsp;&nbsp;&nbsp;&nbsp;&nbsp;&nbsp;&nbsp;&nbsp;&nbsp;&nbsp;&nbsp;&nbsp;&nbsp;&nbsp;&nbsp;&nbsp;&nbsp;\nOcskay Lilla 12\/A<\/p>\n","protected":false},"excerpt":{"rendered":"<p>2019. j\u00fanius 25-\u00e9n este nyolckor indultunk el egy 17 f\u0151s csoportban (akkori 11-esek \u00e9s 12-esek) az iskola szervez\u00e9s\u00e9ben Barcelona fel\u00e9, rep\u00fcl\u0151vel. A j\u00falius elsej\u00e9ig tart\u00f3 egyhetes kaland rengeteg programot, s\u0171r\u0171 id\u0151beoszt\u00e1st \u00e9s megsz\u00e1ml\u00e1lhatatlan \u00e9lm\u00e9nyt&#46;&#46;&#46;<\/p>\n","protected":false},"author":1,"featured_media":471,"comment_status":"open","ping_status":"open","sticky":false,"template":"","format":"standard","meta":{"footnotes":"","_links_to":"","_links_to_target":""},"categories":[3],"tags":[],"class_list":["post-470","post","type-post","status-publish","format-standard","has-post-thumbnail","hentry","category-hirek"],"_links":{"self":[{"href":"https:\/\/szent-erzsebet.hu\/gimnazium\/wp-json\/wp\/v2\/posts\/470","targetHints":{"allow":["GET"]}}],"collection":[{"href":"https:\/\/szent-erzsebet.hu\/gimnazium\/wp-json\/wp\/v2\/posts"}],"about":[{"href":"https:\/\/szent-erzsebet.hu\/gimnazium\/wp-json\/wp\/v2\/types\/post"}],"author":[{"embeddable":true,"href":"https:\/\/szent-erzsebet.hu\/gimnazium\/wp-json\/wp\/v2\/users\/1"}],"replies":[{"embeddable":true,"href":"https:\/\/szent-erzsebet.hu\/gimnazium\/wp-json\/wp\/v2\/comments?post=470"}],"version-history":[{"count":1,"href":"https:\/\/szent-erzsebet.hu\/gimnazium\/wp-json\/wp\/v2\/posts\/470\/revisions"}],"predecessor-version":[{"id":480,"href":"https:\/\/szent-erzsebet.hu\/gimnazium\/wp-json\/wp\/v2\/posts\/470\/revisions\/480"}],"wp:featuredmedia":[{"embeddable":true,"href":"https:\/\/szent-erzsebet.hu\/gimnazium\/wp-json\/wp\/v2\/media\/471"}],"wp:attachment":[{"href":"https:\/\/szent-erzsebet.hu\/gimnazium\/wp-json\/wp\/v2\/media?parent=470"}],"wp:term":[{"taxonomy":"category","embeddable":true,"href":"https:\/\/szent-erzsebet.hu\/gimnazium\/wp-json\/wp\/v2\/categories?post=470"},{"taxonomy":"post_tag","embeddable":true,"href":"https:\/\/szent-erzsebet.hu\/gimnazium\/wp-json\/wp\/v2\/tags?post=470"}],"curies":[{"name":"wp","href":"https:\/\/api.w.org\/{rel}","templated":true}]}}