{"id":541,"date":"2019-10-09T08:06:46","date_gmt":"2019-10-09T07:06:46","guid":{"rendered":"http:\/\/szent-erzsebet.hu\/gimnazium\/?p=541"},"modified":"2019-10-09T08:07:06","modified_gmt":"2019-10-09T07:07:06","slug":"diakolimpiai-siker","status":"publish","type":"post","link":"https:\/\/szent-erzsebet.hu\/gimnazium\/2019\/10\/09\/diakolimpiai-siker\/","title":{"rendered":"DI\u00c1KOLIMPIAI SIKER!"},"content":{"rendered":"\n<figure class=\"wp-block-image\"><img loading=\"lazy\" decoding=\"async\" width=\"1024\" height=\"768\" src=\"https:\/\/szent-erzsebet.hu\/gimnazium\/wp-content\/uploads\/sites\/5\/2019\/10\/received_2269636119807819-1024x768.jpeg\" alt=\"\" class=\"wp-image-542\" srcset=\"https:\/\/szent-erzsebet.hu\/gimnazium\/wp-content\/uploads\/sites\/5\/2019\/10\/received_2269636119807819.jpeg 1024w, https:\/\/szent-erzsebet.hu\/gimnazium\/wp-content\/uploads\/sites\/5\/2019\/10\/received_2269636119807819-300x225.jpeg 300w, https:\/\/szent-erzsebet.hu\/gimnazium\/wp-content\/uploads\/sites\/5\/2019\/10\/received_2269636119807819-768x576.jpeg 768w\" sizes=\"auto, (max-width: 1024px) 100vw, 1024px\" \/><\/figure>\n\n\n\n<p>Az elm\u00falt h\u00e9t v\u00e9g\u00e9n rendezt\u00e9k meg a Di\u00e1kolimpia kajak sport\u00e1g\u00e1ban az orsz\u00e1gos d\u00f6nt\u0151t. Nagy \u00f6r\u00f6m\u00fcnkre szolg\u00e1l, hogy iskol\u00e1nk tanul\u00f3ja&nbsp;<strong>CZIBULA TAMARA&nbsp;<\/strong>koroszt\u00e1ly\u00e1ban<strong>&nbsp;orsz\u00e1gos m\u00e1sodik helyet<\/strong>&nbsp;\u00e9rt el. Ezen a versenyen&nbsp;<strong>KISS KATA&nbsp;<\/strong>ki szint\u00e9n iskol\u00e1nk tanul\u00f3ja a&nbsp;<strong>negyedik<\/strong>&nbsp;helyet \u00e9rte el! Di\u00e1kjainkra \u00e9s el\u00e9rt eredm\u00e9ny\u00fckre nagyon b\u00fcszk\u00e9k vagyunk. K\u00f6sz\u00f6net az \u00e1ldozatos munk\u00e1\u00e9rt! K\u00f6sz\u00f6net illeti a felk\u00e9sz\u00edt\u0151 egyes\u00fcletet, illetve az ott dolgoz\u00f3 edz\u0151ket is! Tov\u00e1bbi munk\u00e1jukhoz sok sikert k\u00edv\u00e1nunk!<\/p>\n\n\n\n<p>Taicht Istv\u00e1n\n\n<\/p>\n","protected":false},"excerpt":{"rendered":"<p>Az elm\u00falt h\u00e9t v\u00e9g\u00e9n rendezt\u00e9k meg a Di\u00e1kolimpia kajak sport\u00e1g\u00e1ban az orsz\u00e1gos d\u00f6nt\u0151t. Nagy \u00f6r\u00f6m\u00fcnkre szolg\u00e1l, hogy iskol\u00e1nk tanul\u00f3ja&nbsp;CZIBULA TAMARA&nbsp;koroszt\u00e1ly\u00e1ban&nbsp;orsz\u00e1gos m\u00e1sodik helyet&nbsp;\u00e9rt el. Ezen a versenyen&nbsp;KISS KATA&nbsp;ki szint\u00e9n iskol\u00e1nk tanul\u00f3ja a&nbsp;negyedik&nbsp;helyet \u00e9rte el! Di\u00e1kjainkra&#46;&#46;&#46;<\/p>\n","protected":false},"author":1,"featured_media":542,"comment_status":"open","ping_status":"open","sticky":false,"template":"","format":"standard","meta":{"footnotes":"","_links_to":"","_links_to_target":""},"categories":[3],"tags":[],"class_list":["post-541","post","type-post","status-publish","format-standard","has-post-thumbnail","hentry","category-hirek"],"_links":{"self":[{"href":"https:\/\/szent-erzsebet.hu\/gimnazium\/wp-json\/wp\/v2\/posts\/541","targetHints":{"allow":["GET"]}}],"collection":[{"href":"https:\/\/szent-erzsebet.hu\/gimnazium\/wp-json\/wp\/v2\/posts"}],"about":[{"href":"https:\/\/szent-erzsebet.hu\/gimnazium\/wp-json\/wp\/v2\/types\/post"}],"author":[{"embeddable":true,"href":"https:\/\/szent-erzsebet.hu\/gimnazium\/wp-json\/wp\/v2\/users\/1"}],"replies":[{"embeddable":true,"href":"https:\/\/szent-erzsebet.hu\/gimnazium\/wp-json\/wp\/v2\/comments?post=541"}],"version-history":[{"count":2,"href":"https:\/\/szent-erzsebet.hu\/gimnazium\/wp-json\/wp\/v2\/posts\/541\/revisions"}],"predecessor-version":[{"id":544,"href":"https:\/\/szent-erzsebet.hu\/gimnazium\/wp-json\/wp\/v2\/posts\/541\/revisions\/544"}],"wp:featuredmedia":[{"embeddable":true,"href":"https:\/\/szent-erzsebet.hu\/gimnazium\/wp-json\/wp\/v2\/media\/542"}],"wp:attachment":[{"href":"https:\/\/szent-erzsebet.hu\/gimnazium\/wp-json\/wp\/v2\/media?parent=541"}],"wp:term":[{"taxonomy":"category","embeddable":true,"href":"https:\/\/szent-erzsebet.hu\/gimnazium\/wp-json\/wp\/v2\/categories?post=541"},{"taxonomy":"post_tag","embeddable":true,"href":"https:\/\/szent-erzsebet.hu\/gimnazium\/wp-json\/wp\/v2\/tags?post=541"}],"curies":[{"name":"wp","href":"https:\/\/api.w.org\/{rel}","templated":true}]}}