{"id":579,"date":"2019-10-21T09:48:06","date_gmt":"2019-10-21T08:48:06","guid":{"rendered":"http:\/\/szent-erzsebet.hu\/gimnazium\/?p=579"},"modified":"2019-10-21T09:48:07","modified_gmt":"2019-10-21T08:48:07","slug":"nemet-cserediak-program-2019-szeptember-21-28","status":"publish","type":"post","link":"https:\/\/szent-erzsebet.hu\/gimnazium\/2019\/10\/21\/nemet-cserediak-program-2019-szeptember-21-28\/","title":{"rendered":"N\u00e9met cseredi\u00e1k program 2019. szeptember 21-28"},"content":{"rendered":"\n<figure class=\"wp-block-image\"><img loading=\"lazy\" decoding=\"async\" width=\"1024\" height=\"681\" src=\"http:\/\/szent-erzsebet.hu\/gimnazium\/wp-content\/uploads\/sites\/5\/2019\/10\/k\u00e9p-1024x681.jpeg\" alt=\"\" class=\"wp-image-578\" srcset=\"https:\/\/szent-erzsebet.hu\/gimnazium\/wp-content\/uploads\/sites\/5\/2019\/10\/k\u00e9p-1024x681.jpeg 1024w, https:\/\/szent-erzsebet.hu\/gimnazium\/wp-content\/uploads\/sites\/5\/2019\/10\/k\u00e9p-300x200.jpeg 300w, https:\/\/szent-erzsebet.hu\/gimnazium\/wp-content\/uploads\/sites\/5\/2019\/10\/k\u00e9p-768x511.jpeg 768w, https:\/\/szent-erzsebet.hu\/gimnazium\/wp-content\/uploads\/sites\/5\/2019\/10\/k\u00e9p.jpeg 1500w\" sizes=\"auto, (max-width: 1024px) 100vw, 1024px\" \/><\/figure>\n\n\n\n<p style=\"text-align:left\">A cseredi\u00e1kjainkat szombat d\u00e9lut\u00e1nra v\u00e1rtuk. A tervezett id\u0151pontn\u00e1l m\u00e9g hamarabb is meg\u00e9rkeztek. Nagyon \u00f6r\u00fclt\u00fcnk a programnak, mind a magyarok, mind a n\u00e9metek r\u00e9sz\u00e9r\u0151l. Mikor mindenki megtal\u00e1lta a t\u00e1rs\u00e1t elindultunk haza lepakolni a vend\u00e9geink t\u00e1sk\u00e1it illetve megmutatni nekik, hol fogj\u00e1k elt\u00f6lteni a k\u00f6vetkez\u0151 1 hetet. Mi nem sok id\u0151t t\u00f6lt\u00f6tt\u00fcnk itthon. Miut\u00e1n lepakoltunk szinte azonnal elindultuk egy kicsit bebarangolni Esztergomot. Felment\u00fcnk a Szent Tam\u00e1s-hegyre, majd ezek ut\u00e1n a belv\u00e1ros fel\u00e9 vett\u00fck az ir\u00e1nyt. J\u00e1rtunk a Kis-Duna s\u00e9t\u00e1nyon \u00e9s a Sz\u00e9chenyi t\u00e9ren is. Hazafel\u00e9 tartva megh\u00edv\u00e1st kaptunk az Olvas\u00f3k\u00f6rbe, ahol egy t\u00e1nch\u00e1zban vett\u00fcnk r\u00e9szt. Mikor kit\u00e1ncoltuk magunkat elindultunk haza. Itthon m\u00e9g elkezdt\u00fcnk egy filmet, \u00e1m senki nem n\u00e9zte v\u00e9gig, mert mindenkit elnyomott az \u00e1lom.<\/p>\n\n\n\n<p>A vas\u00e1rnap a csal\u00e1d megismer\u00e9s\u00e9r\u0151l sz\u00f3lt. Mivel Anna cseredi\u00e1kja is n\u00e1lunk volt szombaton \u00e9s vas\u00e1rnap, mi Gergely Ancsi\u00e9kkal egy\u00fctt elment\u00fcnk Veresegyh\u00e1z\u00e1ra a medveotthonba, ahol mindny\u00e1jan lelkesen etett\u00fck a medv\u00e9ket m\u00e9zzel. Miut\u00e1n k\u00f6rbej\u00e1rtuk a parkot elindultunk V\u00e1cra, ahol megeb\u00e9delt\u00fcnk. Mikor m\u00e1r mindenki j\u00f3llakott s\u00e9t\u00e1ltunk egyet a V\u00e1rosban. Megn\u00e9zt\u00fck a b\u00f6rt\u00f6nt \u00e9s a sz\u00e9kesegyh\u00e1zat is. Ezek ut\u00e1n \u00e9lm\u00e9nyekkel gazdagodva t\u00e9rt\u00fcnk haza \u00e9s viszonylag hamar lefek\u00fcdt\u00fcnk aludni.<\/p>\n\n\n\n<figure class=\"wp-block-image\"><img loading=\"lazy\" decoding=\"async\" width=\"1024\" height=\"768\" src=\"http:\/\/szent-erzsebet.hu\/gimnazium\/wp-content\/uploads\/sites\/5\/2019\/10\/IMG_20190925_110434-1-1024x768.jpg\" alt=\"\" class=\"wp-image-577\" srcset=\"https:\/\/szent-erzsebet.hu\/gimnazium\/wp-content\/uploads\/sites\/5\/2019\/10\/IMG_20190925_110434-1-1024x768.jpg 1024w, https:\/\/szent-erzsebet.hu\/gimnazium\/wp-content\/uploads\/sites\/5\/2019\/10\/IMG_20190925_110434-1-300x225.jpg 300w, https:\/\/szent-erzsebet.hu\/gimnazium\/wp-content\/uploads\/sites\/5\/2019\/10\/IMG_20190925_110434-1-768x576.jpg 768w\" sizes=\"auto, (max-width: 1024px) 100vw, 1024px\" \/><\/figure>\n\n\n\n<p>H\u00e9tf\u0151n reggel h\u00e1romnegyed\nnyolckor tal\u00e1lkoztunk a t\u00f6bbi t\u00e1rsunkkal \u00e9s cseredi\u00e1kjaikkal az aul\u00e1ban. Ezen a\nnapon a n\u00e9met di\u00e1kok \u00e9s tan\u00e1raik Esztergomot ismerhett\u00e9k meg egy kicsit jobban.\nEls\u0151 \u00f3r\u00e1ban az iskol\u00e1ban vezett\u00e9k k\u00f6rbe \u0151ket, majd a sz\u00fcnetben az aul\u00e1ban\nv\u00e1rtak r\u00e1nk. A k\u00f6vetkez\u0151 h\u00e1rom tan\u00f3r\u00e1ra elk\u00eds\u00e9rtek minket. A negyedik \u00f3ra ut\u00e1ni\nsz\u00fcnetben az aul\u00e1ban kellett v\u00e1rniuk, majd elindultak megn\u00e9zni a Bazilik\u00e1t \u00e9s a\nV\u00e1rat. Eb\u00e9delni a Szent Adalbert K\u00f6zpontba mentek. Eb\u00e9d ut\u00e1n a kisvonattal\n\u00e1tmentek P\u00e1rk\u00e1nyba, majd pedig visszat\u00e9rtek az iskol\u00e1ba. A d\u00e9lut\u00e1n folyam\u00e1n\nizgalmas r\u00f6plabda m\u00e9rk\u0151z\u00e9sekre ker\u00fclt sor. Miut\u00e1n itt v\u00e9gezt\u00fcnk elment\u00fcnk p\u00e9nzt\nv\u00e1ltani, majd elindultunk Ancsi\u00e9khoz, ahol t\u00e1rsasj\u00e1t\u00e9koztunk, majd kiment\u00fcnk a\nkertbe s\u00fct\u00f6getni. Vacsora ut\u00e1n ism\u00e9t P\u00e1rk\u00e1ny fel\u00e9 vett\u00fck az ir\u00e1nyt, hogy\nmegmutassuk cseredi\u00e1kjainknak a Bazilik\u00e1t esti kivil\u00e1g\u00edt\u00e1s\u00e1ban. A l\u00e1tv\u00e1ny\nmindenkinek nagyon tetszett. <\/p>\n\n\n\n<p>A keddi napon Budapestre l\u00e1togattunk el. Megn\u00e9zt\u00fck a M\u00e1ty\u00e1s templomot, a Citadell\u00e1t \u00e9s a Hal\u00e1sz-b\u00e1sty\u00e1t egy kedves idegenvezet\u0151 h\u00f6lgy kalauzol\u00e1s\u00e1val. Ezek ut\u00e1n Pest fel\u00e9 vett\u00fck az ir\u00e1nyt. Ott v\u00e9gigment\u00fcnk az Andr\u00e1ssy \u00faton \u00e9s megn\u00e9zt\u00fck a H\u0151s\u00f6k-ter\u00e9t is. A Parlamentben szint\u00e9n idegenvezet\u0151 kalauzolt minket, majd tal\u00e1lkoztunk V\u00f6lner P\u00e1llal. Hazafel\u00e9 meg\u00e1lltunk egy gyors\u00e9ttermben, ahol majdnem mindenki v\u00e1s\u00e1rolt mag\u00e1nak valami ennival\u00f3t. Mi ezek ut\u00e1n lesz\u00e1lltunk a buszr\u00f3l Kertv\u00e1rosban, ahol az este marad\u00e9k r\u00e9sz\u00e9t Ann\u00e1\u00e9kn\u00e1l t\u00f6lt\u00f6tt\u00fck. <\/p>\n\n\n\n<figure class=\"wp-block-image\"><img loading=\"lazy\" decoding=\"async\" width=\"1024\" height=\"768\" src=\"http:\/\/szent-erzsebet.hu\/gimnazium\/wp-content\/uploads\/sites\/5\/2019\/10\/IMG_20190922_171535-1024x768.jpg\" alt=\"\" class=\"wp-image-576\" srcset=\"https:\/\/szent-erzsebet.hu\/gimnazium\/wp-content\/uploads\/sites\/5\/2019\/10\/IMG_20190922_171535-1024x768.jpg 1024w, https:\/\/szent-erzsebet.hu\/gimnazium\/wp-content\/uploads\/sites\/5\/2019\/10\/IMG_20190922_171535-300x225.jpg 300w, https:\/\/szent-erzsebet.hu\/gimnazium\/wp-content\/uploads\/sites\/5\/2019\/10\/IMG_20190922_171535-768x576.jpg 768w, https:\/\/szent-erzsebet.hu\/gimnazium\/wp-content\/uploads\/sites\/5\/2019\/10\/IMG_20190922_171535.jpg 1175w\" sizes=\"auto, (max-width: 1024px) 100vw, 1024px\" \/><\/figure>\n\n\n\n<p>Szerd\u00e1n Visegr\u00e1dra \u00e9s\nSzentendr\u00e9re l\u00e1togattak el. Visegr\u00e1don megn\u00e9zt\u00e9k a v\u00e1rat, illetve boboztak.\nSzentendr\u00e9n a Skanzent l\u00e1thatt\u00e1k n\u00e9met vend\u00e9geink. Mikor haza\u00e9rtek meg\nszerett\u00fck volna keresni a k\u00f6rny\u00e9ken l\u00e9v\u0151 Geo l\u00e1d\u00e1t, de sajnos kudarcot vallottunk.\nEzek ut\u00e1n hozz\u00e1nk j\u00f6tt\u00fcnk haza. Nagymam\u00e1m igaz guly\u00e1slevest k\u00e9sz\u00edtett a\nvend\u00e9geknek, majd palacsint\u00e1t s\u00fct\u00f6tt\u00fcnk \u00e9s k\u00e1rty\u00e1ztunk.<\/p>\n\n\n\n<p>A vend\u00e9gek cs\u00fct\u00f6rt\u00f6k\u00f6n Tat\u00e1t fedezhett\u00e9k fel. Megn\u00e9zt\u00e9k a v\u00e1rat, illetve tettek egy s\u00e9t\u00e1t a t\u00f3n\u00e1l is. Haza\u00e9rve ism\u00e9t n\u00e1lunk t\u00f6lt\u00f6tt\u00fck a d\u00e9lut\u00e1nt \u00e9s az est\u00e9t. Elment\u00fcnk \u00e9s s\u00e9t\u00e1ltunk egyet a Duna-parton, illetve kipr\u00f3b\u00e1ltuk a k\u00f6zeli streetwork out p\u00e1ly\u00e1t is. Haza\u00e9rve megvacsor\u00e1ztunk \u00e9s a vacsora ut\u00e1n megn\u00e9zt\u00fcnk egy filmet, ami mindenkinek tetszett. <\/p>\n\n\n\n<figure class=\"wp-block-image\"><img loading=\"lazy\" decoding=\"async\" width=\"1024\" height=\"768\" src=\"http:\/\/szent-erzsebet.hu\/gimnazium\/wp-content\/uploads\/sites\/5\/2019\/10\/IMG_20190922_141359-1024x768.jpg\" alt=\"\" class=\"wp-image-575\" srcset=\"https:\/\/szent-erzsebet.hu\/gimnazium\/wp-content\/uploads\/sites\/5\/2019\/10\/IMG_20190922_141359-1024x768.jpg 1024w, https:\/\/szent-erzsebet.hu\/gimnazium\/wp-content\/uploads\/sites\/5\/2019\/10\/IMG_20190922_141359-300x225.jpg 300w, https:\/\/szent-erzsebet.hu\/gimnazium\/wp-content\/uploads\/sites\/5\/2019\/10\/IMG_20190922_141359-768x576.jpg 768w, https:\/\/szent-erzsebet.hu\/gimnazium\/wp-content\/uploads\/sites\/5\/2019\/10\/IMG_20190922_141359.jpg 1110w\" sizes=\"auto, (max-width: 1024px) 100vw, 1024px\" \/><\/figure>\n\n\n\n<p>P\u00e9nteken ism\u00e9t Pest volt az\n\u00fatic\u00e9l. Megn\u00e9zt\u00e9k az \u00e1llatkertet, illetve ez volt az a nap, amikor szuven\u00edrt\ntudtak a cseredi\u00e1kjaink v\u00e1s\u00e1rolni. Mivel ez volt az utols\u00f3 k\u00f6z\u00f6s est\u00e9nk\npizz\u00e1zni ment\u00fcnk, majd ut\u00e1na a Vaskapu fel\u00e9 vett\u00fck az ir\u00e1nyt. Ide m\u00e1r aut\u00f3val\nment\u00fcnk, mert r\u00e1nk s\u00f6t\u00e9tedett id\u0151k\u00f6zben. Itt a cseredi\u00e1kjaink vethettek m\u00e9g egy\npillant\u00e1st az kivil\u00e1g\u00edtott Esztergomra. A mened\u00e9kh\u00e1zn\u00e1l koccintottunk egyet\nk\u00f6ly\u00f6kpezsg\u0151vel, illetve k\u00f6z\u00f6s k\u00e9peket k\u00e9sz\u00edtett\u00fcnk. Hazafel\u00e9 tartva m\u00e9g egy\nszarvast is l\u00e1ttunk. Ezen a napon m\u00e9g a vend\u00e9g l\u00e1ny \u00f6sszepakolt \u00e9s mindannyian\nhamar lefek\u00fcdt\u00fcnk.<\/p>\n\n\n\n<p>Szombat reggel kor\u00e1n kelt\u00fcnk \u00e9s\nelindultunk a Szent Adalbert K\u00f6zpont parkol\u00f3j\u00e1hoz, ugyanis innen indult a busz.\nTudtunk m\u00e9g egy kicsit besz\u00e9lgetni, majd elb\u00facs\u00faztunk egym\u00e1st\u00f3l \u00e9s a n\u00e9metek\nelindultak hazafel\u00e9.<\/p>\n\n\n\n<p>Szerintem ez a h\u00e9t nagyon j\u00f3l\ntelt. A cseredi\u00e1kok minden nap rengeteg \u00e9lm\u00e9nnyel t\u00e9rtek haza. A d\u00e9lut\u00e1nok is\nmindig j\u00f3 hangulatba teltek. K\u00f6sz\u00f6nj\u00fck a program megszervez\u00e9s\u00e9t \u00e9s\nlebonyol\u00edt\u00e1s\u00e1t tan\u00e1rainknak, az iskol\u00e1nak \u00e9s sz\u00fcleinknek! \u00c9n szem\u00e9ly szerint\nm\u00e1r nagyon v\u00e1rom, hogy \u00fajra tal\u00e1lkozhassunk az \u00fajdons\u00fclt bar\u00e1tainkkal!&nbsp;&nbsp;&nbsp;&nbsp;&nbsp;&nbsp;&nbsp;&nbsp;&nbsp;&nbsp;&nbsp;&nbsp;&nbsp;&nbsp;&nbsp;&nbsp;&nbsp;&nbsp;&nbsp;&nbsp;&nbsp;&nbsp;&nbsp;&nbsp;&nbsp;&nbsp;&nbsp;&nbsp;&nbsp;&nbsp;&nbsp;&nbsp;&nbsp;&nbsp;&nbsp;&nbsp;&nbsp;&nbsp;&nbsp;&nbsp;&nbsp; <\/p>\n\n\n\n<p>&nbsp;&nbsp;&nbsp;&nbsp;&nbsp;&nbsp;&nbsp;&nbsp;&nbsp;&nbsp;&nbsp;&nbsp;&nbsp;&nbsp;&nbsp;&nbsp;&nbsp;&nbsp;&nbsp;&nbsp;&nbsp;&nbsp;&nbsp;&nbsp;&nbsp;&nbsp;&nbsp;&nbsp;&nbsp;&nbsp;&nbsp;&nbsp;&nbsp;&nbsp;&nbsp;&nbsp;&nbsp;&nbsp;&nbsp;&nbsp;&nbsp;&nbsp;&nbsp;&nbsp;&nbsp;&nbsp;&nbsp;&nbsp;&nbsp;&nbsp;&nbsp;&nbsp;&nbsp;&nbsp;&nbsp;&nbsp;&nbsp;&nbsp;&nbsp;&nbsp;&nbsp;&nbsp;&nbsp;&nbsp;&nbsp;&nbsp;&nbsp;&nbsp;&nbsp;&nbsp;&nbsp;&nbsp;&nbsp;&nbsp;&nbsp;&nbsp;&nbsp;&nbsp;&nbsp;&nbsp;&nbsp;&nbsp;&nbsp;&nbsp;&nbsp;&nbsp;&nbsp;&nbsp;&nbsp;&nbsp;&nbsp;&nbsp;&nbsp;&nbsp;&nbsp;&nbsp;&nbsp;&nbsp;&nbsp;&nbsp;&nbsp;&nbsp;&nbsp;&nbsp;&nbsp;&nbsp;&nbsp;&nbsp;&nbsp; Szarka\nDorottya 9\/a<\/p>\n","protected":false},"excerpt":{"rendered":"<p>A cseredi\u00e1kjainkat szombat d\u00e9lut\u00e1nra v\u00e1rtuk. A tervezett id\u0151pontn\u00e1l m\u00e9g hamarabb is meg\u00e9rkeztek. Nagyon \u00f6r\u00fclt\u00fcnk a programnak, mind a magyarok, mind a n\u00e9metek r\u00e9sz\u00e9r\u0151l. Mikor mindenki megtal\u00e1lta a t\u00e1rs\u00e1t elindultunk haza lepakolni a vend\u00e9geink t\u00e1sk\u00e1it&#46;&#46;&#46;<\/p>\n","protected":false},"author":1,"featured_media":578,"comment_status":"open","ping_status":"open","sticky":false,"template":"","format":"standard","meta":{"footnotes":"","_links_to":"","_links_to_target":""},"categories":[3],"tags":[],"class_list":["post-579","post","type-post","status-publish","format-standard","has-post-thumbnail","hentry","category-hirek"],"_links":{"self":[{"href":"https:\/\/szent-erzsebet.hu\/gimnazium\/wp-json\/wp\/v2\/posts\/579","targetHints":{"allow":["GET"]}}],"collection":[{"href":"https:\/\/szent-erzsebet.hu\/gimnazium\/wp-json\/wp\/v2\/posts"}],"about":[{"href":"https:\/\/szent-erzsebet.hu\/gimnazium\/wp-json\/wp\/v2\/types\/post"}],"author":[{"embeddable":true,"href":"https:\/\/szent-erzsebet.hu\/gimnazium\/wp-json\/wp\/v2\/users\/1"}],"replies":[{"embeddable":true,"href":"https:\/\/szent-erzsebet.hu\/gimnazium\/wp-json\/wp\/v2\/comments?post=579"}],"version-history":[{"count":1,"href":"https:\/\/szent-erzsebet.hu\/gimnazium\/wp-json\/wp\/v2\/posts\/579\/revisions"}],"predecessor-version":[{"id":580,"href":"https:\/\/szent-erzsebet.hu\/gimnazium\/wp-json\/wp\/v2\/posts\/579\/revisions\/580"}],"wp:featuredmedia":[{"embeddable":true,"href":"https:\/\/szent-erzsebet.hu\/gimnazium\/wp-json\/wp\/v2\/media\/578"}],"wp:attachment":[{"href":"https:\/\/szent-erzsebet.hu\/gimnazium\/wp-json\/wp\/v2\/media?parent=579"}],"wp:term":[{"taxonomy":"category","embeddable":true,"href":"https:\/\/szent-erzsebet.hu\/gimnazium\/wp-json\/wp\/v2\/categories?post=579"},{"taxonomy":"post_tag","embeddable":true,"href":"https:\/\/szent-erzsebet.hu\/gimnazium\/wp-json\/wp\/v2\/tags?post=579"}],"curies":[{"name":"wp","href":"https:\/\/api.w.org\/{rel}","templated":true}]}}