{"id":932,"date":"2020-02-03T14:10:48","date_gmt":"2020-02-03T13:10:48","guid":{"rendered":"http:\/\/szent-erzsebet.hu\/gimnazium\/?p=932"},"modified":"2020-02-03T14:10:48","modified_gmt":"2020-02-03T13:10:48","slug":"tollaslabda-diakolimpia-megyei-donto-2019-20-eredmenyek","status":"publish","type":"post","link":"https:\/\/szent-erzsebet.hu\/gimnazium\/2020\/02\/03\/tollaslabda-diakolimpia-megyei-donto-2019-20-eredmenyek\/","title":{"rendered":"TOLLASLABDA DI\u00c1KOLIMPIA MEGYEI D\u00d6NT\u0150 2019\/20 \u2013 EREDM\u00c9NYEK"},"content":{"rendered":"\n<p><em>A Szent Gy\u00f6rgy Szabadid\u0151 Egyes\u00fclet 2020. febru\u00e1r 01-\u00e9n\nrendezte a Tollaslabda Di\u00e1kolimpia Kom\u00e1rom- Esztergom Megyei D\u00f6nt\u0151j\u00e9t, az\n\u00c1rp\u00e1d-h\u00e1zi Szent Erzs\u00e9bet Gimn\u00e1zium, \u00d3voda \u00e9s \u00c1ltal\u00e1nos Iskola\ntornacsarnok\u00e1ban. Az <strong>iskola \u00e1ltal nevezett 15<\/strong> di\u00e1k k\u00f6z\u00fcl <strong>14 f\u0151\ntov\u00e1bbjutott<\/strong> a ter\u00fcleti d\u00f6nt\u0151re. Nagy k\u00f6sz\u00f6nettel tartozunk az egyes\u00fclet\nedz\u0151inek, hogy \u00e1ldozatos munk\u00e1jukkal ilyen sz\u00e9p eredm\u00e9nyeket \u00e9rtek el. Tov\u00e1bbi\nmunk\u00e1jukhoz sok sikert k\u00edv\u00e1nunk!<\/em><\/p>\n\n\n\n<p><em>AZ ISKOLA DI\u00c1KJAI \u00c1LTAL EL\u00c9RT\nEREDM\u00c9NYEK:<\/em><\/p>\n\n\n\n<p><em>&nbsp;&nbsp;&nbsp;&nbsp;&nbsp;&nbsp;&nbsp;&nbsp;&nbsp;\nII. korcsoport l\u00e1ny: 1. hely: Viszolai Fl\u00f3ra \u2013 \u00c1rp\u00e1d-h\u00e1zi Szent Erzs\u00e9bet Gimn. <\/em><\/p>\n\n\n\n<p><em>&nbsp;&nbsp;&nbsp;&nbsp;&nbsp;&nbsp;&nbsp;&nbsp;&nbsp;\nII. korcsoport fi\u00fa:&nbsp;&nbsp;&nbsp; 2. hely: V\u00edgh Attila \u2013 \u00c1rp\u00e1d-h\u00e1zi Szent\nErzs\u00e9bet Gimn.<\/em><\/p>\n\n\n\n<p><em>&nbsp;&nbsp;&nbsp;&nbsp;&nbsp;&nbsp;&nbsp;&nbsp;\nIII. korcsoport l\u00e1ny:&nbsp; 3. hely: Willner-Haring D\u00f3ra \u2013 \u00c1rp\u00e1d-h\u00e1zi Szent\nErzs\u00e9bet Gimn. <\/em><\/p>\n\n\n\n<p><em>&nbsp;&nbsp;&nbsp;&nbsp;&nbsp;&nbsp;&nbsp;&nbsp;&nbsp;\nIII. korcsoport fi\u00fa:&nbsp;&nbsp; 1. hely: Vereczkei M\u00e1t\u00e9 \u2013 \u00c1rp\u00e1d-h\u00e1zi Szent\nErzs\u00e9bet Gimn. <\/em><\/p>\n\n\n\n<p><em>&nbsp;&nbsp;&nbsp;&nbsp;&nbsp;&nbsp;&nbsp;&nbsp;&nbsp;&nbsp;&nbsp;&nbsp;&nbsp;&nbsp;&nbsp;&nbsp;&nbsp;&nbsp;&nbsp;&nbsp;&nbsp;&nbsp;&nbsp;&nbsp;&nbsp;&nbsp;&nbsp;&nbsp;&nbsp;&nbsp;&nbsp;&nbsp;&nbsp;&nbsp;&nbsp;&nbsp;&nbsp;&nbsp;&nbsp;&nbsp;&nbsp;&nbsp;\n4. hely: Kov\u00e1cs M\u00e1rk \u2013 \u00c1rp\u00e1d-h\u00e1zi Szent Erzs\u00e9bet Gimn. <\/em><\/p>\n\n\n\n<p><em>&nbsp;&nbsp;&nbsp;&nbsp;&nbsp;&nbsp;&nbsp;&nbsp;&nbsp;&nbsp;\nIV. korcsoport l\u00e1ny: 1. hely: Kov\u00e1cs No\u00e9mi \u2013 \u00c1rp\u00e1d-h\u00e1zi Szent Erzs\u00e9bet Gimn.<\/em><\/p>\n\n\n\n<p><em>&nbsp;&nbsp;&nbsp;&nbsp;&nbsp;&nbsp;&nbsp;&nbsp;&nbsp;&nbsp;&nbsp;&nbsp;&nbsp;&nbsp;&nbsp;&nbsp;&nbsp;&nbsp;&nbsp;&nbsp;&nbsp;&nbsp;&nbsp;&nbsp;&nbsp;&nbsp;&nbsp;&nbsp;&nbsp;&nbsp;&nbsp;&nbsp;&nbsp;&nbsp;&nbsp;&nbsp;&nbsp;&nbsp;&nbsp;&nbsp;&nbsp;&nbsp;&nbsp;&nbsp;\n2. hely: Nagy \u00c1gnes \u2013 \u00c1rp\u00e1d-h\u00e1zi Szent Erzs\u00e9bet Gimn. <\/em><\/p>\n\n\n\n<p><em>&nbsp;&nbsp;&nbsp;&nbsp;&nbsp;&nbsp;&nbsp;&nbsp;&nbsp;&nbsp;&nbsp;&nbsp;&nbsp;&nbsp;&nbsp;&nbsp;&nbsp;&nbsp;&nbsp;&nbsp;&nbsp;&nbsp;&nbsp;&nbsp;&nbsp;&nbsp;&nbsp;&nbsp;&nbsp;&nbsp;&nbsp;&nbsp;&nbsp;&nbsp;&nbsp;&nbsp;&nbsp;&nbsp;&nbsp;&nbsp;&nbsp;&nbsp;&nbsp;&nbsp;\n3. hely: Viszolai Laura \u2013 \u00c1rp\u00e1d-h\u00e1zi Szent Erzs\u00e9bet Gimn.<\/em><\/p>\n\n\n\n<p><em>&nbsp;&nbsp;&nbsp;&nbsp;&nbsp;&nbsp;&nbsp;&nbsp;&nbsp;&nbsp;&nbsp;&nbsp;&nbsp;\nIV. korcsoport fi\u00fa: 1. hely: Ungi B\u00e1lint \u2013 \u00c1rp\u00e1d-h\u00e1zi Szent Erzs\u00e9bet Gimn.<\/em><\/p>\n\n\n\n<p><em>&nbsp;&nbsp;&nbsp;&nbsp;&nbsp;&nbsp;&nbsp;&nbsp;&nbsp;&nbsp;&nbsp;&nbsp;&nbsp;&nbsp;&nbsp;&nbsp;&nbsp;&nbsp;&nbsp;&nbsp;&nbsp;&nbsp;&nbsp;&nbsp;&nbsp;&nbsp;&nbsp;&nbsp;&nbsp;&nbsp;&nbsp;&nbsp;&nbsp;&nbsp;&nbsp;&nbsp;&nbsp;&nbsp;&nbsp;&nbsp;&nbsp;&nbsp;&nbsp;&nbsp;&nbsp;\n3. hely: R\u00e9vay Roland \u2013 \u00c1rp\u00e1d-h\u00e1zi Szent Erzs\u00e9bet Gimn. <\/em><\/p>\n\n\n\n<p><em>&nbsp;&nbsp;&nbsp;&nbsp;&nbsp;&nbsp;&nbsp;&nbsp;&nbsp;&nbsp;&nbsp;&nbsp;\nV. korcsoport l\u00e1ny: 1. hely: Kov\u00e1cs Hanna \u2013 \u00c1rp\u00e1d-h\u00e1zi Szent Erzs\u00e9bet Gimn. <\/em><\/p>\n\n\n\n<p><em>&nbsp;&nbsp;&nbsp;&nbsp;&nbsp;&nbsp;&nbsp;&nbsp;&nbsp;&nbsp;&nbsp;&nbsp;&nbsp;&nbsp;&nbsp;&nbsp;&nbsp;&nbsp;&nbsp;&nbsp;&nbsp;&nbsp;&nbsp;&nbsp;&nbsp;&nbsp;&nbsp;&nbsp;&nbsp;&nbsp;&nbsp;&nbsp;&nbsp;&nbsp;&nbsp;&nbsp;&nbsp;&nbsp;&nbsp;&nbsp;&nbsp;&nbsp;&nbsp;&nbsp;&nbsp;&nbsp;3.\nhely: Bors Veronika \u2013 \u00c1rp\u00e1d-h\u00e1zi Szent Erzs\u00e9bet Gimn. <\/em><\/p>\n\n\n\n<p><em>&nbsp;&nbsp;&nbsp;&nbsp;&nbsp;&nbsp;&nbsp;&nbsp;&nbsp;&nbsp;&nbsp;&nbsp;&nbsp;&nbsp;\nVI. korcsoport fi\u00fa: 1. hely: Bors M\u00e1ty\u00e1s \u2013 \u00c1rp\u00e1d-h\u00e1zi Szent Erzs\u00e9bet Gimn. <\/em><\/p>\n\n\n\n<p><em>&nbsp;&nbsp;&nbsp;&nbsp;&nbsp;&nbsp;&nbsp;&nbsp;&nbsp;&nbsp;&nbsp;&nbsp;&nbsp;&nbsp;&nbsp;&nbsp;&nbsp;&nbsp;&nbsp;&nbsp;&nbsp;&nbsp;&nbsp;&nbsp;&nbsp;&nbsp;&nbsp;&nbsp;&nbsp;&nbsp;&nbsp;&nbsp;&nbsp;&nbsp;&nbsp;&nbsp;&nbsp;&nbsp;&nbsp;&nbsp;&nbsp;&nbsp;&nbsp;&nbsp;&nbsp;\n2. hely: K\u00e9ner Bonif\u00e1c \u2013 \u00c1rp\u00e1d-h\u00e1zi Szent Erzs\u00e9bet Gimn.<\/em><\/p>\n\n\n\n<p><em>A fentiek\nmindny\u00e1jan tov\u00e1bbjutottak a ter\u00fcleti d\u00f6nt\u0151re, amit febru\u00e1r 29-\u00e9n rendeznek\nSereg\u00e9lyesen. A ter\u00fcleti d\u00f6nt\u0151n 1-4. helyre befut\u00f3k jutnak be az orsz\u00e1gos\nd\u00f6nt\u0151be. Sok sikert k\u00edv\u00e1nunk a tov\u00e1bbiakban!<\/em><\/p>\n\n\n\n<p><em>Esztergom,\n2020. 02. 03.&nbsp;&nbsp;&nbsp;&nbsp;&nbsp;&nbsp;&nbsp;&nbsp;&nbsp;&nbsp;&nbsp;&nbsp;&nbsp;&nbsp;&nbsp;&nbsp;&nbsp;&nbsp;&nbsp;&nbsp;&nbsp;&nbsp;&nbsp;&nbsp;&nbsp;&nbsp;&nbsp;&nbsp;&nbsp;&nbsp;&nbsp;&nbsp;&nbsp;&nbsp;&nbsp;&nbsp;&nbsp;&nbsp;&nbsp;&nbsp;&nbsp;&nbsp;&nbsp;&nbsp;&nbsp;&nbsp;&nbsp;&nbsp;\nTaicht Istv\u00e1n mk.v.<\/em><\/p>\n","protected":false},"excerpt":{"rendered":"<p>A Szent Gy\u00f6rgy Szabadid\u0151 Egyes\u00fclet 2020. febru\u00e1r 01-\u00e9n rendezte a Tollaslabda Di\u00e1kolimpia Kom\u00e1rom- Esztergom Megyei D\u00f6nt\u0151j\u00e9t, az \u00c1rp\u00e1d-h\u00e1zi Szent Erzs\u00e9bet Gimn\u00e1zium, \u00d3voda \u00e9s \u00c1ltal\u00e1nos Iskola tornacsarnok\u00e1ban. Az iskola \u00e1ltal nevezett 15 di\u00e1k k\u00f6z\u00fcl 14&#46;&#46;&#46;<\/p>\n","protected":false},"author":1,"featured_media":933,"comment_status":"open","ping_status":"open","sticky":false,"template":"","format":"standard","meta":{"footnotes":"","_links_to":"","_links_to_target":""},"categories":[3],"tags":[],"class_list":["post-932","post","type-post","status-publish","format-standard","has-post-thumbnail","hentry","category-hirek"],"_links":{"self":[{"href":"https:\/\/szent-erzsebet.hu\/gimnazium\/wp-json\/wp\/v2\/posts\/932","targetHints":{"allow":["GET"]}}],"collection":[{"href":"https:\/\/szent-erzsebet.hu\/gimnazium\/wp-json\/wp\/v2\/posts"}],"about":[{"href":"https:\/\/szent-erzsebet.hu\/gimnazium\/wp-json\/wp\/v2\/types\/post"}],"author":[{"embeddable":true,"href":"https:\/\/szent-erzsebet.hu\/gimnazium\/wp-json\/wp\/v2\/users\/1"}],"replies":[{"embeddable":true,"href":"https:\/\/szent-erzsebet.hu\/gimnazium\/wp-json\/wp\/v2\/comments?post=932"}],"version-history":[{"count":1,"href":"https:\/\/szent-erzsebet.hu\/gimnazium\/wp-json\/wp\/v2\/posts\/932\/revisions"}],"predecessor-version":[{"id":934,"href":"https:\/\/szent-erzsebet.hu\/gimnazium\/wp-json\/wp\/v2\/posts\/932\/revisions\/934"}],"wp:featuredmedia":[{"embeddable":true,"href":"https:\/\/szent-erzsebet.hu\/gimnazium\/wp-json\/wp\/v2\/media\/933"}],"wp:attachment":[{"href":"https:\/\/szent-erzsebet.hu\/gimnazium\/wp-json\/wp\/v2\/media?parent=932"}],"wp:term":[{"taxonomy":"category","embeddable":true,"href":"https:\/\/szent-erzsebet.hu\/gimnazium\/wp-json\/wp\/v2\/categories?post=932"},{"taxonomy":"post_tag","embeddable":true,"href":"https:\/\/szent-erzsebet.hu\/gimnazium\/wp-json\/wp\/v2\/tags?post=932"}],"curies":[{"name":"wp","href":"https:\/\/api.w.org\/{rel}","templated":true}]}}