{"id":938,"date":"2020-02-04T08:55:44","date_gmt":"2020-02-04T07:55:44","guid":{"rendered":"http:\/\/szent-erzsebet.hu\/gimnazium\/?p=938"},"modified":"2020-02-04T08:55:45","modified_gmt":"2020-02-04T07:55:45","slug":"beszamolo-a-iv-korcsoportos-lany-varosi-kosarlabda-diakolimpiarol","status":"publish","type":"post","link":"https:\/\/szent-erzsebet.hu\/gimnazium\/2020\/02\/04\/beszamolo-a-iv-korcsoportos-lany-varosi-kosarlabda-diakolimpiarol\/","title":{"rendered":"Besz\u00e1mol\u00f3 a IV. korcsoportos l\u00e1ny V\u00e1rosi kos\u00e1rlabda Di\u00e1kolimpi\u00e1r\u00f3l"},"content":{"rendered":"\n<figure class=\"wp-block-image\"><img loading=\"lazy\" decoding=\"async\" width=\"1024\" height=\"768\" src=\"https:\/\/szent-erzsebet.hu\/gimnazium\/wp-content\/uploads\/sites\/5\/2020\/02\/84324581_1054460931583988_2937573397841838080_n-1024x768.jpg\" alt=\"\" class=\"wp-image-939\" srcset=\"https:\/\/szent-erzsebet.hu\/gimnazium\/wp-content\/uploads\/sites\/5\/2020\/02\/84324581_1054460931583988_2937573397841838080_n-1024x768.jpg 1024w, https:\/\/szent-erzsebet.hu\/gimnazium\/wp-content\/uploads\/sites\/5\/2020\/02\/84324581_1054460931583988_2937573397841838080_n-300x225.jpg 300w, https:\/\/szent-erzsebet.hu\/gimnazium\/wp-content\/uploads\/sites\/5\/2020\/02\/84324581_1054460931583988_2937573397841838080_n-768x576.jpg 768w, https:\/\/szent-erzsebet.hu\/gimnazium\/wp-content\/uploads\/sites\/5\/2020\/02\/84324581_1054460931583988_2937573397841838080_n.jpg 2048w\" sizes=\"auto, (max-width: 1024px) 100vw, 1024px\" \/><\/figure>\n\n\n\n<p>A V\u00e1rosi Kos\u00e1rlabda Di\u00e1kolimpi\u00e1t az \u00c1rp\u00e1d-h\u00e1zi Szent Erzs\u00e9bet Gimn\u00e1zium rendezte meg 2020-02-03-\u00e1n 11.00-\u00f3r\u00e1t\u00f3l az iskola Sportcsarnok\u00e1ban, aPet\u0151fi S\u00e1ndor \u00c1ltal\u00e1nos Iskola 7 f\u0151vel, a h\u00e1zigazda csapata16 f\u0151vel vett r\u00e9szt a torn\u00e1n. Mivel csak k\u00e9t csapat j\u00e1tszott a V\u00e1rosi Di\u00e1kolimpi\u00e1n ez\u00e9rt sorsol\u00e1sra nem volt sz\u00fcks\u00e9g. Az els\u0151 negyedet a h\u00e1zigazda hozta 18: 14-re. A m\u00e1sodik negyed nagyon kiegyenl\u00edtett j\u00e1t\u00e9kot hozott 19:17-re ezt is a hazai csapat nyerte, de volt, hogy csak egy g\u00f3llal vezetek a hazaiak. A harmadik negyedben a vend\u00e9g csapat-r\u00f6videbb cserelehet\u0151s\u00e9ge miatt- a lend\u00fclete megt\u00f6rt, de el kell mondani, hogy \u00edgy is komoly vesz\u00e9lyt jelentettek a hazai csapatra k\u00fcl\u00f6n\u00f6sen a gyorsind\u00edt\u00e1sos helyzeteket haszn\u00e1lt\u00e1k ki j\u00f3l. \u00edgy a m\u00e9rk\u0151z\u00e9s v\u00e9geredm\u00e9nye 58:52 az \u00c1rp\u00e1d-h\u00e1zi Szent Erzs\u00e9bet Gimn\u00e1zium jav\u00e1ra.<\/p>\n\n\n\n<figure class=\"wp-block-image\"><img loading=\"lazy\" decoding=\"async\" width=\"1024\" height=\"768\" src=\"https:\/\/szent-erzsebet.hu\/gimnazium\/wp-content\/uploads\/sites\/5\/2020\/02\/84334896_244419796553662_4154552965278990336_n-1024x768.jpg\" alt=\"\" class=\"wp-image-940\" srcset=\"https:\/\/szent-erzsebet.hu\/gimnazium\/wp-content\/uploads\/sites\/5\/2020\/02\/84334896_244419796553662_4154552965278990336_n-1024x768.jpg 1024w, https:\/\/szent-erzsebet.hu\/gimnazium\/wp-content\/uploads\/sites\/5\/2020\/02\/84334896_244419796553662_4154552965278990336_n-300x225.jpg 300w, https:\/\/szent-erzsebet.hu\/gimnazium\/wp-content\/uploads\/sites\/5\/2020\/02\/84334896_244419796553662_4154552965278990336_n-768x576.jpg 768w, https:\/\/szent-erzsebet.hu\/gimnazium\/wp-content\/uploads\/sites\/5\/2020\/02\/84334896_244419796553662_4154552965278990336_n.jpg 2048w\" sizes=\"auto, (max-width: 1024px) 100vw, 1024px\" \/><\/figure>\n\n\n\n<p>\u00d6sszes\u00edt\u00e9sben teh\u00e1t a v\u00e9geredm\u00e9ny a\nk\u00f6vetkez\u0151:<\/p>\n\n\n\n<p>I. \u00c1rp\u00e1d- h\u00e1zi Szent Erzs\u00e9bet Gimn\u00e1zium<\/p>\n\n\n\n<p>II. Pet\u0151fi S\u00e1ndor \u00c1ltal\u00e1nos Iskola,<\/p>\n\n\n\n<p>A\nhazai csapat n\u00e9vsora:<\/p>\n\n\n\n<p>5.C Visnics Luca, Balogh Ol\u00edvia<br>7.A Berze Zita, Szalai Panni, J\u00f3zsa Lilla, Puksa Luca, Holyba Kata,Horv\u00e1th Lili, Hertlik N\u00f3ra,<br>7.C Kritzer Dorina, De\u00e1k Lea,<br>8.A S\u00e1rk\u00f6zi Borb\u00e1la,<br>8.B Ferv\u00e1gner Anna,<br>8.C Szatm\u00e1ri Eszter, Gergely Eli\u00e1na, Kov\u00e1cs-K\u00f3m\u00e1r Berta,<\/p>\n\n\n\n<p>Gratul\u00e1lunk az el\u00e9rt eredm\u00e9nyhez, \u00e9s\ntov\u00e1bbi sz\u00e9p sikereket k\u00edv\u00e1nunk!<\/p>\n\n\n\n<p>Hajr\u00e1 Erzs\u00e9bet!<br>Esztergom, 2020-02-03<br>Farkas Istv\u00e1n testnevel\u0151<\/p>\n","protected":false},"excerpt":{"rendered":"<p>A V\u00e1rosi Kos\u00e1rlabda Di\u00e1kolimpi\u00e1t az \u00c1rp\u00e1d-h\u00e1zi Szent Erzs\u00e9bet Gimn\u00e1zium rendezte meg 2020-02-03-\u00e1n 11.00-\u00f3r\u00e1t\u00f3l az iskola Sportcsarnok\u00e1ban, aPet\u0151fi S\u00e1ndor \u00c1ltal\u00e1nos Iskola 7 f\u0151vel, a h\u00e1zigazda csapata16 f\u0151vel vett r\u00e9szt a torn\u00e1n. Mivel csak k\u00e9t csapat&#46;&#46;&#46;<\/p>\n","protected":false},"author":1,"featured_media":939,"comment_status":"open","ping_status":"open","sticky":false,"template":"","format":"standard","meta":{"footnotes":"","_links_to":"","_links_to_target":""},"categories":[3],"tags":[],"class_list":["post-938","post","type-post","status-publish","format-standard","has-post-thumbnail","hentry","category-hirek"],"_links":{"self":[{"href":"https:\/\/szent-erzsebet.hu\/gimnazium\/wp-json\/wp\/v2\/posts\/938","targetHints":{"allow":["GET"]}}],"collection":[{"href":"https:\/\/szent-erzsebet.hu\/gimnazium\/wp-json\/wp\/v2\/posts"}],"about":[{"href":"https:\/\/szent-erzsebet.hu\/gimnazium\/wp-json\/wp\/v2\/types\/post"}],"author":[{"embeddable":true,"href":"https:\/\/szent-erzsebet.hu\/gimnazium\/wp-json\/wp\/v2\/users\/1"}],"replies":[{"embeddable":true,"href":"https:\/\/szent-erzsebet.hu\/gimnazium\/wp-json\/wp\/v2\/comments?post=938"}],"version-history":[{"count":1,"href":"https:\/\/szent-erzsebet.hu\/gimnazium\/wp-json\/wp\/v2\/posts\/938\/revisions"}],"predecessor-version":[{"id":942,"href":"https:\/\/szent-erzsebet.hu\/gimnazium\/wp-json\/wp\/v2\/posts\/938\/revisions\/942"}],"wp:featuredmedia":[{"embeddable":true,"href":"https:\/\/szent-erzsebet.hu\/gimnazium\/wp-json\/wp\/v2\/media\/939"}],"wp:attachment":[{"href":"https:\/\/szent-erzsebet.hu\/gimnazium\/wp-json\/wp\/v2\/media?parent=938"}],"wp:term":[{"taxonomy":"category","embeddable":true,"href":"https:\/\/szent-erzsebet.hu\/gimnazium\/wp-json\/wp\/v2\/categories?post=938"},{"taxonomy":"post_tag","embeddable":true,"href":"https:\/\/szent-erzsebet.hu\/gimnazium\/wp-json\/wp\/v2\/tags?post=938"}],"curies":[{"name":"wp","href":"https:\/\/api.w.org\/{rel}","templated":true}]}}