{"id":1030,"date":"2020-10-15T13:16:55","date_gmt":"2020-10-15T12:16:55","guid":{"rendered":"http:\/\/szent-erzsebet.hu\/iskola\/?p=1030"},"modified":"2020-10-15T13:16:56","modified_gmt":"2020-10-15T12:16:56","slug":"a-termeszetjaro-szakkor-1-kirandulasa","status":"publish","type":"post","link":"https:\/\/szent-erzsebet.hu\/iskola\/2020\/10\/15\/a-termeszetjaro-szakkor-1-kirandulasa\/","title":{"rendered":"A term\u00e9szetj\u00e1r\u00f3 szakk\u00f6r 1. kir\u00e1ndul\u00e1sa"},"content":{"rendered":"\n<p>Ebben a tan\u00e9vben 2020. okt\u00f3ber 10-\u00e9n,\nszombaton csodasz\u00e9p, naps\u00fct\u00e9ses id\u0151ben iskol\u00e1nk als\u00f3 tagozatos term\u00e9szetj\u00e1r\u00f3\nszakk\u00f6r\u00f6s tanul\u00f3i felkerekedtek \u00e9s els\u00e9t\u00e1ltak a B\u00fab\u00e1natv\u00f6lgybe majd a\nMaj\u00e1lis-forr\u00e1shoz. \u00datk\u00f6zben megcsod\u00e1lhatt\u00e1k a gy\u00f6ny\u00f6r\u0171 term\u00e9szetet. A 12 km-es\nt\u00far\u00e1t mindenki kitart\u00f3an teljes\u00edtette.<\/p>\n\n\n\n<p style=\"text-align:center\"><a href=\"http:\/\/szent-erzsebet.hu\/iskola\/wp-content\/uploads\/sites\/3\/2020\/10\/A-term\u00e9szetj\u00e1r\u00f3-szakk\u00f6r-1-2.pdf\" target=\"_blank\" rel=\"noreferrer noopener\" aria-label=\"<<<B\u0151vebben&gt;&gt;&gt; (\u00faj f\u00fcl\u00f6n nyitja meg)\">&lt;&lt;&lt;B\u0151vebben>>><\/a><\/p>\n","protected":false},"excerpt":{"rendered":"<p>Ebben a tan\u00e9vben 2020. okt\u00f3ber 10-\u00e9n, szombaton csodasz\u00e9p, naps\u00fct\u00e9ses id\u0151ben iskol\u00e1nk als\u00f3 tagozatos term\u00e9szetj\u00e1r\u00f3 szakk\u00f6r\u00f6s tanul\u00f3i felkerekedtek \u00e9s els\u00e9t\u00e1ltak a B\u00fab\u00e1natv\u00f6lgybe majd a Maj\u00e1lis-forr\u00e1shoz. \u00datk\u00f6zben megcsod\u00e1lhatt\u00e1k a gy\u00f6ny\u00f6r\u0171 term\u00e9szetet. A 12 km-es t\u00far\u00e1t mindenki&#46;&#46;&#46;<\/p>\n","protected":false},"author":1,"featured_media":1031,"comment_status":"closed","ping_status":"closed","sticky":false,"template":"","format":"standard","meta":{"footnotes":"","_links_to":"","_links_to_target":""},"categories":[3],"tags":[],"class_list":["post-1030","post","type-post","status-publish","format-standard","has-post-thumbnail","hentry","category-hirek"],"_links":{"self":[{"href":"https:\/\/szent-erzsebet.hu\/iskola\/wp-json\/wp\/v2\/posts\/1030","targetHints":{"allow":["GET"]}}],"collection":[{"href":"https:\/\/szent-erzsebet.hu\/iskola\/wp-json\/wp\/v2\/posts"}],"about":[{"href":"https:\/\/szent-erzsebet.hu\/iskola\/wp-json\/wp\/v2\/types\/post"}],"author":[{"embeddable":true,"href":"https:\/\/szent-erzsebet.hu\/iskola\/wp-json\/wp\/v2\/users\/1"}],"replies":[{"embeddable":true,"href":"https:\/\/szent-erzsebet.hu\/iskola\/wp-json\/wp\/v2\/comments?post=1030"}],"version-history":[{"count":1,"href":"https:\/\/szent-erzsebet.hu\/iskola\/wp-json\/wp\/v2\/posts\/1030\/revisions"}],"predecessor-version":[{"id":1032,"href":"https:\/\/szent-erzsebet.hu\/iskola\/wp-json\/wp\/v2\/posts\/1030\/revisions\/1032"}],"wp:featuredmedia":[{"embeddable":true,"href":"https:\/\/szent-erzsebet.hu\/iskola\/wp-json\/wp\/v2\/media\/1031"}],"wp:attachment":[{"href":"https:\/\/szent-erzsebet.hu\/iskola\/wp-json\/wp\/v2\/media?parent=1030"}],"wp:term":[{"taxonomy":"category","embeddable":true,"href":"https:\/\/szent-erzsebet.hu\/iskola\/wp-json\/wp\/v2\/categories?post=1030"},{"taxonomy":"post_tag","embeddable":true,"href":"https:\/\/szent-erzsebet.hu\/iskola\/wp-json\/wp\/v2\/tags?post=1030"}],"curies":[{"name":"wp","href":"https:\/\/api.w.org\/{rel}","templated":true}]}}