{"id":1607,"date":"2022-03-07T12:52:45","date_gmt":"2022-03-07T11:52:45","guid":{"rendered":"http:\/\/szent-erzsebet.hu\/iskola\/?p=1607"},"modified":"2022-03-07T12:52:46","modified_gmt":"2022-03-07T11:52:46","slug":"ismet-hivogat-az-iskola","status":"publish","type":"post","link":"https:\/\/szent-erzsebet.hu\/iskola\/2022\/03\/07\/ismet-hivogat-az-iskola\/","title":{"rendered":"Ism\u00e9t h\u00edvogat az iskola!"},"content":{"rendered":"\n<div class=\"wp-block-image\"><figure class=\"aligncenter is-resized\"><img loading=\"lazy\" decoding=\"async\" src=\"https:\/\/szent-erzsebet.hu\/iskola\/wp-content\/uploads\/sites\/3\/2022\/03\/h\u00edvogat-az-iskola-2.png\" alt=\"\" class=\"wp-image-1608\" width=\"667\" height=\"483\" srcset=\"https:\/\/szent-erzsebet.hu\/iskola\/wp-content\/uploads\/sites\/3\/2022\/03\/h\u00edvogat-az-iskola-2.png 2000w, https:\/\/szent-erzsebet.hu\/iskola\/wp-content\/uploads\/sites\/3\/2022\/03\/h\u00edvogat-az-iskola-2-300x217.png 300w, https:\/\/szent-erzsebet.hu\/iskola\/wp-content\/uploads\/sites\/3\/2022\/03\/h\u00edvogat-az-iskola-2-768x556.png 768w\" sizes=\"auto, (max-width: 667px) 100vw, 667px\" \/><\/figure><\/div>\n\n\n\n<p style=\"text-align:center\"><strong>\u00dajabb zen\u00e9s mese-d\u00e9lut\u00e1nra h\u00edvjuk az iskol\u00e1ba k\u00e9sz\u00fcl\u0151 gyermekeket m\u00e1rcius 10-\u00e9n az iskola aul\u00e1j\u00e1ba. Ha k\u00edv\u00e1ncsiak vagytok, milyen volt az el\u0151z\u0151 mes\u00e9nk, n\u00e9zzetek bele az al\u00e1bbi vide\u00f3ba:<\/strong><\/p>\n\n\n\n<center><iframe loading=\"lazy\" width=\"560\" height=\"315\" src=\"https:\/\/www.youtube.com\/embed\/gEOB8eMkaEs\" title=\"YouTube video player\" frameborder=\"0\" allow=\"accelerometer; autoplay; clipboard-write; encrypted-media; gyroscope; picture-in-picture\" allowfullscreen><\/iframe><\/center>\n","protected":false},"excerpt":{"rendered":"<p>\u00dajabb zen\u00e9s mese-d\u00e9lut\u00e1nra h\u00edvjuk az iskol\u00e1ba k\u00e9sz\u00fcl\u0151 gyermekeket m\u00e1rcius 10-\u00e9n az iskola aul\u00e1j\u00e1ba. Ha k\u00edv\u00e1ncsiak vagytok, milyen volt az el\u0151z\u0151 mes\u00e9nk, n\u00e9zzetek bele az al\u00e1bbi vide\u00f3ba:<\/p>\n","protected":false},"author":1,"featured_media":1608,"comment_status":"closed","ping_status":"closed","sticky":false,"template":"","format":"standard","meta":{"footnotes":"","_links_to":"","_links_to_target":""},"categories":[3],"tags":[],"class_list":["post-1607","post","type-post","status-publish","format-standard","has-post-thumbnail","hentry","category-hirek"],"_links":{"self":[{"href":"https:\/\/szent-erzsebet.hu\/iskola\/wp-json\/wp\/v2\/posts\/1607","targetHints":{"allow":["GET"]}}],"collection":[{"href":"https:\/\/szent-erzsebet.hu\/iskola\/wp-json\/wp\/v2\/posts"}],"about":[{"href":"https:\/\/szent-erzsebet.hu\/iskola\/wp-json\/wp\/v2\/types\/post"}],"author":[{"embeddable":true,"href":"https:\/\/szent-erzsebet.hu\/iskola\/wp-json\/wp\/v2\/users\/1"}],"replies":[{"embeddable":true,"href":"https:\/\/szent-erzsebet.hu\/iskola\/wp-json\/wp\/v2\/comments?post=1607"}],"version-history":[{"count":1,"href":"https:\/\/szent-erzsebet.hu\/iskola\/wp-json\/wp\/v2\/posts\/1607\/revisions"}],"predecessor-version":[{"id":1609,"href":"https:\/\/szent-erzsebet.hu\/iskola\/wp-json\/wp\/v2\/posts\/1607\/revisions\/1609"}],"wp:featuredmedia":[{"embeddable":true,"href":"https:\/\/szent-erzsebet.hu\/iskola\/wp-json\/wp\/v2\/media\/1608"}],"wp:attachment":[{"href":"https:\/\/szent-erzsebet.hu\/iskola\/wp-json\/wp\/v2\/media?parent=1607"}],"wp:term":[{"taxonomy":"category","embeddable":true,"href":"https:\/\/szent-erzsebet.hu\/iskola\/wp-json\/wp\/v2\/categories?post=1607"},{"taxonomy":"post_tag","embeddable":true,"href":"https:\/\/szent-erzsebet.hu\/iskola\/wp-json\/wp\/v2\/tags?post=1607"}],"curies":[{"name":"wp","href":"https:\/\/api.w.org\/{rel}","templated":true}]}}