{"id":1671,"date":"2022-06-20T12:23:12","date_gmt":"2022-06-20T11:23:12","guid":{"rendered":"http:\/\/szent-erzsebet.hu\/iskola\/?p=1671"},"modified":"2022-06-20T12:23:14","modified_gmt":"2022-06-20T11:23:14","slug":"orszagos-versenyeredmenyek-az-arpad-hazi-also-tagozatan","status":"publish","type":"post","link":"https:\/\/szent-erzsebet.hu\/iskola\/2022\/06\/20\/orszagos-versenyeredmenyek-az-arpad-hazi-also-tagozatan\/","title":{"rendered":"Orsz\u00e1gos versenyeredm\u00e9nyek az \u00c1rp\u00e1d-h\u00e1zi als\u00f3 tagozat\u00e1n!"},"content":{"rendered":"\n<p><strong>A \u201eTud\u00e1sbajnoks\u00e1g\u201d levelez\u0151s tanulm\u00e1nyi verseny\u00e9n <\/strong><strong>orsz\u00e1gos I. helyez\u00e9st \u00e9rtek el:<\/strong><\/p>\n\n\n\n<p><strong>T\u00f3th P\u00e1l R\u00e9ka<\/strong><strong>&nbsp;\/1.c\/<\/strong> K\u00f6rnyezetismeret, Olvas\u00e1s- sz\u00f6veg\u00e9rt\u00e9s <\/p>\n\n\n\n<p><strong>Osztermayer Felici\u00e1n\nVilmos<\/strong>&nbsp;\/1.a\/ Matematika<\/p>\n\n\n\n<p><strong>\u201eNyelv\u00c9SZ\u201d &nbsp;Anyanyelvi tanulm\u00e1nyi\nverseny orsz\u00e1gos d\u00f6nt\u0151j\u00e9nek I. helyezettje: <\/strong><\/p>\n\n\n\n<p><strong>Szil\u00e1gyi Johanna L\u00e9na<\/strong>\u00a01.c oszt\u00e1lyos tanul\u00f3<\/p>\n\n\n\n<figure class=\"wp-block-image\"><img loading=\"lazy\" decoding=\"async\" width=\"3000\" height=\"4000\" src=\"https:\/\/szent-erzsebet.hu\/iskola\/wp-content\/uploads\/sites\/3\/2022\/06\/20220614_075052-1.jpg\" alt=\"\" class=\"wp-image-1672\" srcset=\"https:\/\/szent-erzsebet.hu\/iskola\/wp-content\/uploads\/sites\/3\/2022\/06\/20220614_075052-1.jpg 3000w, https:\/\/szent-erzsebet.hu\/iskola\/wp-content\/uploads\/sites\/3\/2022\/06\/20220614_075052-1-225x300.jpg 225w, https:\/\/szent-erzsebet.hu\/iskola\/wp-content\/uploads\/sites\/3\/2022\/06\/20220614_075052-1-768x1024.jpg 768w\" sizes=\"auto, (max-width: 3000px) 100vw, 3000px\" \/><\/figure>\n\n\n\n<figure class=\"wp-block-image\"><img loading=\"lazy\" decoding=\"async\" width=\"3000\" height=\"4000\" src=\"https:\/\/szent-erzsebet.hu\/iskola\/wp-content\/uploads\/sites\/3\/2022\/06\/20220618_141503.jpg\" alt=\"\" class=\"wp-image-1673\" srcset=\"https:\/\/szent-erzsebet.hu\/iskola\/wp-content\/uploads\/sites\/3\/2022\/06\/20220618_141503.jpg 3000w, https:\/\/szent-erzsebet.hu\/iskola\/wp-content\/uploads\/sites\/3\/2022\/06\/20220618_141503-225x300.jpg 225w, https:\/\/szent-erzsebet.hu\/iskola\/wp-content\/uploads\/sites\/3\/2022\/06\/20220618_141503-768x1024.jpg 768w\" sizes=\"auto, (max-width: 3000px) 100vw, 3000px\" \/><\/figure>\n","protected":false},"excerpt":{"rendered":"<p>A \u201eTud\u00e1sbajnoks\u00e1g\u201d levelez\u0151s tanulm\u00e1nyi verseny\u00e9n orsz\u00e1gos I. helyez\u00e9st \u00e9rtek el: T\u00f3th P\u00e1l R\u00e9ka&nbsp;\/1.c\/ K\u00f6rnyezetismeret, Olvas\u00e1s- sz\u00f6veg\u00e9rt\u00e9s Osztermayer Felici\u00e1n Vilmos&nbsp;\/1.a\/ Matematika \u201eNyelv\u00c9SZ\u201d &nbsp;Anyanyelvi tanulm\u00e1nyi verseny orsz\u00e1gos d\u00f6nt\u0151j\u00e9nek I. helyezettje: Szil\u00e1gyi Johanna L\u00e9na\u00a01.c oszt\u00e1lyos tanul\u00f3<\/p>\n","protected":false},"author":1,"featured_media":1672,"comment_status":"closed","ping_status":"closed","sticky":false,"template":"","format":"standard","meta":{"footnotes":"","_links_to":"","_links_to_target":""},"categories":[3],"tags":[],"class_list":["post-1671","post","type-post","status-publish","format-standard","has-post-thumbnail","hentry","category-hirek"],"_links":{"self":[{"href":"https:\/\/szent-erzsebet.hu\/iskola\/wp-json\/wp\/v2\/posts\/1671","targetHints":{"allow":["GET"]}}],"collection":[{"href":"https:\/\/szent-erzsebet.hu\/iskola\/wp-json\/wp\/v2\/posts"}],"about":[{"href":"https:\/\/szent-erzsebet.hu\/iskola\/wp-json\/wp\/v2\/types\/post"}],"author":[{"embeddable":true,"href":"https:\/\/szent-erzsebet.hu\/iskola\/wp-json\/wp\/v2\/users\/1"}],"replies":[{"embeddable":true,"href":"https:\/\/szent-erzsebet.hu\/iskola\/wp-json\/wp\/v2\/comments?post=1671"}],"version-history":[{"count":1,"href":"https:\/\/szent-erzsebet.hu\/iskola\/wp-json\/wp\/v2\/posts\/1671\/revisions"}],"predecessor-version":[{"id":1674,"href":"https:\/\/szent-erzsebet.hu\/iskola\/wp-json\/wp\/v2\/posts\/1671\/revisions\/1674"}],"wp:featuredmedia":[{"embeddable":true,"href":"https:\/\/szent-erzsebet.hu\/iskola\/wp-json\/wp\/v2\/media\/1672"}],"wp:attachment":[{"href":"https:\/\/szent-erzsebet.hu\/iskola\/wp-json\/wp\/v2\/media?parent=1671"}],"wp:term":[{"taxonomy":"category","embeddable":true,"href":"https:\/\/szent-erzsebet.hu\/iskola\/wp-json\/wp\/v2\/categories?post=1671"},{"taxonomy":"post_tag","embeddable":true,"href":"https:\/\/szent-erzsebet.hu\/iskola\/wp-json\/wp\/v2\/tags?post=1671"}],"curies":[{"name":"wp","href":"https:\/\/api.w.org\/{rel}","templated":true}]}}