{"id":1675,"date":"2022-06-21T09:42:01","date_gmt":"2022-06-21T08:42:01","guid":{"rendered":"http:\/\/szent-erzsebet.hu\/iskola\/?p=1675"},"modified":"2022-06-21T09:42:02","modified_gmt":"2022-06-21T08:42:02","slug":"te-deum-tanevzaro-szentmise-a-szent-erzsebet-iskola-also-tagozatan","status":"publish","type":"post","link":"https:\/\/szent-erzsebet.hu\/iskola\/2022\/06\/21\/te-deum-tanevzaro-szentmise-a-szent-erzsebet-iskola-also-tagozatan\/","title":{"rendered":"Te Deum \u2013 tan\u00e9vz\u00e1r\u00f3 szentmise a Szent Erzs\u00e9bet Iskola als\u00f3 tagozat\u00e1n"},"content":{"rendered":"\n<figure class=\"wp-block-image\"><img loading=\"lazy\" decoding=\"async\" width=\"2040\" height=\"1530\" src=\"https:\/\/szent-erzsebet.hu\/iskola\/wp-content\/uploads\/sites\/3\/2022\/06\/288576920_728999545088044_6823353580425493409_n-2.jpg\" alt=\"\" class=\"wp-image-1676\" srcset=\"https:\/\/szent-erzsebet.hu\/iskola\/wp-content\/uploads\/sites\/3\/2022\/06\/288576920_728999545088044_6823353580425493409_n-2.jpg 2040w, https:\/\/szent-erzsebet.hu\/iskola\/wp-content\/uploads\/sites\/3\/2022\/06\/288576920_728999545088044_6823353580425493409_n-2-300x225.jpg 300w, https:\/\/szent-erzsebet.hu\/iskola\/wp-content\/uploads\/sites\/3\/2022\/06\/288576920_728999545088044_6823353580425493409_n-2-768x576.jpg 768w\" sizes=\"auto, (max-width: 2040px) 100vw, 2040px\" \/><\/figure>\n\n\n\n<p>Az als\u00f3 tagozat tan\u00e9vz\u00e1r\u00f3 szentmis\u00e9je a V\u00edziv\u00e1rosi\nTemplomban volt. R\u00f3bert atya nagy szeretettel, a J\u00f3 Isten \u00e1ld\u00e1s\u00e1val bocs\u00e1totta\nny\u00e1ri vak\u00e1ci\u00f3ra a kisdi\u00e1kokat. <\/p>\n\n\n\n<p>A szentmis\u00e9t k\u00f6vet\u0151en egy\u00fctt \u00f6r\u00fclt\u00fcnk az el\u00e9rt sikereknek, megtapsoltuk a n\u00e9gy \u00e9ven \u00e1t kit\u0171n\u0151 teljes\u00edtm\u00e9nyt ny\u00fajt\u00f3 tanul\u00f3kat. <\/p>\n\n\n\n<figure class=\"wp-block-image\"><img loading=\"lazy\" decoding=\"async\" width=\"1496\" height=\"2000\" src=\"https:\/\/szent-erzsebet.hu\/iskola\/wp-content\/uploads\/sites\/3\/2022\/06\/287772578_998057700908464_3338201358557310867_n-2.jpg\" alt=\"\" class=\"wp-image-1677\" srcset=\"https:\/\/szent-erzsebet.hu\/iskola\/wp-content\/uploads\/sites\/3\/2022\/06\/287772578_998057700908464_3338201358557310867_n-2.jpg 1496w, https:\/\/szent-erzsebet.hu\/iskola\/wp-content\/uploads\/sites\/3\/2022\/06\/287772578_998057700908464_3338201358557310867_n-2-224x300.jpg 224w, https:\/\/szent-erzsebet.hu\/iskola\/wp-content\/uploads\/sites\/3\/2022\/06\/287772578_998057700908464_3338201358557310867_n-2-768x1027.jpg 768w\" sizes=\"auto, (max-width: 1496px) 100vw, 1496px\" \/><\/figure>\n\n\n\n<p>Az elm\u00falt tan\u00e9vben sok tanulm\u00e1nyi \u00e9s sportversenyen vettek r\u00e9szt tanul\u00f3ink, ahol nagyon sz\u00e9p eredm\u00e9nyeket \u00e9rtek el. A v\u00e1rosi versenyeken el\u00e9rt eredm\u00e9nyek mellett megyei \u2013 k\u00f6rzeti \u00e9s orsz\u00e1gos helyez\u00e9sekkel b\u00fcszk\u00e9lkedhetnek az als\u00f3 tagozat kisdi\u00e1kjai: Bolyai anyanyelvi k\u00f6rzeti verseny I. II. \u00e9s III. hely, Bolyai matematika k\u00f6rzeti II. hely. A\u00a0 Zr\u00ednyi Ilona matematika verseny megyei fordul\u00f3j\u00e1n k\u00e9t tanul\u00f3 I. helyez\u00e9st \u00e9rt el, az orsz\u00e1gos fordul\u00f3 nagy sikere a megszerzett 18. hely. <\/p>\n\n\n\n<figure class=\"wp-block-image\"><img loading=\"lazy\" decoding=\"async\" width=\"1496\" height=\"2000\" src=\"https:\/\/szent-erzsebet.hu\/iskola\/wp-content\/uploads\/sites\/3\/2022\/06\/288331293_370502461733712_7568018958128016218_n-2.jpg\" alt=\"\" class=\"wp-image-1678\" srcset=\"https:\/\/szent-erzsebet.hu\/iskola\/wp-content\/uploads\/sites\/3\/2022\/06\/288331293_370502461733712_7568018958128016218_n-2.jpg 1496w, https:\/\/szent-erzsebet.hu\/iskola\/wp-content\/uploads\/sites\/3\/2022\/06\/288331293_370502461733712_7568018958128016218_n-2-224x300.jpg 224w, https:\/\/szent-erzsebet.hu\/iskola\/wp-content\/uploads\/sites\/3\/2022\/06\/288331293_370502461733712_7568018958128016218_n-2-768x1027.jpg 768w\" sizes=\"auto, (max-width: 1496px) 100vw, 1496px\" \/><\/figure>\n\n\n\n<p>A Kenguru matematika verseny r\u00e9sztvev\u0151i is megyei I. helyez\u00e9sekkel\nb\u00fcszk\u00e9lkedhetnek.<\/p>\n\n\n\n<p>A tanulm\u00e1nyi versenyek mellett a sportban is \u00e9len j\u00e1rtak di\u00e1kjaink. Kos\u00e1rlabd\u00e1ban megyei II. helyez\u00e9st \u00e9rtek el. A v\u00e1rosi \u00fasz\u00f3versenyen ny\u00fajtott teljes\u00edtm\u00e9ny\u00fck alapj\u00e1n tanul\u00f3ink bejutottak a megyei d\u00f6nt\u0151be. A di\u00e1kolimpia kardv\u00edv\u00e1s verseny\u00e9r\u0151l is dobog\u00f3s helyez\u00e9ssel \u00e9rkeztek haza sportos kisdi\u00e1kjaink.<\/p>\n\n\n\n<figure class=\"wp-block-image\"><img loading=\"lazy\" decoding=\"async\" width=\"1496\" height=\"2000\" src=\"https:\/\/szent-erzsebet.hu\/iskola\/wp-content\/uploads\/sites\/3\/2022\/06\/288917155_358518759645072_7830113112501705785_n-2.jpg\" alt=\"\" class=\"wp-image-1679\" srcset=\"https:\/\/szent-erzsebet.hu\/iskola\/wp-content\/uploads\/sites\/3\/2022\/06\/288917155_358518759645072_7830113112501705785_n-2.jpg 1496w, https:\/\/szent-erzsebet.hu\/iskola\/wp-content\/uploads\/sites\/3\/2022\/06\/288917155_358518759645072_7830113112501705785_n-2-224x300.jpg 224w, https:\/\/szent-erzsebet.hu\/iskola\/wp-content\/uploads\/sites\/3\/2022\/06\/288917155_358518759645072_7830113112501705785_n-2-768x1027.jpg 768w\" sizes=\"auto, (max-width: 1496px) 100vw, 1496px\" \/><\/figure>\n\n\n\n<p>K\u00f6sz\u00f6nj\u00fck a sz\u00e9p eredm\u00e9nyeket!<\/p>\n","protected":false},"excerpt":{"rendered":"<p>Az als\u00f3 tagozat tan\u00e9vz\u00e1r\u00f3 szentmis\u00e9je a V\u00edziv\u00e1rosi Templomban volt. R\u00f3bert atya nagy szeretettel, a J\u00f3 Isten \u00e1ld\u00e1s\u00e1val bocs\u00e1totta ny\u00e1ri vak\u00e1ci\u00f3ra a kisdi\u00e1kokat. A szentmis\u00e9t k\u00f6vet\u0151en egy\u00fctt \u00f6r\u00fclt\u00fcnk az el\u00e9rt sikereknek, megtapsoltuk a n\u00e9gy \u00e9ven&#46;&#46;&#46;<\/p>\n","protected":false},"author":1,"featured_media":1676,"comment_status":"closed","ping_status":"closed","sticky":false,"template":"","format":"standard","meta":{"footnotes":"","_links_to":"","_links_to_target":""},"categories":[3],"tags":[],"class_list":["post-1675","post","type-post","status-publish","format-standard","has-post-thumbnail","hentry","category-hirek"],"_links":{"self":[{"href":"https:\/\/szent-erzsebet.hu\/iskola\/wp-json\/wp\/v2\/posts\/1675","targetHints":{"allow":["GET"]}}],"collection":[{"href":"https:\/\/szent-erzsebet.hu\/iskola\/wp-json\/wp\/v2\/posts"}],"about":[{"href":"https:\/\/szent-erzsebet.hu\/iskola\/wp-json\/wp\/v2\/types\/post"}],"author":[{"embeddable":true,"href":"https:\/\/szent-erzsebet.hu\/iskola\/wp-json\/wp\/v2\/users\/1"}],"replies":[{"embeddable":true,"href":"https:\/\/szent-erzsebet.hu\/iskola\/wp-json\/wp\/v2\/comments?post=1675"}],"version-history":[{"count":1,"href":"https:\/\/szent-erzsebet.hu\/iskola\/wp-json\/wp\/v2\/posts\/1675\/revisions"}],"predecessor-version":[{"id":1680,"href":"https:\/\/szent-erzsebet.hu\/iskola\/wp-json\/wp\/v2\/posts\/1675\/revisions\/1680"}],"wp:featuredmedia":[{"embeddable":true,"href":"https:\/\/szent-erzsebet.hu\/iskola\/wp-json\/wp\/v2\/media\/1676"}],"wp:attachment":[{"href":"https:\/\/szent-erzsebet.hu\/iskola\/wp-json\/wp\/v2\/media?parent=1675"}],"wp:term":[{"taxonomy":"category","embeddable":true,"href":"https:\/\/szent-erzsebet.hu\/iskola\/wp-json\/wp\/v2\/categories?post=1675"},{"taxonomy":"post_tag","embeddable":true,"href":"https:\/\/szent-erzsebet.hu\/iskola\/wp-json\/wp\/v2\/tags?post=1675"}],"curies":[{"name":"wp","href":"https:\/\/api.w.org\/{rel}","templated":true}]}}