{"id":2010,"date":"2024-12-02T12:12:04","date_gmt":"2024-12-02T11:12:04","guid":{"rendered":"https:\/\/szent-erzsebet.hu\/iskola\/?p=2010"},"modified":"2024-12-02T12:12:05","modified_gmt":"2024-12-02T11:12:05","slug":"bolyai-anyanyelvi-csapatverseny-2","status":"publish","type":"post","link":"https:\/\/szent-erzsebet.hu\/iskola\/2024\/12\/02\/bolyai-anyanyelvi-csapatverseny-2\/","title":{"rendered":"BOLYAI ANYANYELVI CSAPATVERSENY"},"content":{"rendered":"\n<p>A Bolyai Anyanyelvi Csapatverseny k\u00f6rzeti fordul\u00f3j\u00e1n kisdi\u00e1kjaink id\u00e9n is sz\u00e9p eredm\u00e9nyeket \u00e9rtek el. A 3. \u00e9s 4. oszt\u00e1lyos gyerekek helyez\u00e9sei:<\/p>\n\n\n\n<p>&nbsp;<strong>4.a: I. hely, 3.a \u00e9s 4.b: III. hely, 4.b: V.hely, 3.b: VI. helyez\u00e9s.<\/strong><\/p>\n\n\n\n<p>Felk\u00e9sz\u00edt\u0151 pedag\u00f3gusok: Makovicsn\u00e9 Nebehaj Katalin, Szab\u00f3 Krisztina, B\u00e1nszky \u00c9va, Demeter Judit.<\/p>\n\n\n\n<p>Gratul\u00e1lunk az el\u00e9rt eredm\u00e9nyekhez!&nbsp;<\/p>\n\n\n\n<figure class=\"wp-block-image size-full\"><img loading=\"lazy\" decoding=\"async\" width=\"2560\" height=\"1920\" src=\"https:\/\/szent-erzsebet.hu\/iskola\/wp-content\/uploads\/sites\/3\/2024\/12\/IMG-4761-1-scaled.jpg\" alt=\"\" class=\"wp-image-2012\" srcset=\"https:\/\/szent-erzsebet.hu\/iskola\/wp-content\/uploads\/sites\/3\/2024\/12\/IMG-4761-1-scaled.jpg 2560w, https:\/\/szent-erzsebet.hu\/iskola\/wp-content\/uploads\/sites\/3\/2024\/12\/IMG-4761-1-300x225.jpg 300w, https:\/\/szent-erzsebet.hu\/iskola\/wp-content\/uploads\/sites\/3\/2024\/12\/IMG-4761-1-768x576.jpg 768w, https:\/\/szent-erzsebet.hu\/iskola\/wp-content\/uploads\/sites\/3\/2024\/12\/IMG-4761-1-1536x1152.jpg 1536w, https:\/\/szent-erzsebet.hu\/iskola\/wp-content\/uploads\/sites\/3\/2024\/12\/IMG-4761-1-2048x1536.jpg 2048w\" sizes=\"auto, (max-width: 2560px) 100vw, 2560px\" \/><\/figure>\n","protected":false},"excerpt":{"rendered":"<p>A Bolyai Anyanyelvi Csapatverseny k\u00f6rzeti fordul\u00f3j\u00e1n kisdi\u00e1kjaink id\u00e9n is sz\u00e9p eredm\u00e9nyeket \u00e9rtek el. A 3. \u00e9s 4. oszt\u00e1lyos gyerekek helyez\u00e9sei: &nbsp;4.a: I. hely, 3.a \u00e9s 4.b: III. hely, 4.b: V.hely, 3.b: VI. helyez\u00e9s. Felk\u00e9sz\u00edt\u0151&#46;&#46;&#46;<\/p>\n","protected":false},"author":1,"featured_media":2011,"comment_status":"closed","ping_status":"closed","sticky":false,"template":"","format":"standard","meta":{"footnotes":"","_links_to":"","_links_to_target":""},"categories":[3],"tags":[],"class_list":["post-2010","post","type-post","status-publish","format-standard","has-post-thumbnail","hentry","category-hirek"],"_links":{"self":[{"href":"https:\/\/szent-erzsebet.hu\/iskola\/wp-json\/wp\/v2\/posts\/2010","targetHints":{"allow":["GET"]}}],"collection":[{"href":"https:\/\/szent-erzsebet.hu\/iskola\/wp-json\/wp\/v2\/posts"}],"about":[{"href":"https:\/\/szent-erzsebet.hu\/iskola\/wp-json\/wp\/v2\/types\/post"}],"author":[{"embeddable":true,"href":"https:\/\/szent-erzsebet.hu\/iskola\/wp-json\/wp\/v2\/users\/1"}],"replies":[{"embeddable":true,"href":"https:\/\/szent-erzsebet.hu\/iskola\/wp-json\/wp\/v2\/comments?post=2010"}],"version-history":[{"count":1,"href":"https:\/\/szent-erzsebet.hu\/iskola\/wp-json\/wp\/v2\/posts\/2010\/revisions"}],"predecessor-version":[{"id":2013,"href":"https:\/\/szent-erzsebet.hu\/iskola\/wp-json\/wp\/v2\/posts\/2010\/revisions\/2013"}],"wp:featuredmedia":[{"embeddable":true,"href":"https:\/\/szent-erzsebet.hu\/iskola\/wp-json\/wp\/v2\/media\/2011"}],"wp:attachment":[{"href":"https:\/\/szent-erzsebet.hu\/iskola\/wp-json\/wp\/v2\/media?parent=2010"}],"wp:term":[{"taxonomy":"category","embeddable":true,"href":"https:\/\/szent-erzsebet.hu\/iskola\/wp-json\/wp\/v2\/categories?post=2010"},{"taxonomy":"post_tag","embeddable":true,"href":"https:\/\/szent-erzsebet.hu\/iskola\/wp-json\/wp\/v2\/tags?post=2010"}],"curies":[{"name":"wp","href":"https:\/\/api.w.org\/{rel}","templated":true}]}}