{"id":2128,"date":"2025-04-01T11:01:07","date_gmt":"2025-04-01T10:01:07","guid":{"rendered":"https:\/\/szent-erzsebet.hu\/iskola\/?p=2128"},"modified":"2025-04-01T11:01:09","modified_gmt":"2025-04-01T10:01:09","slug":"orizzuk-meg-gleccsereinket-rajzpalyazat","status":"publish","type":"post","link":"https:\/\/szent-erzsebet.hu\/iskola\/2025\/04\/01\/orizzuk-meg-gleccsereinket-rajzpalyazat\/","title":{"rendered":"\u201e\u0150rizz\u00fck meg gleccsereinket!\u201d\u00a0\u00a0rajzp\u00e1ly\u00e1zat"},"content":{"rendered":"\n<p>Az \u00c9szakdun\u00e1nt\u00fali V\u00edzm\u0171 Zrt. rajzp\u00e1ly\u00e1zatot hirdetett \u201e\u0150rizz\u00fck meg gleccsereinket!\u201d c\u00edmmel a v\u00edz vil\u00e1gnapja alkalm\u00e1b\u00f3l.<\/p>\n\n\n\n<p>Nagy Anna 4.b oszt\u00e1lyos tanul\u00f3 beker\u00fclt a d\u00edjazott tanul\u00f3k k\u00f6z\u00e9. A d\u00edj\u00e1tad\u00f3 \u00fcnneps\u00e9g 2025. m\u00e1rcius 20-\u00e1n volt Tatab\u00e1ny\u00e1n. Anna II. helyez\u00e9st \u00e9rt el a negyedik oszt\u00e1lyosok k\u00f6z\u00f6tt.<\/p>\n\n\n\n<p>Felk\u00e9sz\u00edt\u0151 pedag\u00f3gus: dr. T\u00f3thn\u00e9 Janig Anna<\/p>\n\n\n\n<p><strong>Sz\u00edvb\u0151l gratul\u00e1lunk!<\/strong><\/p>\n\n\n\n<figure class=\"wp-block-image size-full\"><img loading=\"lazy\" decoding=\"async\" width=\"2560\" height=\"1920\" src=\"https:\/\/szent-erzsebet.hu\/iskola\/wp-content\/uploads\/sites\/3\/2025\/04\/20250320_134724-scaled.jpg\" alt=\"\" class=\"wp-image-2129\" srcset=\"https:\/\/szent-erzsebet.hu\/iskola\/wp-content\/uploads\/sites\/3\/2025\/04\/20250320_134724-scaled.jpg 2560w, https:\/\/szent-erzsebet.hu\/iskola\/wp-content\/uploads\/sites\/3\/2025\/04\/20250320_134724-300x225.jpg 300w, https:\/\/szent-erzsebet.hu\/iskola\/wp-content\/uploads\/sites\/3\/2025\/04\/20250320_134724-768x576.jpg 768w, https:\/\/szent-erzsebet.hu\/iskola\/wp-content\/uploads\/sites\/3\/2025\/04\/20250320_134724-1536x1152.jpg 1536w, https:\/\/szent-erzsebet.hu\/iskola\/wp-content\/uploads\/sites\/3\/2025\/04\/20250320_134724-2048x1536.jpg 2048w\" sizes=\"auto, (max-width: 2560px) 100vw, 2560px\" \/><\/figure>\n","protected":false},"excerpt":{"rendered":"<p>Az \u00c9szakdun\u00e1nt\u00fali V\u00edzm\u0171 Zrt. rajzp\u00e1ly\u00e1zatot hirdetett \u201e\u0150rizz\u00fck meg gleccsereinket!\u201d c\u00edmmel a v\u00edz vil\u00e1gnapja alkalm\u00e1b\u00f3l. Nagy Anna 4.b oszt\u00e1lyos tanul\u00f3 beker\u00fclt a d\u00edjazott tanul\u00f3k k\u00f6z\u00e9. A d\u00edj\u00e1tad\u00f3 \u00fcnneps\u00e9g 2025. m\u00e1rcius 20-\u00e1n volt Tatab\u00e1ny\u00e1n. Anna II.&#46;&#46;&#46;<\/p>\n","protected":false},"author":1,"featured_media":2130,"comment_status":"closed","ping_status":"closed","sticky":false,"template":"","format":"standard","meta":{"footnotes":"","_links_to":"","_links_to_target":""},"categories":[3],"tags":[],"class_list":["post-2128","post","type-post","status-publish","format-standard","has-post-thumbnail","hentry","category-hirek"],"_links":{"self":[{"href":"https:\/\/szent-erzsebet.hu\/iskola\/wp-json\/wp\/v2\/posts\/2128","targetHints":{"allow":["GET"]}}],"collection":[{"href":"https:\/\/szent-erzsebet.hu\/iskola\/wp-json\/wp\/v2\/posts"}],"about":[{"href":"https:\/\/szent-erzsebet.hu\/iskola\/wp-json\/wp\/v2\/types\/post"}],"author":[{"embeddable":true,"href":"https:\/\/szent-erzsebet.hu\/iskola\/wp-json\/wp\/v2\/users\/1"}],"replies":[{"embeddable":true,"href":"https:\/\/szent-erzsebet.hu\/iskola\/wp-json\/wp\/v2\/comments?post=2128"}],"version-history":[{"count":1,"href":"https:\/\/szent-erzsebet.hu\/iskola\/wp-json\/wp\/v2\/posts\/2128\/revisions"}],"predecessor-version":[{"id":2131,"href":"https:\/\/szent-erzsebet.hu\/iskola\/wp-json\/wp\/v2\/posts\/2128\/revisions\/2131"}],"wp:featuredmedia":[{"embeddable":true,"href":"https:\/\/szent-erzsebet.hu\/iskola\/wp-json\/wp\/v2\/media\/2130"}],"wp:attachment":[{"href":"https:\/\/szent-erzsebet.hu\/iskola\/wp-json\/wp\/v2\/media?parent=2128"}],"wp:term":[{"taxonomy":"category","embeddable":true,"href":"https:\/\/szent-erzsebet.hu\/iskola\/wp-json\/wp\/v2\/categories?post=2128"},{"taxonomy":"post_tag","embeddable":true,"href":"https:\/\/szent-erzsebet.hu\/iskola\/wp-json\/wp\/v2\/tags?post=2128"}],"curies":[{"name":"wp","href":"https:\/\/api.w.org\/{rel}","templated":true}]}}