{"id":287,"date":"2020-03-16T13:29:29","date_gmt":"2020-03-16T12:29:29","guid":{"rendered":"http:\/\/szent-erzsebet.hu\/ovoda\/?p=287"},"modified":"2020-03-16T13:29:30","modified_gmt":"2020-03-16T12:29:30","slug":"tajekoztato-ovodas-gyermekeink-szulei-reszere","status":"publish","type":"post","link":"https:\/\/szent-erzsebet.hu\/ovoda\/2020\/03\/16\/tajekoztato-ovodas-gyermekeink-szulei-reszere\/","title":{"rendered":"T\u00e1j\u00e9koztat\u00f3 \u00f3vod\u00e1s gyermekeink sz\u00fclei r\u00e9sz\u00e9re!"},"content":{"rendered":"\n<p><strong>T\u00e1j\u00e9koztat\u00f3 <em>\u00f3vod\u00e1s gyermekeink<\/em>\nsz\u00fclei r\u00e9sz\u00e9re!<\/strong><\/p>\n\n\n\n<p>Esztergom v\u00e1ros \u00f6nkorm\u00e1nyzata\nd\u00f6nt\u00e9st hozott az esztergomi \u00f3vod\u00e1k m\u0171k\u00f6d\u00e9s\u00e9vel kapcsolatban.<\/p>\n\n\n\n<p>Egyel\u0151re az \u00f3vod\u00e1k \u00fcgyeletet\ntartanak azok sz\u00e1m\u00e1ra, akik nem tudj\u00e1k megoldani gyermek\u00fck elhelyez\u00e9s\u00e9t. Akinek\n\u00e9desanyja Gyesen van, vagy iskol\u00e1s gyermek is van a csal\u00e1dban, azok nem vehetik\nig\u00e9nybe az \u00fcgyeletet. A gyermeket a bej\u00e1ratn\u00e1l fogadjuk, \u00e9s d\u00e9lut\u00e1n \u00e1tadjuk a\nsz\u00fcl\u0151nek. Sz\u00fcl\u0151, \u00e9s idegen az \u00f3vod\u00e1ba nem l\u00e9phet.<\/p>\n\n\n\n<p>K\u00e9rj\u00fck sz\u00e9pen, hogy szerd\u00e1ig\nmindenki vigye el a gyermek szem\u00e9lyes dolgait, s azokat majd fert\u0151tlen\u00edtve\nhozz\u00e1k vissza, amikor ism\u00e9t kinyitnak az \u00f3vod\u00e1k.<\/p>\n\n\n\n<p>Tov\u00e1bbra is Esztergom v\u00e1ros\n\u00f6nkorm\u00e1nyzat\u00e1nak d\u00f6nt\u00e9sei alapj\u00e1n j\u00e1runk el, amir\u0151l az iskola honlapj\u00e1n\n\u00e9rtes\u00edtj\u00fck a kedves sz\u00fcl\u0151ket! B\u00e1rmilyen \u00e9rdekl\u0151d\u00e9sre telefonon sz\u00edvesen\nv\u00e1laszolunk.<\/p>\n\n\n\n<p>Meg\u00e9rt\u00e9s\u00fcket, egy\u00fcttm\u0171k\u00f6d\u00e9s\u00fcket k\u00f6sz\u00f6nj\u00fck.<\/p>\n\n\n\n<p>&nbsp;&nbsp;&nbsp;&nbsp;&nbsp; Heng\u00e1nn\u00e9 Gogola Gabriella&nbsp;&nbsp;&nbsp;&nbsp;&nbsp;&nbsp;&nbsp;&nbsp;&nbsp;&nbsp;&nbsp;&nbsp;&nbsp;&nbsp;&nbsp;&nbsp;&nbsp;&nbsp;&nbsp;&nbsp;&nbsp;&nbsp;&nbsp;&nbsp;&nbsp;&nbsp;&nbsp; &nbsp;&nbsp;&nbsp;&nbsp;&nbsp;&nbsp;&nbsp;&nbsp;&nbsp;&nbsp;&nbsp;&nbsp;&nbsp;&nbsp;&nbsp;&nbsp;&nbsp;&nbsp;&nbsp;&nbsp;&nbsp;&nbsp;&nbsp;&nbsp;&nbsp;&nbsp;&nbsp;&nbsp;&nbsp;&nbsp;&nbsp;&nbsp;&nbsp;&nbsp;Valk\u00f3 Mikl\u00f3s <\/p>\n\n\n\n<p>\u00a0\u00a0\u00a0\u00a0\u00a0\u00a0\u00a0\u00a0\u00a0\u00a0\u00a0\u00a0\u00a0\u00a0\u00a0\u00a0 \u00f3vodavezet\u0151\u00a0\u00a0\u00a0\u00a0\u00a0\u00a0\u00a0\u00a0\u00a0\u00a0\u00a0\u00a0\u00a0\u00a0\u00a0\u00a0\u00a0\u00a0\u00a0\u00a0\u00a0\u00a0\u00a0\u00a0\u00a0\u00a0\u00a0\u00a0\u00a0\u00a0\u00a0\u00a0\u00a0\u00a0\u00a0\u00a0\u00a0\u00a0\u00a0\u00a0\u00a0\u00a0\u00a0\u00a0\u00a0\u00a0\u00a0\u00a0\u00a0\u00a0\u00a0\u00a0\u00a0\u00a0\u00a0\u00a0\u00a0\u00a0\u00a0\u00a0\u00a0\u00a0\u00a0\u00a0\u00a0 \u00a0\u00a0\u00a0\u00a0\u00a0\u00a0\u00a0\u00a0\u00a0\u00a0\u00a0\u00a0\u00a0\u00a0\u00a0\u00a0\u00a0\u00a0\u00a0 igazgat\u00f3<\/p>\n\n\n\n<figure class=\"wp-block-image is-resized\"><img loading=\"lazy\" decoding=\"async\" src=\"https:\/\/szent-erzsebet.hu\/ovoda\/wp-content\/uploads\/sites\/4\/2020\/03\/DSC_0049-1024x683.jpg\" alt=\"\" class=\"wp-image-288\" width=\"720\" height=\"480\" srcset=\"https:\/\/szent-erzsebet.hu\/ovoda\/wp-content\/uploads\/sites\/4\/2020\/03\/DSC_0049-1024x683.jpg 1024w, https:\/\/szent-erzsebet.hu\/ovoda\/wp-content\/uploads\/sites\/4\/2020\/03\/DSC_0049-300x200.jpg 300w, https:\/\/szent-erzsebet.hu\/ovoda\/wp-content\/uploads\/sites\/4\/2020\/03\/DSC_0049-768x512.jpg 768w\" sizes=\"auto, (max-width: 720px) 100vw, 720px\" \/><\/figure>\n","protected":false},"excerpt":{"rendered":"<p>T\u00e1j\u00e9koztat\u00f3 \u00f3vod\u00e1s gyermekeink sz\u00fclei r\u00e9sz\u00e9re! Esztergom v\u00e1ros \u00f6nkorm\u00e1nyzata d\u00f6nt\u00e9st hozott az esztergomi \u00f3vod\u00e1k m\u0171k\u00f6d\u00e9s\u00e9vel kapcsolatban. Egyel\u0151re az \u00f3vod\u00e1k \u00fcgyeletet tartanak azok sz\u00e1m\u00e1ra, akik nem tudj\u00e1k megoldani gyermek\u00fck elhelyez\u00e9s\u00e9t. Akinek \u00e9desanyja Gyesen van, vagy iskol\u00e1s&#46;&#46;&#46;<\/p>\n","protected":false},"author":2,"featured_media":288,"comment_status":"open","ping_status":"open","sticky":false,"template":"","format":"standard","meta":{"footnotes":"","_links_to":"","_links_to_target":""},"categories":[3],"tags":[],"class_list":["post-287","post","type-post","status-publish","format-standard","has-post-thumbnail","hentry","category-hirek"],"_links":{"self":[{"href":"https:\/\/szent-erzsebet.hu\/ovoda\/wp-json\/wp\/v2\/posts\/287","targetHints":{"allow":["GET"]}}],"collection":[{"href":"https:\/\/szent-erzsebet.hu\/ovoda\/wp-json\/wp\/v2\/posts"}],"about":[{"href":"https:\/\/szent-erzsebet.hu\/ovoda\/wp-json\/wp\/v2\/types\/post"}],"author":[{"embeddable":true,"href":"https:\/\/szent-erzsebet.hu\/ovoda\/wp-json\/wp\/v2\/users\/2"}],"replies":[{"embeddable":true,"href":"https:\/\/szent-erzsebet.hu\/ovoda\/wp-json\/wp\/v2\/comments?post=287"}],"version-history":[{"count":1,"href":"https:\/\/szent-erzsebet.hu\/ovoda\/wp-json\/wp\/v2\/posts\/287\/revisions"}],"predecessor-version":[{"id":289,"href":"https:\/\/szent-erzsebet.hu\/ovoda\/wp-json\/wp\/v2\/posts\/287\/revisions\/289"}],"wp:featuredmedia":[{"embeddable":true,"href":"https:\/\/szent-erzsebet.hu\/ovoda\/wp-json\/wp\/v2\/media\/288"}],"wp:attachment":[{"href":"https:\/\/szent-erzsebet.hu\/ovoda\/wp-json\/wp\/v2\/media?parent=287"}],"wp:term":[{"taxonomy":"category","embeddable":true,"href":"https:\/\/szent-erzsebet.hu\/ovoda\/wp-json\/wp\/v2\/categories?post=287"},{"taxonomy":"post_tag","embeddable":true,"href":"https:\/\/szent-erzsebet.hu\/ovoda\/wp-json\/wp\/v2\/tags?post=287"}],"curies":[{"name":"wp","href":"https:\/\/api.w.org\/{rel}","templated":true}]}}