{"id":297,"date":"2020-03-30T08:29:10","date_gmt":"2020-03-30T07:29:10","guid":{"rendered":"http:\/\/szent-erzsebet.hu\/ovoda\/?p=297"},"modified":"2020-03-31T12:47:49","modified_gmt":"2020-03-31T11:47:49","slug":"ovodai-beiratkozas-2020-2021-es-nevelesi-evre","status":"publish","type":"post","link":"https:\/\/szent-erzsebet.hu\/ovoda\/2020\/03\/30\/ovodai-beiratkozas-2020-2021-es-nevelesi-evre\/","title":{"rendered":"\u00d3vodai beiratkoz\u00e1s 2020\/2021-es nevel\u00e9si \u00e9vre!"},"content":{"rendered":"\n<p>Dr.\nGloviczki Zolt\u00e1n az Oktat\u00e1si Hivatal eln\u00f6k\u00e9nek t\u00e1j\u00e9koztat\u00f3ja alapj\u00e1n az idei\n\u00f3vodai beiratkoz\u00e1s rendje a k\u00f6vetkez\u0151:<\/p>\n\n\n\n<ul class=\"wp-block-list\"><li> 2020. \u00e1prilis 17-ig fogadjuk a sz\u00fcl\u0151k beiratkoz\u00e1sra vonatkoz\u00f3 sz\u00e1nd\u00e9knyilatkozat\u00e1t (mell\u00e9kelt dokumentum: <a href=\"mailto:aszek.egom@gmail.com\">aszek.egom@gmail.com<\/a> e-mail c\u00edmre), melyben k\u00e9rj\u00fck megjel\u00f6lni, a gyermek k\u00f6telez\u0151 felv\u00e9tel\u00e9t biztos\u00edt\u00f3 \u00f3voda adatit is. <\/li><li>A beiratkoz\u00e1st 2020. \u00e1prilis 2. \u00e9s 20. k\u00f6z\u00f6tt tartjuk, a vesz\u00e9lyhelyzet \u00e1ltal megk\u00f6vetelt eg\u00e9szs\u00e9g\u00fcgyi szempontokat k\u00fcl\u00f6n\u00f6sen figyelembe v\u00e9ve. Minden sz\u00fcl\u0151t szem\u00e9lyesen \u00e9rtes\u00edt\u00fcnk a beiratkoz\u00e1s idej\u00e9r\u0151l.<\/li><li>A gyermek felv\u00e9tel\u00e9r\u0151l 2020. \u00e1prilis 20-ig d\u00f6nt\u00fcnk, \u00e9s err\u0151l \u00edr\u00e1sban \u00e9rtes\u00edtj\u00fck a sz\u00fcl\u0151ket, valamint a gyermek, k\u00f6telez\u0151 felv\u00e9tel\u00e9t biztos\u00edt\u00f3 \u00f3voda vezet\u0151j\u00e9t.<\/li><\/ul>\n\n\n\n<p>Sok\nszeretettel v\u00e1rjuk az \u00e9rdekl\u0151d\u0151 csal\u00e1dokat!<\/p>\n\n\n\n<p> &lt;&lt;&lt;<a rel=\"noreferrer noopener\" href=\"https:\/\/szent-erzsebet.hu\/wp-content\/uploads\/2020\/03\/Sz\u00e1nd\u00e9knyilatkozat-a-beiratkoz\u00e1sr\u00f3l_2020.docx\" target=\"_blank\">Sz\u00e1nd\u00e9knyilatkozat<\/a>&gt;&gt;&gt; <\/p>\n\n\n\n<figure class=\"wp-block-image is-resized\"><img loading=\"lazy\" decoding=\"async\" src=\"https:\/\/szent-erzsebet.hu\/ovoda\/wp-content\/uploads\/sites\/4\/2020\/03\/DSC_0047-1024x683.jpg\" alt=\"\" class=\"wp-image-298\" width=\"645\" height=\"429\" srcset=\"https:\/\/szent-erzsebet.hu\/ovoda\/wp-content\/uploads\/sites\/4\/2020\/03\/DSC_0047-1024x683.jpg 1024w, https:\/\/szent-erzsebet.hu\/ovoda\/wp-content\/uploads\/sites\/4\/2020\/03\/DSC_0047-300x200.jpg 300w, https:\/\/szent-erzsebet.hu\/ovoda\/wp-content\/uploads\/sites\/4\/2020\/03\/DSC_0047-768x512.jpg 768w\" sizes=\"auto, (max-width: 645px) 100vw, 645px\" \/><\/figure>\n","protected":false},"excerpt":{"rendered":"<p>Dr. Gloviczki Zolt\u00e1n az Oktat\u00e1si Hivatal eln\u00f6k\u00e9nek t\u00e1j\u00e9koztat\u00f3ja alapj\u00e1n az idei \u00f3vodai beiratkoz\u00e1s rendje a k\u00f6vetkez\u0151: 2020. \u00e1prilis 17-ig fogadjuk a sz\u00fcl\u0151k beiratkoz\u00e1sra vonatkoz\u00f3 sz\u00e1nd\u00e9knyilatkozat\u00e1t (mell\u00e9kelt dokumentum: aszek.egom@gmail.com e-mail c\u00edmre), melyben k\u00e9rj\u00fck megjel\u00f6lni, a&#46;&#46;&#46;<\/p>\n","protected":false},"author":2,"featured_media":298,"comment_status":"open","ping_status":"open","sticky":false,"template":"","format":"standard","meta":{"footnotes":"","_links_to":"","_links_to_target":""},"categories":[3],"tags":[],"class_list":["post-297","post","type-post","status-publish","format-standard","has-post-thumbnail","hentry","category-hirek"],"_links":{"self":[{"href":"https:\/\/szent-erzsebet.hu\/ovoda\/wp-json\/wp\/v2\/posts\/297","targetHints":{"allow":["GET"]}}],"collection":[{"href":"https:\/\/szent-erzsebet.hu\/ovoda\/wp-json\/wp\/v2\/posts"}],"about":[{"href":"https:\/\/szent-erzsebet.hu\/ovoda\/wp-json\/wp\/v2\/types\/post"}],"author":[{"embeddable":true,"href":"https:\/\/szent-erzsebet.hu\/ovoda\/wp-json\/wp\/v2\/users\/2"}],"replies":[{"embeddable":true,"href":"https:\/\/szent-erzsebet.hu\/ovoda\/wp-json\/wp\/v2\/comments?post=297"}],"version-history":[{"count":5,"href":"https:\/\/szent-erzsebet.hu\/ovoda\/wp-json\/wp\/v2\/posts\/297\/revisions"}],"predecessor-version":[{"id":308,"href":"https:\/\/szent-erzsebet.hu\/ovoda\/wp-json\/wp\/v2\/posts\/297\/revisions\/308"}],"wp:featuredmedia":[{"embeddable":true,"href":"https:\/\/szent-erzsebet.hu\/ovoda\/wp-json\/wp\/v2\/media\/298"}],"wp:attachment":[{"href":"https:\/\/szent-erzsebet.hu\/ovoda\/wp-json\/wp\/v2\/media?parent=297"}],"wp:term":[{"taxonomy":"category","embeddable":true,"href":"https:\/\/szent-erzsebet.hu\/ovoda\/wp-json\/wp\/v2\/categories?post=297"},{"taxonomy":"post_tag","embeddable":true,"href":"https:\/\/szent-erzsebet.hu\/ovoda\/wp-json\/wp\/v2\/tags?post=297"}],"curies":[{"name":"wp","href":"https:\/\/api.w.org\/{rel}","templated":true}]}}