{"id":315,"date":"2020-04-20T11:58:11","date_gmt":"2020-04-20T10:58:11","guid":{"rendered":"http:\/\/szent-erzsebet.hu\/ovoda\/?p=315"},"modified":"2020-04-20T11:58:12","modified_gmt":"2020-04-20T10:58:12","slug":"tajekoztato","status":"publish","type":"post","link":"https:\/\/szent-erzsebet.hu\/ovoda\/2020\/04\/20\/tajekoztato\/","title":{"rendered":"T\u00e1j\u00e9koztat\u00f3"},"content":{"rendered":"\n<p>Tisztelt\nSz\u00fcl\u0151k!<\/p>\n\n\n\n<p>\u00d3vod\u00e1nkban 2020.\u00e1prilis 20-t\u00f3l \u00fcgyeleti rendben fogadjuk a\ngyermekeket.<\/p>\n\n\n\n<p>Az \u00fcgyeletet az a gyermek veheti ig\u00e9nybe, akinek mindk\u00e9t\nsz\u00fcl\u0151je dolgozik, munkahely\u00e9n munkav\u00e9gz\u00e9s c\u00e9lj\u00e1b\u00f3l szem\u00e9lyesen kell\nmegjelennie. (Munk\u00e1ltat\u00f3i igazol\u00e1ssal igazolja.)<\/p>\n\n\n\n<p>A gyermekcsoportokban maximum 5 gyermek tart\u00f3zkodhat.<\/p>\n\n\n\n<p>Orrfoly\u00f3s, k\u00f6h\u00f6g\u0151s, l\u00e1zas (h\u0151emelked\u00e9s) t\u00fcneteket mutat\u00f3\ngyermek az int\u00e9zm\u00e9nyt nem l\u00e1togathatja.<\/p>\n\n\n\n<p>A bel\u00e9ptet\u00e9s zsilipes rendszerben m\u0171k\u00f6dik. A sz\u00fcl\u0151 a kapuban\n\u00e1tadja a gyermeket az \u00f3voda alkalmazottj\u00e1nak.<\/p>\n\n\n\n<p>A gyermekek hazaad\u00e1sa ugyanilyen m\u00f3don t\u00f6rt\u00e9nik.<\/p>\n\n\n\n<p>K\u00e9rj\u00fck, hogy \u00fcgyelet ir\u00e1nti ig\u00e9ny\u00e9t az al\u00e1bbi el\u00e9rhet\u0151s\u00e9gen\njelezze:<\/p>\n\n\n\n<p>+36-20\/828-0797<\/p>\n\n\n\n<p>&nbsp;&nbsp;&nbsp;&nbsp;&nbsp;&nbsp;&nbsp;&nbsp;&nbsp;&nbsp;&nbsp;&nbsp;&nbsp;&nbsp;&nbsp;&nbsp;&nbsp;&nbsp;&nbsp;&nbsp;&nbsp;&nbsp;&nbsp;&nbsp;&nbsp;&nbsp;&nbsp;&nbsp;&nbsp;&nbsp;&nbsp;&nbsp;&nbsp;&nbsp;&nbsp;&nbsp;&nbsp;&nbsp;&nbsp;&nbsp;&nbsp;&nbsp;&nbsp;&nbsp;&nbsp;&nbsp; Tisztelettel:<\/p>\n\n\n\n<p>\u00a0\u00a0\u00a0\u00a0\u00a0\u00a0\u00a0\u00a0\u00a0\u00a0\u00a0\u00a0\u00a0\u00a0\u00a0\u00a0\u00a0\u00a0\u00a0\u00a0\u00a0\u00a0\u00a0\u00a0\u00a0\u00a0\u00a0\u00a0\u00a0\u00a0\u00a0\u00a0\u00a0\u00a0\u00a0\u00a0\u00a0\u00a0\u00a0\u00a0\u00a0\u00a0\u00a0\u00a0\u00a0\u00a0\u00a0\u00a0\u00a0\u00a0\u00a0\u00a0\u00a0\u00a0\u00a0\u00a0\u00a0\u00a0\u00a0\u00a0\u00a0\u00a0\u00a0\u00a0\u00a0\u00a0\u00a0\u00a0\u00a0\u00a0\u00a0\u00a0\u00a0\u00a0 \u00f3vodavezet\u0151<\/p>\n\n\n\n<figure class=\"wp-block-image\"><img loading=\"lazy\" decoding=\"async\" width=\"1024\" height=\"683\" src=\"https:\/\/szent-erzsebet.hu\/ovoda\/wp-content\/uploads\/sites\/4\/2020\/04\/DSC_0050-1024x683.jpg\" alt=\"\" class=\"wp-image-316\" srcset=\"https:\/\/szent-erzsebet.hu\/ovoda\/wp-content\/uploads\/sites\/4\/2020\/04\/DSC_0050-1024x683.jpg 1024w, https:\/\/szent-erzsebet.hu\/ovoda\/wp-content\/uploads\/sites\/4\/2020\/04\/DSC_0050-300x200.jpg 300w, https:\/\/szent-erzsebet.hu\/ovoda\/wp-content\/uploads\/sites\/4\/2020\/04\/DSC_0050-768x512.jpg 768w\" sizes=\"auto, (max-width: 1024px) 100vw, 1024px\" \/><\/figure>\n","protected":false},"excerpt":{"rendered":"<p>Tisztelt Sz\u00fcl\u0151k! \u00d3vod\u00e1nkban 2020.\u00e1prilis 20-t\u00f3l \u00fcgyeleti rendben fogadjuk a gyermekeket. Az \u00fcgyeletet az a gyermek veheti ig\u00e9nybe, akinek mindk\u00e9t sz\u00fcl\u0151je dolgozik, munkahely\u00e9n munkav\u00e9gz\u00e9s c\u00e9lj\u00e1b\u00f3l szem\u00e9lyesen kell megjelennie. (Munk\u00e1ltat\u00f3i igazol\u00e1ssal igazolja.) A gyermekcsoportokban maximum 5&#46;&#46;&#46;<\/p>\n","protected":false},"author":2,"featured_media":316,"comment_status":"open","ping_status":"open","sticky":false,"template":"","format":"standard","meta":{"footnotes":"","_links_to":"","_links_to_target":""},"categories":[3],"tags":[],"class_list":["post-315","post","type-post","status-publish","format-standard","has-post-thumbnail","hentry","category-hirek"],"_links":{"self":[{"href":"https:\/\/szent-erzsebet.hu\/ovoda\/wp-json\/wp\/v2\/posts\/315","targetHints":{"allow":["GET"]}}],"collection":[{"href":"https:\/\/szent-erzsebet.hu\/ovoda\/wp-json\/wp\/v2\/posts"}],"about":[{"href":"https:\/\/szent-erzsebet.hu\/ovoda\/wp-json\/wp\/v2\/types\/post"}],"author":[{"embeddable":true,"href":"https:\/\/szent-erzsebet.hu\/ovoda\/wp-json\/wp\/v2\/users\/2"}],"replies":[{"embeddable":true,"href":"https:\/\/szent-erzsebet.hu\/ovoda\/wp-json\/wp\/v2\/comments?post=315"}],"version-history":[{"count":1,"href":"https:\/\/szent-erzsebet.hu\/ovoda\/wp-json\/wp\/v2\/posts\/315\/revisions"}],"predecessor-version":[{"id":317,"href":"https:\/\/szent-erzsebet.hu\/ovoda\/wp-json\/wp\/v2\/posts\/315\/revisions\/317"}],"wp:featuredmedia":[{"embeddable":true,"href":"https:\/\/szent-erzsebet.hu\/ovoda\/wp-json\/wp\/v2\/media\/316"}],"wp:attachment":[{"href":"https:\/\/szent-erzsebet.hu\/ovoda\/wp-json\/wp\/v2\/media?parent=315"}],"wp:term":[{"taxonomy":"category","embeddable":true,"href":"https:\/\/szent-erzsebet.hu\/ovoda\/wp-json\/wp\/v2\/categories?post=315"},{"taxonomy":"post_tag","embeddable":true,"href":"https:\/\/szent-erzsebet.hu\/ovoda\/wp-json\/wp\/v2\/tags?post=315"}],"curies":[{"name":"wp","href":"https:\/\/api.w.org\/{rel}","templated":true}]}}