{"id":417,"date":"2020-08-31T15:08:10","date_gmt":"2020-08-31T14:08:10","guid":{"rendered":"http:\/\/szent-erzsebet.hu\/ovoda\/?p=417"},"modified":"2020-08-31T15:08:11","modified_gmt":"2020-08-31T14:08:11","slug":"a-2020-2021-nevelesi-evben-a-jarvaugyi-keszenlet-idejen-alkalmazando-eljarasrend-az-esztergomi-ovodakban","status":"publish","type":"post","link":"https:\/\/szent-erzsebet.hu\/ovoda\/2020\/08\/31\/a-2020-2021-nevelesi-evben-a-jarvaugyi-keszenlet-idejen-alkalmazando-eljarasrend-az-esztergomi-ovodakban\/","title":{"rendered":"A 2020\/2021. NEVEL\u00c9SI \u00c9VBEN A J\u00c1RV\u00c1\u00dcGYI K\u00c9SZENL\u00c9T IDEJ\u00c9N ALKALMAZAND\u00d3 ELJ\u00c1R\u00c1SREND AZ ESZTERGOMI \u00d3VOD\u00c1KBAN"},"content":{"rendered":"\n<ol class=\"wp-block-list\"><li>A\nnevel\u00e9si \u00e9v kezd\u00e9s\u00e9re k\u00f6teles minden \u00f3voda v\u00edrus\u00f6l\u0151, fert\u0151tlen\u00edt\u0151 takar\u00edt\u00e1st\nv\u00e9gezni, amit<\/li><\/ol>\n\n\n\n<p>az \u00f3vodavezet\u0151\nellen\u0151riz, \u00e9s \u00edr\u00e1sban igazol a fenntart\u00f3 fel\u00e9.<\/p>\n\n\n\n<ul class=\"wp-block-list\"><li>Az\nint\u00e9zm\u00e9nyt kiz\u00e1r\u00f3lag eg\u00e9szs\u00e9ges, t\u00fcnetmentes gyermek \u00e9s dolgoz\u00f3 l\u00e1togathatja. <\/li><\/ul>\n\n\n\n<ul class=\"wp-block-list\"><li>Amennyiben\na sz\u00fcl\u0151 gyermek\u00e9n\u00e9l koronav\u00edrusra utal\u00f3 t\u00fcnetet \u00e9szlel, err\u0151l azonnal k\u00f6teles\n\u00e9rtes\u00edteni az int\u00e9zm\u00e9ny vezet\u0151j\u00e9t.<\/li><\/ul>\n\n\n\n<ul class=\"wp-block-list\"><li>Az\n\u00f3voda \u00e9p\u00fclet\u00e9be a sz\u00fcl\u0151k nem l\u00e9phetnek be, ez al\u00f3l kiv\u00e9telt csak a kiscsoportos\nsz\u00fcl\u0151k k\u00e9peznek, de szigor\u00faan csak a beszoktat\u00e1s ideje alatt. A beszoktat\u00e1son a\ncsoportszob\u00e1ban maximum 5 sz\u00fcl\u0151 tart\u00f3zkodhat. E szab\u00e1ly alapj\u00e1n beosztjuk a\ncsoportba j\u00e1r\u00f3 gyerekek beszoktat\u00e1si napjait. <\/li><\/ul>\n\n\n\n<ul class=\"wp-block-list\"><li>A\nbeszoktat\u00e1st seg\u00edt\u0151 sz\u00fcl\u0151k k\u00f6z\u00fcl k\u00e9rj\u00fck, hogy minden esetben csak az egyik\nsz\u00fcl\u0151 vegyen r\u00e9szt a beszoktat\u00e1sban. A csoportszob\u00e1ban igyeksz\u00fcnk a megfelel\u0151\nt\u00e1vols\u00e1gtart\u00e1st biztos\u00edtani. <\/li><\/ul>\n\n\n\n<ul class=\"wp-block-list\"><li>A\nbeszoktat\u00e1st seg\u00edt\u0151 sz\u00fcl\u0151k a csoportszob\u00e1ba l\u00e9pni kiz\u00e1r\u00f3lag maszkban \u00e9s cip\u0151\nn\u00e9lk\u00fcl, illetve a cip\u0151re h\u00fazhat\u00f3 orvosi l\u00e1bzs\u00e1kban lehet, amir\u0151l a sz\u00fcl\u0151nek\nkell gondoskodni. <\/li><\/ul>\n\n\n\n<ul class=\"wp-block-list\"><li>Az\n\u00f3vodai \u00e9p\u00fclet\u00e9be val\u00f3 bel\u00e9p\u00e9skor minden esetben l\u00e1zat m\u00e9r\u00fcnk. A gyermekek a\nbej\u00e1ratn\u00e1l elhelyezett k\u00e9zfert\u0151tlen\u00edt\u0151 haszn\u00e1lata ut\u00e1n foglalhatj\u00e1k el \u00f3vodai\ncsoportszob\u00e1jukat. H\u0151emelked\u00e9s eset\u00e9n a gyermeket a sz\u00fcl\u0151nek azonnal haza kell\nvinni! <\/li><\/ul>\n\n\n\n<ul class=\"wp-block-list\"><li>Az\n\u00f3voda udvar\u00e1n, illetve a kijel\u00f6lt v\u00e1rakoz\u00f3 helyen egyszerre max. 10 sz\u00fcl\u0151 tart\u00f3zkodhat\ngyermek\u00e9vel, hogy elker\u00fclj\u00fck a torl\u00f3d\u00e1st, a nagy l\u00e9tsz\u00e1m\u00fa gy\u00fclekez\u00e9st. <\/li><\/ul>\n\n\n\n<ul class=\"wp-block-list\"><li>A\ntan\u00e9v eleji sz\u00fcl\u0151i \u00e9rtekezletek csoportonk\u00e9nt k\u00fcl\u00f6n id\u0151pontban szervez\u0151dnek.\nErr\u0151l t\u00e1j\u00e9koztat\u00e1st az \u00f3vodavezet\u0151 ill. a csoportvezet\u0151 \u00f3v\u00f3n\u0151 ad az internetes\nfel\u00fcleteken.&nbsp;&nbsp; A feln\u0151tt bel\u00e9p\u00e9sre a 4.\npontban eml\u00edtett szab\u00e1lyok vonatkoznak.&nbsp;\nK\u00e9rj\u00fck, hogy a kiscsoportos sz\u00fcl\u0151k\u00f6n k\u00edv\u00fcl a sz\u00fcl\u0151i \u00e9rtekezleten a\ncsal\u00e1dot csak az egyik sz\u00fcl\u0151 k\u00e9pviselje.&nbsp;\n<\/li><\/ul>\n\n\n\n<ol class=\"wp-block-list\"><li>A\nnevel\u00e9si \u00e9v sor\u00e1n minden inform\u00e1ci\u00f3 \u00e1tad\u00e1s interneten t\u00f6rt\u00e9nik, ezzel is\ncs\u00f6kkentve a szem\u00e9lyes kontaktust az int\u00e9zm\u00e9nyben. <\/li><\/ol>\n\n\n\n<ol class=\"wp-block-list\"><li>A\nnap folyam\u00e1n a kiemelten haszn\u00e1lt fel\u00fcletek (asztalok, sz\u00e9kek, ajt\u00f3kilincs,\nmosd\u00f3k stb.) rendszeresen t\u00f6bbsz\u00f6r let\u00f6rl\u00e9sre, fert\u0151tlen\u00edt\u00e9sre ker\u00fclnek. <\/li><\/ol>\n\n\n\n<ol class=\"wp-block-list\"><li>K\u00e9rj\u00fck,\nhogy a gyermekek az \u00e9p\u00fcletbe otthonr\u00f3l hozott j\u00e1t\u00e9kot a j\u00e1rv\u00e1ny\u00fcgyi id\u0151szak\nfelold\u00e1s\u00e1ig ne hozzanak! <\/li><\/ol>\n\n\n\n<ol class=\"wp-block-list\"><li>A\ncsoportszob\u00e1kat rendszeresen szell\u0151ztetj\u00fck, j\u00f3 id\u0151 eset\u00e9n nyitva tartjuk,\nilletve igyeksz\u00fcnk az id\u0151j\u00e1r\u00e1si k\u00f6r\u00fclm\u00e9nyeket figyelembe v\u00e9ve min\u00e9l t\u00f6bbet a\nszabad leveg\u0151n tart\u00f3zkodni a gyermekekkel. <\/li><li>Az\nudvar haszn\u00e1lat\u00e1ra vonatkoz\u00f3 bels\u0151 szab\u00e1lyoz\u00e1st elk\u00e9sz\u00edtj\u00fck, amiben t\u00f6reksz\u00fcnk\narra, hogy az \u00f3vodai csoportok k\u00f6z\u00f6tt a minim\u00e1lisra cs\u00f6kkents\u00fck a \u201ekevered\u00e9st.\u201d<\/li><\/ol>\n\n\n\n<ol class=\"wp-block-list\"><li>A\nsport \u00e9s kultur\u00e1lis rendezv\u00e9nyeinket az \u00e9v folyam\u00e1n az Operat\u00edv T\u00f6rzs\nutas\u00edt\u00e1sainak megfelel\u0151en szervezz\u00fck meg, illetve sz\u00fcks\u00e9g eset\u00e9n halasztjuk el.<\/li><\/ol>\n\n\n\n<ol class=\"wp-block-list\"><li>A\nszem\u00e9lyi higi\u00e9nia alapvet\u0151 szab\u00e1lyair\u00f3l a gyermekek az \u00e9letkoruknak megfelel\u0151\nt\u00e1j\u00e9koztat\u00e1st kapnak, (k\u00f6h\u00f6g\u00e9si etikett, pap\u00edr zsebkend\u0151 haszn\u00e1lat, k\u00e9zmos\u00e1s,\nk\u00e9zfert\u0151tlen\u00edt\u00e9s stb.) ehhez k\u00e9rj\u00fck a sz\u00fcl\u0151k egy\u00fcttm\u0171k\u00f6d\u00e9s\u00e9t.&nbsp; <\/li><\/ol>\n\n\n\n<ol class=\"wp-block-list\"><li>Az\n\u00f3vod\u00e1ban v\u00e9gzett egyes tev\u00e9kenys\u00e9gek k\u00f6z\u00f6tt a gyermekek szappanos k\u00e9zmos\u00e1st\nv\u00e9geznek. <\/li><\/ol>\n\n\n\n<ol class=\"wp-block-list\"><li>A\nk\u00e9zt\u00f6rl\u00e9sre a gyermek, saj\u00e1t jellel ell\u00e1tott t\u00f6r\u00f6lk\u00f6z\u0151j\u00e9t haszn\u00e1lja, amit\nrendszeresen mosunk, fert\u0151tlen\u00edt\u00fcnk.<\/li><\/ol>\n\n\n\n<ol class=\"wp-block-list\"><li>Az\n\u00e9tkeztet\u00e9s lebonyol\u00edt\u00e1s\u00e1t v\u00e9gz\u0151 feln\u0151ttek szigor\u00faan v\u00edrus ellenes k\u00e9zfert\u0151tlen\u00edt\u00e9s\nut\u00e1n v\u00e9gzik az \u00e9telek t\u00e1lal\u00e1s\u00e1t. <\/li><\/ol>\n\n\n\n<ul class=\"wp-block-list\"><li>Az\nel\u0151\u00edrt sz\u0171r\u0151vizsg\u00e1latok a tov\u00e1bbiakban is megt\u00f6rt\u00e9nnek a j\u00e1rv\u00e1ny\u00fcgyi helyzetnek\nmegfelel\u0151 elj\u00e1r\u00e1srend alapj\u00e1n. A v\u00e9d\u0151n\u0151kkel \u00e9s az \u00f3voda orvos\u00e1val folyamatosan\negy\u00fcttm\u0171k\u00f6d\u00fcnk. <\/li><\/ul>\n\n\n\n<ul class=\"wp-block-list\"><li>Amennyiben\na gyermeknek otthon jelentkez\u0151 enyhe t\u00fcnetei vannak (orrfoly\u00e1s, n\u00e1tha) a\njelenlegi szab\u00e1lyoz\u00e1s alapj\u00e1n a sz\u00fcl\u0151 tartsa otthon a gyermeket h\u00e1rom napig, \u00e9s\nigazolja hi\u00e1nyz\u00e1s\u00e1t. Ha a t\u00fcnetek s\u00falyosbodnak, illetve m\u00e1r kezdett\u0151l s\u00falyosak\n(l\u00e1z, k\u00f6h\u00f6g\u00e9s, fullad\u00e1s, hasmen\u00e9s stb.) akkor a rendel\u0151kre kif\u00fcggesztett\ntelefonsz\u00e1mon keresse a gyermekorvost.&nbsp; <\/li><\/ul>\n\n\n\n<ul class=\"wp-block-list\"><li>Amennyiben\naz \u00f3vod\u00e1s v\u00edrusfert\u0151z\u00e9s szempontj\u00e1b\u00f3l vesz\u00e9lyeztetett csoportba tartozik (sz\u00edv-\u00e9rrendszeri\nbetegs\u00e9g, cukorbetegs\u00e9g, l\u00e9gz\u0151szervi betegs\u00e9g, daganatos megbeteged\u00e9s) vagy immunszupprim\u00e1lt\n\u00e1llapota miatt orvos \u00e1ltal ki\u00e1ll\u00edtott igazol\u00e1st hoz, a hi\u00e1nyz\u00e1s\u00e1t igazoltnak\ntekintj\u00fck. <\/li><\/ul>\n\n\n\n<ul class=\"wp-block-list\"><li>Amennyiben\na gyermekn\u00e9l, vagy az \u00f3vodai dolgoz\u00f3n\u00e1l fert\u0151z\u00e9s t\u00fcnetei \u00e9szlelhet\u0151k azonnal\nelk\u00fcl\u00f6n\u00edtj\u00fck, \u00e9s \u00e9rtes\u00edtj\u00fck az \u00f3voda orvos\u00e1t. Az \u00f3voda orvosa az aktu\u00e1lis\nelj\u00e1r\u00e1s szerint d\u00f6nt a tov\u00e1bbi teend\u0151kr\u0151l. A sz\u00fcl\u0151knek ezen ir\u00e1nymutat\u00e1st\nbetartva felt\u00e9tlen\u00fcl a gyermek h\u00e1ziorvos\u00e1hoz kell fordulniuk telefonon, a\ntov\u00e1bbi teend\u0151k tiszt\u00e1z\u00e1s\u00e1hoz.<\/li><\/ul>\n\n\n\n<ul class=\"wp-block-list\"><li>A\nbeteg gyermeket elk\u00fcl\u00f6n\u00edt\u0151 szem\u00e9lynek maszk \u00e9s gumikeszty\u0171 haszn\u00e1lata k\u00f6telez\u0151.\nBetegs\u00e9g ut\u00e1n a gyermek kiz\u00e1r\u00f3lag az <strong>orvos \u00e1ltal ki\u00e1ll\u00edtott \u00e9rv\u00e9nyes\nigazol\u00e1ssal t\u00e9rhet vissza a k\u00f6z\u00f6ss\u00e9gbe.<\/strong><\/li><\/ul>\n\n\n\n<ul class=\"wp-block-list\"><li>Amennyiben\naz int\u00e9zm\u00e9nyben objekt\u00edv okok miatt nem szervezhet\u0151 meg gyermekfel\u00fcgyelet,\narr\u00f3l a fenntart\u00f3 gondoskodik, \u00e9s a gyermek\u00e9tkeztet\u00e9st biztos\u00edtja. <\/li><\/ul>\n\n\n\n<ul class=\"wp-block-list\"><li>Nyomat\u00e9kosan\nk\u00e9r\u00fcnk minden sz\u00fcl\u0151t, hogy hiteles forr\u00e1sb\u00f3l t\u00e1j\u00e9koz\u00f3djon csak, felmer\u00fcl\u0151\nk\u00e9rd\u00e9seir\u0151l pedig minden esetben csak az \u00f3voda digit\u00e1lis fel\u00fclet\u00e9n t\u00e1j\u00e9koz\u00f3djon,\nilletve digit\u00e1lisan vegye fel a kapcsolatot az \u00f3voda dolgoz\u00f3ival. <\/li><\/ul>\n","protected":false},"excerpt":{"rendered":"<p>A nevel\u00e9si \u00e9v kezd\u00e9s\u00e9re k\u00f6teles minden \u00f3voda v\u00edrus\u00f6l\u0151, fert\u0151tlen\u00edt\u0151 takar\u00edt\u00e1st v\u00e9gezni, amit az \u00f3vodavezet\u0151 ellen\u0151riz, \u00e9s \u00edr\u00e1sban igazol a fenntart\u00f3 fel\u00e9. Az int\u00e9zm\u00e9nyt kiz\u00e1r\u00f3lag eg\u00e9szs\u00e9ges, t\u00fcnetmentes gyermek \u00e9s dolgoz\u00f3 l\u00e1togathatja. Amennyiben a sz\u00fcl\u0151 gyermek\u00e9n\u00e9l&#46;&#46;&#46;<\/p>\n","protected":false},"author":1,"featured_media":418,"comment_status":"open","ping_status":"open","sticky":false,"template":"","format":"standard","meta":{"footnotes":"","_links_to":"","_links_to_target":""},"categories":[3],"tags":[],"class_list":["post-417","post","type-post","status-publish","format-standard","has-post-thumbnail","hentry","category-hirek"],"_links":{"self":[{"href":"https:\/\/szent-erzsebet.hu\/ovoda\/wp-json\/wp\/v2\/posts\/417","targetHints":{"allow":["GET"]}}],"collection":[{"href":"https:\/\/szent-erzsebet.hu\/ovoda\/wp-json\/wp\/v2\/posts"}],"about":[{"href":"https:\/\/szent-erzsebet.hu\/ovoda\/wp-json\/wp\/v2\/types\/post"}],"author":[{"embeddable":true,"href":"https:\/\/szent-erzsebet.hu\/ovoda\/wp-json\/wp\/v2\/users\/1"}],"replies":[{"embeddable":true,"href":"https:\/\/szent-erzsebet.hu\/ovoda\/wp-json\/wp\/v2\/comments?post=417"}],"version-history":[{"count":1,"href":"https:\/\/szent-erzsebet.hu\/ovoda\/wp-json\/wp\/v2\/posts\/417\/revisions"}],"predecessor-version":[{"id":419,"href":"https:\/\/szent-erzsebet.hu\/ovoda\/wp-json\/wp\/v2\/posts\/417\/revisions\/419"}],"wp:featuredmedia":[{"embeddable":true,"href":"https:\/\/szent-erzsebet.hu\/ovoda\/wp-json\/wp\/v2\/media\/418"}],"wp:attachment":[{"href":"https:\/\/szent-erzsebet.hu\/ovoda\/wp-json\/wp\/v2\/media?parent=417"}],"wp:term":[{"taxonomy":"category","embeddable":true,"href":"https:\/\/szent-erzsebet.hu\/ovoda\/wp-json\/wp\/v2\/categories?post=417"},{"taxonomy":"post_tag","embeddable":true,"href":"https:\/\/szent-erzsebet.hu\/ovoda\/wp-json\/wp\/v2\/tags?post=417"}],"curies":[{"name":"wp","href":"https:\/\/api.w.org\/{rel}","templated":true}]}}