{"id":421,"date":"2020-09-01T14:17:24","date_gmt":"2020-09-01T13:17:24","guid":{"rendered":"http:\/\/szent-erzsebet.hu\/ovoda\/?p=421"},"modified":"2020-09-01T14:17:25","modified_gmt":"2020-09-01T13:17:25","slug":"ovodahasznalat-jarvanyugyi-keszenletben","status":"publish","type":"post","link":"https:\/\/szent-erzsebet.hu\/ovoda\/2020\/09\/01\/ovodahasznalat-jarvanyugyi-keszenletben\/","title":{"rendered":"\u00d3vodahaszn\u00e1lat j\u00e1rv\u00e1ny\u00fcgyi k\u00e9szenl\u00e9tben"},"content":{"rendered":"\n<p><strong>Kedves\nSz\u00fcl\u0151k!<\/strong><\/p>\n\n\n\n<p>Az esztergomi \u00f3vod\u00e1kra kiadott, j\u00e1rv\u00e1ny\u00fcgyi k\u00e9szenl\u00e9tben alkalmazand\u00f3 elj\u00e1r\u00e1srendet figyelembe v\u00e9ve igyeksz\u00fcnk szervezni a mindennapokat.<\/p>\n\n\n\n<figure class=\"wp-block-image\"><img loading=\"lazy\" decoding=\"async\" width=\"1024\" height=\"683\" src=\"https:\/\/szent-erzsebet.hu\/ovoda\/wp-content\/uploads\/sites\/4\/2020\/09\/DSC_0032-1024x683.jpg\" alt=\"\" class=\"wp-image-422\" srcset=\"https:\/\/szent-erzsebet.hu\/ovoda\/wp-content\/uploads\/sites\/4\/2020\/09\/DSC_0032-1024x683.jpg 1024w, https:\/\/szent-erzsebet.hu\/ovoda\/wp-content\/uploads\/sites\/4\/2020\/09\/DSC_0032-300x200.jpg 300w, https:\/\/szent-erzsebet.hu\/ovoda\/wp-content\/uploads\/sites\/4\/2020\/09\/DSC_0032-768x512.jpg 768w\" sizes=\"auto, (max-width: 1024px) 100vw, 1024px\" \/><\/figure>\n\n\n\n<p>Reggel az \u00f3voda\najtaj\u00e1ban fogadjuk a gyermekeket, akiket k\u00e9zfert\u0151tlen\u00edt\u00e9s ut\u00e1n k\u00eds\u00e9r\u00fcnk csoportszob\u00e1jukba.<\/p>\n\n\n\n<p>Amennyiben nem\ntart\u00f3zkodik \u00f3vodai dolgoz\u00f3 az ajt\u00f3ban, k\u00e9rj\u00fck, csengessetek.<\/p>\n\n\n\n<p><strong>Akik\neb\u00e9d ut\u00e1n mennek haza, k\u00e9rj\u00fck 12.30-kor j\u00f6jjenek a gyermek\u00e9rt.<\/strong><\/p>\n\n\n\n<p><strong>D\u00e9lut\u00e1n\n14.30, 15.00, 15.30, 15.45, 16.00, 16.30 id\u0151pontokban k\u00e9rj\u00fck elvinni a\ngyermekeket.<\/strong><\/p>\n\n\n\n<p>A z\u00e1rt facebook csoportokban\njelezz\u00e9tek, hogy ki, mikor megy haza, ez nagyban el\u0151seg\u00edti munk\u00e1nkat.<\/p>\n\n\n\n<p>Term\u00e9szetesen kiv\u00e9teles\nesetekben el lehet t\u00e9rni ezekt\u0151l az id\u0151pontokt\u00f3l. Ekkor csenget\u00e9ssel\njelezz\u00e9tek, hogy megj\u00f6ttetek a gyermek\u00e9rt.<\/p>\n\n\n\n<p>K\u00e9rj\u00fck sz\u00e9pen, hogy min\u00e9l\nhamarabb hozz\u00e1tok vissza az <strong>\u00e9tkez\u00e9sre\nvonatkoz\u00f3 nyilatkozatot,<\/strong> melyet a h\u00e9ten megkaptok. A h\u00e1rom, vagy t\u00f6bb\ngyermekesek csatolj\u00e1k mell\u00e9 a <strong>csal\u00e1di\np\u00f3tl\u00e9k igazol\u00e1st<\/strong>, a tart\u00f3s beteg gyermek eset\u00e9n a M\u00c1K igazol\u00e1st vagy\nk\u00e1rty\u00e1t, a rendszeres gyermekv\u00e9delmi kedvezm\u00e9nyr\u0151l sz\u00f3l\u00f3 hat\u00e1rozatot.<\/p>\n\n\n\n<p>Mindenkit\u0151l k\u00e9r\u00fcnk\nt\u00fcrelmet, meg\u00e9rt\u00e9st, \u00e9s egy\u00fcttm\u0171k\u00f6d\u00e9st!<\/p>\n\n\n\n<p>K\u00f6sz\u00f6nj\u00fck sz\u00e9pen!<\/p>\n","protected":false},"excerpt":{"rendered":"<p>Kedves Sz\u00fcl\u0151k! Az esztergomi \u00f3vod\u00e1kra kiadott, j\u00e1rv\u00e1ny\u00fcgyi k\u00e9szenl\u00e9tben alkalmazand\u00f3 elj\u00e1r\u00e1srendet figyelembe v\u00e9ve igyeksz\u00fcnk szervezni a mindennapokat. Reggel az \u00f3voda ajtaj\u00e1ban fogadjuk a gyermekeket, akiket k\u00e9zfert\u0151tlen\u00edt\u00e9s ut\u00e1n k\u00eds\u00e9r\u00fcnk csoportszob\u00e1jukba. Amennyiben nem tart\u00f3zkodik \u00f3vodai dolgoz\u00f3 az&#46;&#46;&#46;<\/p>\n","protected":false},"author":2,"featured_media":422,"comment_status":"open","ping_status":"open","sticky":false,"template":"","format":"standard","meta":{"footnotes":"","_links_to":"","_links_to_target":""},"categories":[3],"tags":[],"class_list":["post-421","post","type-post","status-publish","format-standard","has-post-thumbnail","hentry","category-hirek"],"_links":{"self":[{"href":"https:\/\/szent-erzsebet.hu\/ovoda\/wp-json\/wp\/v2\/posts\/421","targetHints":{"allow":["GET"]}}],"collection":[{"href":"https:\/\/szent-erzsebet.hu\/ovoda\/wp-json\/wp\/v2\/posts"}],"about":[{"href":"https:\/\/szent-erzsebet.hu\/ovoda\/wp-json\/wp\/v2\/types\/post"}],"author":[{"embeddable":true,"href":"https:\/\/szent-erzsebet.hu\/ovoda\/wp-json\/wp\/v2\/users\/2"}],"replies":[{"embeddable":true,"href":"https:\/\/szent-erzsebet.hu\/ovoda\/wp-json\/wp\/v2\/comments?post=421"}],"version-history":[{"count":1,"href":"https:\/\/szent-erzsebet.hu\/ovoda\/wp-json\/wp\/v2\/posts\/421\/revisions"}],"predecessor-version":[{"id":423,"href":"https:\/\/szent-erzsebet.hu\/ovoda\/wp-json\/wp\/v2\/posts\/421\/revisions\/423"}],"wp:featuredmedia":[{"embeddable":true,"href":"https:\/\/szent-erzsebet.hu\/ovoda\/wp-json\/wp\/v2\/media\/422"}],"wp:attachment":[{"href":"https:\/\/szent-erzsebet.hu\/ovoda\/wp-json\/wp\/v2\/media?parent=421"}],"wp:term":[{"taxonomy":"category","embeddable":true,"href":"https:\/\/szent-erzsebet.hu\/ovoda\/wp-json\/wp\/v2\/categories?post=421"},{"taxonomy":"post_tag","embeddable":true,"href":"https:\/\/szent-erzsebet.hu\/ovoda\/wp-json\/wp\/v2\/tags?post=421"}],"curies":[{"name":"wp","href":"https:\/\/api.w.org\/{rel}","templated":true}]}}