{"id":425,"date":"2020-09-11T09:41:40","date_gmt":"2020-09-11T08:41:40","guid":{"rendered":"http:\/\/szent-erzsebet.hu\/ovoda\/?p=425"},"modified":"2020-09-11T09:41:41","modified_gmt":"2020-09-11T08:41:41","slug":"szuloi-ertekezletek-az-ovodaban","status":"publish","type":"post","link":"https:\/\/szent-erzsebet.hu\/ovoda\/2020\/09\/11\/szuloi-ertekezletek-az-ovodaban\/","title":{"rendered":"Sz\u00fcl\u0151i \u00e9rtekezletek az \u00f3vod\u00e1ban."},"content":{"rendered":"\n<p>Kedves Sz\u00fcl\u0151k!<\/p>\n\n\n\n<p>A v\u00edrushelyzetre val\u00f3 tekintettel, <strong>elmaradn\u00e1nak<\/strong> az \u00e9v eleji <strong>sz\u00fcl\u0151i \u00e9rtekezletek<\/strong> az \u00f3vod\u00e1ban!<\/p>\n\n\n\n<p>A tudnival\u00f3kr\u00f3l lev\u00e9lben \u00e9rtes\u00edt\u00fcnk\nbenneteket.<\/p>\n\n\n\n<p>Term\u00e9szetesen lehet\u0151s\u00e9get biztos\u00edtunk\n<strong>fogad\u00f3\u00f3r\u00e1kra,<\/strong> melynek keret\u00e9ben\nlehet inform\u00e1l\u00f3dni a gyermek fejl\u0151d\u00e9s\u00e9r\u0151l.<\/p>\n\n\n\n<p>El\u0151zetes id\u0151pont egyeztet\u00e9s ut\u00e1n, az\n\u00f3voda bej\u00e1rat\u00e1val szemben l\u00e9v\u0151 nevel\u0151i szob\u00e1ban, sz\u00e1jmaszkban, a megfelel\u0151\nt\u00e1vols\u00e1g betart\u00e1s\u00e1val tudunk besz\u00e9lgetni.<\/p>\n\n\n\n<p>Meg\u00e9rt\u00e9seteket k\u00f6sz\u00f6nj\u00fck!<\/p>\n\n\n\n<figure class=\"wp-block-image\"><img loading=\"lazy\" decoding=\"async\" width=\"1024\" height=\"683\" src=\"https:\/\/szent-erzsebet.hu\/ovoda\/wp-content\/uploads\/sites\/4\/2020\/09\/DSC_0116-1024x683.jpg\" alt=\"\" class=\"wp-image-426\" srcset=\"https:\/\/szent-erzsebet.hu\/ovoda\/wp-content\/uploads\/sites\/4\/2020\/09\/DSC_0116-1024x683.jpg 1024w, https:\/\/szent-erzsebet.hu\/ovoda\/wp-content\/uploads\/sites\/4\/2020\/09\/DSC_0116-300x200.jpg 300w, https:\/\/szent-erzsebet.hu\/ovoda\/wp-content\/uploads\/sites\/4\/2020\/09\/DSC_0116-768x512.jpg 768w\" sizes=\"auto, (max-width: 1024px) 100vw, 1024px\" \/><\/figure>\n\n\n\n<p><\/p>\n","protected":false},"excerpt":{"rendered":"<p>Kedves Sz\u00fcl\u0151k! A v\u00edrushelyzetre val\u00f3 tekintettel, elmaradn\u00e1nak az \u00e9v eleji sz\u00fcl\u0151i \u00e9rtekezletek az \u00f3vod\u00e1ban! A tudnival\u00f3kr\u00f3l lev\u00e9lben \u00e9rtes\u00edt\u00fcnk benneteket. Term\u00e9szetesen lehet\u0151s\u00e9get biztos\u00edtunk fogad\u00f3\u00f3r\u00e1kra, melynek keret\u00e9ben lehet inform\u00e1l\u00f3dni a gyermek fejl\u0151d\u00e9s\u00e9r\u0151l. El\u0151zetes id\u0151pont egyeztet\u00e9s ut\u00e1n,&#46;&#46;&#46;<\/p>\n","protected":false},"author":2,"featured_media":426,"comment_status":"open","ping_status":"open","sticky":false,"template":"","format":"standard","meta":{"footnotes":"","_links_to":"","_links_to_target":""},"categories":[3],"tags":[],"class_list":["post-425","post","type-post","status-publish","format-standard","has-post-thumbnail","hentry","category-hirek"],"_links":{"self":[{"href":"https:\/\/szent-erzsebet.hu\/ovoda\/wp-json\/wp\/v2\/posts\/425","targetHints":{"allow":["GET"]}}],"collection":[{"href":"https:\/\/szent-erzsebet.hu\/ovoda\/wp-json\/wp\/v2\/posts"}],"about":[{"href":"https:\/\/szent-erzsebet.hu\/ovoda\/wp-json\/wp\/v2\/types\/post"}],"author":[{"embeddable":true,"href":"https:\/\/szent-erzsebet.hu\/ovoda\/wp-json\/wp\/v2\/users\/2"}],"replies":[{"embeddable":true,"href":"https:\/\/szent-erzsebet.hu\/ovoda\/wp-json\/wp\/v2\/comments?post=425"}],"version-history":[{"count":1,"href":"https:\/\/szent-erzsebet.hu\/ovoda\/wp-json\/wp\/v2\/posts\/425\/revisions"}],"predecessor-version":[{"id":427,"href":"https:\/\/szent-erzsebet.hu\/ovoda\/wp-json\/wp\/v2\/posts\/425\/revisions\/427"}],"wp:featuredmedia":[{"embeddable":true,"href":"https:\/\/szent-erzsebet.hu\/ovoda\/wp-json\/wp\/v2\/media\/426"}],"wp:attachment":[{"href":"https:\/\/szent-erzsebet.hu\/ovoda\/wp-json\/wp\/v2\/media?parent=425"}],"wp:term":[{"taxonomy":"category","embeddable":true,"href":"https:\/\/szent-erzsebet.hu\/ovoda\/wp-json\/wp\/v2\/categories?post=425"},{"taxonomy":"post_tag","embeddable":true,"href":"https:\/\/szent-erzsebet.hu\/ovoda\/wp-json\/wp\/v2\/tags?post=425"}],"curies":[{"name":"wp","href":"https:\/\/api.w.org\/{rel}","templated":true}]}}