{"id":442,"date":"2021-01-14T15:18:25","date_gmt":"2021-01-14T14:18:25","guid":{"rendered":"http:\/\/szent-erzsebet.hu\/ovoda\/?p=442"},"modified":"2021-01-14T15:21:08","modified_gmt":"2021-01-14T14:21:08","slug":"ovodank-feleves-programja-2020-2021","status":"publish","type":"post","link":"https:\/\/szent-erzsebet.hu\/ovoda\/2021\/01\/14\/ovodank-feleves-programja-2020-2021\/","title":{"rendered":"\u00d3vod\u00e1nk f\u00e9l\u00e9ves programja 2020\/2021."},"content":{"rendered":"\n<p><strong>F\u00e9l\u00e9ves\nprogramok 2020\/2021. \u00d3voda<\/strong><\/p>\n\n\n\n<table class=\"wp-block-table\"><tbody><tr><td>\n  <strong>01. 29.<\/strong>\n  <\/td><td>\n  <strong>Farsangi mulats\u00e1g <\/strong>\n  <\/td><\/tr><tr><td>\n  <strong>02. 03.<\/strong>\n  <\/td><td>\n  <strong>Bal\u00e1zs-\u00e1ld\u00e1s<\/strong>\n  <\/td><\/tr><tr><td>\n  <strong>02. 16.&nbsp; <\/strong>\n  &nbsp;\n  <\/td><td>\n  <strong>Farsang farka-rongyos b\u00e1l<\/strong>\n  &nbsp;\n  <\/td><\/tr><tr><td>\n  <strong>02.17.<\/strong>\n  <\/td><td>\n  <strong>Hamvaz\u00f3szerda-hamvazkod\u00e1s<\/strong>\n  <\/td><\/tr><tr><td>\n  <strong>02. 19.<\/strong>\n  <\/td><td>\n  <strong>\u00c1kom-b\u00e1kom sz\u00ednh\u00e1z el\u0151ad\u00e1sa 800 ft.<\/strong>\n  <\/td><\/tr><tr><td>\n  <strong>03.08-26.<\/strong>\n  <\/td><td>\n  <strong>Ny\u00edlt hetek az \u00f3vod\u00e1ban<\/strong>\n  <\/td><\/tr><tr><td>\n  <strong>03.12.<\/strong>\n  <\/td><td>\n  <strong>Nemzeti \u00fcnnep, koszor\u00faz\u00e1s a Honv\u00e9d\n  Temet\u0151ben<\/strong>\n  <\/td><\/tr><tr><td>\n  <strong>03.18.&nbsp;&nbsp; <\/strong>16.30\n  <\/td><td>\n  <strong>Ap\u00e1k napi szentmise <\/strong>\n  <\/td><\/tr><tr><td>\n  <strong>03. 19.<\/strong>\n  <\/td><td>\n  <strong>\u00c1kom-b\u00e1kom sz\u00ednh\u00e1z el\u0151ad\u00e1sa: Vil\u00e1gg\u00e1\n  ment Csacsi \u00e9s Bari 800 ft<\/strong>\n  <\/td><\/tr><tr><td>\n  <strong>03.25.<\/strong>\n  <\/td><td>\n  <strong>Ap\u00e1k napi foci <\/strong>\n  <\/td><\/tr><tr><td>\n  <strong>03.30.&nbsp;\n  17.00<\/strong>\n  <\/td><td>\n  <strong>Csal\u00e1di kereszt\u00fat a J\u00f3 P\u00e1sztor\n  K\u00e1poln\u00e1t\u00f3l<\/strong>\n  <\/td><\/tr><tr><td>\n  <strong>04.01-04.06.<\/strong>\n  <\/td><td>\n  <strong>Tavaszi sz\u00fcnet<\/strong>\n  <\/td><\/tr><tr><td>\n  <strong>04. 20.<\/strong>\n  <\/td><td>\n  <strong>Port\u00e9ka sz\u00ednpad el\u0151ad\u00e1sa: Fekete\n  Cilinder 800 ft<\/strong>\n  <\/td><\/tr><tr><td>\n  <strong>04. 22.&nbsp;&nbsp; <\/strong>17<sup>00<\/sup>\n  <\/td><td>\n  <strong>\u201eSz\u00e1ll az \u00e9nek sz\u00e1jr\u00f3l, sz\u00e1jra\u2026\u201d <\/strong>\u2013 <strong>k\u00f6z\u00f6s \u00e9nekl\u00e9s a sz\u00fcl\u0151kkel<\/strong>\n  <\/td><\/tr><tr><td>\n  <strong>05. 05.&nbsp;&nbsp; <\/strong>16<sup>00<\/sup>\n  <\/td><td>\n  <strong>Any\u00e1k napi \u00fcnneps\u00e9g: Liliom csoport<\/strong>\n  <\/td><\/tr><tr><td>\n  <strong>05. 06.&nbsp;&nbsp; <\/strong>16<sup>00<\/sup>\n  <\/td><td>\n  <strong>Any\u00e1k napi \u00fcnneps\u00e9g: Csillag csoport<\/strong>\n  <\/td><\/tr><tr><td>\n  <strong>05. 19.&nbsp;&nbsp; <\/strong>16<sup>00<\/sup>\n  <\/td><td>\n  <strong>Any\u00e1k napja \u2013 \u00e9vz\u00e1r\u00f3: Napsug\u00e1r csoport\n  \u2013<\/strong>\n  <\/td><\/tr><tr><td>\n  <strong>05. 20.&nbsp;&nbsp; <\/strong>16<sup>00<\/sup>\n  <\/td><td>\n  <strong>Any\u00e1k napja \u2013 \u00e9vz\u00e1r\u00f3: B\u00e1r\u00e1ny csoport <\/strong>\n  <\/td><\/tr><tr><td>\n  <strong>05. 28.<\/strong>\n  <\/td><td>\n  <strong>Gyermeknap <\/strong>\n  <\/td><\/tr><tr><td>\n  <strong>05. 28.&nbsp;&nbsp; 16<\/strong><sup>00<\/sup>\n  <\/td><td>\n  <strong>\u00c9vz\u00e1r\u00f3 szentmise a Viziv\u00e1rosi\n  Templomban, majd agap\u00e9 az \u00f3voda udvaron<\/strong>\n  <\/td><\/tr><tr><td>\n  <strong>07.19 \u2013 08. 13.<\/strong>\n  <\/td><td>\n  <strong>Ny\u00e1ri sz\u00fcnet<\/strong>\n  <\/td><\/tr><\/tbody><\/table>\n\n\n\n<p><em>Mindenkinek\ntartalmas, vid\u00e1m nevel\u00e9si \u00e9vet k\u00edv\u00e1nunk!<\/em><\/p>\n\n\n\n<figure class=\"wp-block-image\"><img loading=\"lazy\" decoding=\"async\" width=\"521\" height=\"340\" src=\"https:\/\/szent-erzsebet.hu\/ovoda\/wp-content\/uploads\/sites\/4\/2021\/01\/\u00f3voda.jpg\" alt=\"\" class=\"wp-image-443\" srcset=\"https:\/\/szent-erzsebet.hu\/ovoda\/wp-content\/uploads\/sites\/4\/2021\/01\/\u00f3voda.jpg 521w, https:\/\/szent-erzsebet.hu\/ovoda\/wp-content\/uploads\/sites\/4\/2021\/01\/\u00f3voda-300x196.jpg 300w\" sizes=\"auto, (max-width: 521px) 100vw, 521px\" \/><\/figure>\n","protected":false},"excerpt":{"rendered":"<p>F\u00e9l\u00e9ves programok 2020\/2021. \u00d3voda 01. 29. Farsangi mulats\u00e1g 02. 03. Bal\u00e1zs-\u00e1ld\u00e1s 02. 16.&nbsp; &nbsp; Farsang farka-rongyos b\u00e1l &nbsp; 02.17. Hamvaz\u00f3szerda-hamvazkod\u00e1s 02. 19. \u00c1kom-b\u00e1kom sz\u00ednh\u00e1z el\u0151ad\u00e1sa 800 ft. 03.08-26. Ny\u00edlt hetek az \u00f3vod\u00e1ban 03.12. Nemzeti&#46;&#46;&#46;<\/p>\n","protected":false},"author":1,"featured_media":443,"comment_status":"open","ping_status":"open","sticky":false,"template":"","format":"standard","meta":{"footnotes":"","_links_to":"","_links_to_target":""},"categories":[3],"tags":[],"class_list":["post-442","post","type-post","status-publish","format-standard","has-post-thumbnail","hentry","category-hirek"],"_links":{"self":[{"href":"https:\/\/szent-erzsebet.hu\/ovoda\/wp-json\/wp\/v2\/posts\/442","targetHints":{"allow":["GET"]}}],"collection":[{"href":"https:\/\/szent-erzsebet.hu\/ovoda\/wp-json\/wp\/v2\/posts"}],"about":[{"href":"https:\/\/szent-erzsebet.hu\/ovoda\/wp-json\/wp\/v2\/types\/post"}],"author":[{"embeddable":true,"href":"https:\/\/szent-erzsebet.hu\/ovoda\/wp-json\/wp\/v2\/users\/1"}],"replies":[{"embeddable":true,"href":"https:\/\/szent-erzsebet.hu\/ovoda\/wp-json\/wp\/v2\/comments?post=442"}],"version-history":[{"count":2,"href":"https:\/\/szent-erzsebet.hu\/ovoda\/wp-json\/wp\/v2\/posts\/442\/revisions"}],"predecessor-version":[{"id":445,"href":"https:\/\/szent-erzsebet.hu\/ovoda\/wp-json\/wp\/v2\/posts\/442\/revisions\/445"}],"wp:featuredmedia":[{"embeddable":true,"href":"https:\/\/szent-erzsebet.hu\/ovoda\/wp-json\/wp\/v2\/media\/443"}],"wp:attachment":[{"href":"https:\/\/szent-erzsebet.hu\/ovoda\/wp-json\/wp\/v2\/media?parent=442"}],"wp:term":[{"taxonomy":"category","embeddable":true,"href":"https:\/\/szent-erzsebet.hu\/ovoda\/wp-json\/wp\/v2\/categories?post=442"},{"taxonomy":"post_tag","embeddable":true,"href":"https:\/\/szent-erzsebet.hu\/ovoda\/wp-json\/wp\/v2\/tags?post=442"}],"curies":[{"name":"wp","href":"https:\/\/api.w.org\/{rel}","templated":true}]}}