{"id":499,"date":"2021-09-22T11:49:52","date_gmt":"2021-09-22T10:49:52","guid":{"rendered":"http:\/\/szent-erzsebet.hu\/ovoda\/?p=499"},"modified":"2021-09-22T11:50:31","modified_gmt":"2021-09-22T10:50:31","slug":"kopogtat-a-vadgesztenye-vege-van-a-nyarnak-itt-az-ideje-hogy-ovodaba-jarjak","status":"publish","type":"post","link":"https:\/\/szent-erzsebet.hu\/ovoda\/2021\/09\/22\/kopogtat-a-vadgesztenye-vege-van-a-nyarnak-itt-az-ideje-hogy-ovodaba-jarjak\/","title":{"rendered":"\u201eKopogtat a vadgesztenye, v\u00e9ge van a ny\u00e1rnak, itt az ideje, hogy \u00f3vod\u00e1ba j\u00e1rjak\u2026\u201d"},"content":{"rendered":"\n<p>Szeptember 17-\u00e9n d\u00e9lut\u00e1n 16.00-kor,\nszentmis\u00e9re v\u00e1rtuk csal\u00e1djainkat a V\u00edziv\u00e1rosi Templomba, hogy a J\u00f3 isten\n\u00e1ld\u00e1s\u00e1t k\u00e9rj\u00fck az elk\u00f6vetkezend\u0151 nevel\u00e9si \u00e9vre.<\/p>\n\n\n\n<p>H\u00e1la telt sz\u00edvvel k\u00e9sz\u00fcl\u0151dt\u00fcnk, hiszen\ntavaly sajnos elmaradt ez a sz\u00e9p esem\u00e9ny\u00fcnk.<\/p>\n\n\n\n<p>M\u00e9g a d\u00e9lel\u0151tt folyam\u00e1n \u00f6sszegy\u0171lt\u00fcnk az\n\u00f3vod\u00e1sokkal, hogy v\u00e9gig \u00e9nekelj\u00fck, \u00e1tism\u00e9telj\u00fck a szentmis\u00e9re tervezett\n\u00e9nekeket.&nbsp; <\/p>\n\n\n\n<p>\u00dcnnepl\u0151 ruh\u00e1ba fegyelmezetten \u00e9rkeztek a\ncsoportok a szentmis\u00e9re, melyet Pokriva L\u00e1szl\u00f3 pl\u00e9b\u00e1nos atya mutatott be. Szok\u00e1sos\nm\u00f3don, kedvesen k\u00f6sz\u00f6nt\u00f6tte az \u00f3vod\u00e1sokat, \u00e9s sz\u00fcleiket.<\/p>\n\n\n\n<p>A szentmise v\u00e9g\u00e9n, hagyom\u00e1nyainkhoz\nh\u00edven az \u00faj, id\u00e9n \u00f3vod\u00e1nkba jelentkez\u0151 gyermekeknek L\u00e1szl\u00f3 atya egy sz\u00e1l\nvir\u00e1got adott \u00e1t. Szeretettel fogadjuk \u0151ket kereszt\u00e9ny k\u00f6z\u00f6ss\u00e9g\u00fcnkbe!<\/p>\n\n\n\n<p>A szentmise v\u00e9g\u00e9n a dajka n\u00e9nik a\ntemplomajt\u00f3ban osztott\u00e1k ki azokat a m\u00e9zeskal\u00e1csb\u00f3l k\u00e9sz\u00fclt kis templomokat,\namit az \u00f3v\u00f3 n\u00e9nik k\u00e9sz\u00edtettek a gyermekek sz\u00e1m\u00e1ra.<\/p>\n\n\n\n<p>Rem\u00e9nys\u00e9ggel tekint\u00fcnk erre a nevel\u00e9si\n\u00e9vre, hogy a J\u00f3 Isten megv\u00e9delmez minket, \u00e9s sok sz\u00e9p \u00e9lm\u00e9nyben, \u00f6r\u00f6mben,\nj\u00e1t\u00e9kban lesz r\u00e9sz\u00fcnk!<\/p>\n\n\n\n<p>Mindenkinek vid\u00e1m \u00f3vod\u00e1s \u00e9vet k\u00edv\u00e1nunk!<\/p>\n\n\n\n<figure class=\"wp-block-image\"><img loading=\"lazy\" decoding=\"async\" width=\"290\" height=\"366\" src=\"https:\/\/szent-erzsebet.hu\/ovoda\/wp-content\/uploads\/sites\/4\/2021\/09\/k\u00e9p.png\" alt=\"\" class=\"wp-image-500\" srcset=\"https:\/\/szent-erzsebet.hu\/ovoda\/wp-content\/uploads\/sites\/4\/2021\/09\/k\u00e9p.png 290w, https:\/\/szent-erzsebet.hu\/ovoda\/wp-content\/uploads\/sites\/4\/2021\/09\/k\u00e9p-238x300.png 238w\" sizes=\"auto, (max-width: 290px) 100vw, 290px\" \/><\/figure>\n","protected":false},"excerpt":{"rendered":"<p>Szeptember 17-\u00e9n d\u00e9lut\u00e1n 16.00-kor, szentmis\u00e9re v\u00e1rtuk csal\u00e1djainkat a V\u00edziv\u00e1rosi Templomba, hogy a J\u00f3 isten \u00e1ld\u00e1s\u00e1t k\u00e9rj\u00fck az elk\u00f6vetkezend\u0151 nevel\u00e9si \u00e9vre. H\u00e1la telt sz\u00edvvel k\u00e9sz\u00fcl\u0151dt\u00fcnk, hiszen tavaly sajnos elmaradt ez a sz\u00e9p esem\u00e9ny\u00fcnk. M\u00e9g a&#46;&#46;&#46;<\/p>\n","protected":false},"author":1,"featured_media":500,"comment_status":"open","ping_status":"open","sticky":false,"template":"","format":"standard","meta":{"footnotes":"","_links_to":"","_links_to_target":""},"categories":[3],"tags":[],"class_list":["post-499","post","type-post","status-publish","format-standard","has-post-thumbnail","hentry","category-hirek"],"_links":{"self":[{"href":"https:\/\/szent-erzsebet.hu\/ovoda\/wp-json\/wp\/v2\/posts\/499","targetHints":{"allow":["GET"]}}],"collection":[{"href":"https:\/\/szent-erzsebet.hu\/ovoda\/wp-json\/wp\/v2\/posts"}],"about":[{"href":"https:\/\/szent-erzsebet.hu\/ovoda\/wp-json\/wp\/v2\/types\/post"}],"author":[{"embeddable":true,"href":"https:\/\/szent-erzsebet.hu\/ovoda\/wp-json\/wp\/v2\/users\/1"}],"replies":[{"embeddable":true,"href":"https:\/\/szent-erzsebet.hu\/ovoda\/wp-json\/wp\/v2\/comments?post=499"}],"version-history":[{"count":1,"href":"https:\/\/szent-erzsebet.hu\/ovoda\/wp-json\/wp\/v2\/posts\/499\/revisions"}],"predecessor-version":[{"id":501,"href":"https:\/\/szent-erzsebet.hu\/ovoda\/wp-json\/wp\/v2\/posts\/499\/revisions\/501"}],"wp:featuredmedia":[{"embeddable":true,"href":"https:\/\/szent-erzsebet.hu\/ovoda\/wp-json\/wp\/v2\/media\/500"}],"wp:attachment":[{"href":"https:\/\/szent-erzsebet.hu\/ovoda\/wp-json\/wp\/v2\/media?parent=499"}],"wp:term":[{"taxonomy":"category","embeddable":true,"href":"https:\/\/szent-erzsebet.hu\/ovoda\/wp-json\/wp\/v2\/categories?post=499"},{"taxonomy":"post_tag","embeddable":true,"href":"https:\/\/szent-erzsebet.hu\/ovoda\/wp-json\/wp\/v2\/tags?post=499"}],"curies":[{"name":"wp","href":"https:\/\/api.w.org\/{rel}","templated":true}]}}