{"id":508,"date":"2021-10-04T14:20:35","date_gmt":"2021-10-04T13:20:35","guid":{"rendered":"http:\/\/szent-erzsebet.hu\/ovoda\/?p=508"},"modified":"2021-10-04T14:20:37","modified_gmt":"2021-10-04T13:20:37","slug":"szent-mihalynak-napja-van-menjunk-a-vasarba","status":"publish","type":"post","link":"https:\/\/szent-erzsebet.hu\/ovoda\/2021\/10\/04\/szent-mihalynak-napja-van-menjunk-a-vasarba\/","title":{"rendered":"\u201eSzent Mih\u00e1lynak napja van, menj\u00fcnk a v\u00e1s\u00e1rba\u2026\u201d"},"content":{"rendered":"\n<p>Szent Mih\u00e1ly napj\u00e1hoz sz\u00e1mos n\u00e9pszok\u00e1s k\u00f6t\u0151dik. Az \u0151sz\nkezdete, ekkor \u00e9r v\u00e9get a betakar\u00edt\u00e1s, az \u00e1llatokat behajtj\u00e1k a legel\u0151r\u0151l. Ez\nr\u00e9gen \u00fcnnep volt, lakom\u00e1t, vigass\u00e1got, t\u00e1ncmulats\u00e1got szerveztek a j\u00f3l v\u00e9gzett\nmunka \u00f6r\u00f6m\u00e9re.<\/p>\n\n\n\n<p>Az \u00f3vod\u00e1ban minden \u00e9vben megeml\u00e9kez\u00fcnk err\u0151l a fontos napr\u00f3l.\nId\u00e9n is m\u00e1r napokkal el\u0151tte gy\u0171jt\u00f6tt\u00fck a term\u00e9nyeket, gy\u00fcm\u00f6lcs\u00f6ket,\nz\u00f6lds\u00e9geket. Az \u00fcnnep napj\u00e1n, kosarakba, kis kocsikba, talicsk\u00e1ba elvitt\u00fck\nkincseinket a V\u00edziv\u00e1rosi Templomba, ahol Andor atya v\u00e1rt minket. K\u00f6r\u00fcl \u00e1llva az\nolt\u00e1rt megk\u00f6sz\u00f6nt\u00fck a J\u00f3 Istennek azokat az adom\u00e1nyokat, amikkel\nmegaj\u00e1nd\u00e9kozott minket. Andor atya seg\u00edts\u00e9g\u00e9vel megeml\u00e9kezt\u00fcnk azokr\u00f3l, akik\nszorgalmas munk\u00e1jukkal el\u0151seg\u00edtett\u00e9k, hogy ezek a finoms\u00e1gok az asztalainkra\nker\u00fcljenek.<\/p>\n\n\n\n<p>V\u00e9g\u00fcl \u00e1ld\u00e1st k\u00e9rt\u00fcnk term\u00e9nyeinkre, de magunkra is, hogy mindig h\u00e1l\u00e1s sz\u00edvvel gondoljunk a Teremt\u0151 Aty\u00e1ra, aki ilyen sz\u00e9p vil\u00e1got teremtett sz\u00e1munkra. \u00c9neksz\u00f3val indultunk a j\u00e1tsz\u00f3udvarra, ahol verselt\u00fcnk, mond\u00f3k\u00e1ztunk, m\u00e9g t\u00e1ncra is perd\u00fclt\u00fcnk. Lehetett sz\u0151l\u0151t pr\u00e9selni, mustot k\u00f3stolni, lisztes zs\u00e1kot cipelni, \u00e9s m\u00e9g sok \u00e9rdekes n\u00e9pi j\u00e1t\u00e9kot kipr\u00f3b\u00e1lni. Kis ki\u00e1ll\u00edt\u00e1st is k\u00e9sz\u00edtett\u00fcnk, ahol megmutattuk a gyerekeknek azokat a r\u00e9gi haszn\u00e1lati t\u00e1rgyakat, amiket nagysz\u00fcleink, d\u00e9dsz\u00fcleink haszn\u00e1ltak. K\u00f6sz\u00f6nj\u00fck a kedves sz\u00fcl\u0151knek, hogy biztos\u00edtott\u00e1k a sok finom z\u00f6lds\u00e9get, \u00e9s gy\u00fcm\u00f6lcs\u00f6t! Nagyon sz\u00e9p, tartalmas, \u00e9lm\u00e9nyekkel teli napunk volt!<\/p>\n\n\n\n<div class=\"wp-block-image\"><figure class=\"aligncenter\"><img loading=\"lazy\" decoding=\"async\" width=\"605\" height=\"605\" src=\"https:\/\/szent-erzsebet.hu\/ovoda\/wp-content\/uploads\/sites\/4\/2021\/10\/mihalynap1.jpg\" alt=\"\" class=\"wp-image-509\" srcset=\"https:\/\/szent-erzsebet.hu\/ovoda\/wp-content\/uploads\/sites\/4\/2021\/10\/mihalynap1.jpg 605w, https:\/\/szent-erzsebet.hu\/ovoda\/wp-content\/uploads\/sites\/4\/2021\/10\/mihalynap1-150x150.jpg 150w, https:\/\/szent-erzsebet.hu\/ovoda\/wp-content\/uploads\/sites\/4\/2021\/10\/mihalynap1-300x300.jpg 300w, https:\/\/szent-erzsebet.hu\/ovoda\/wp-content\/uploads\/sites\/4\/2021\/10\/mihalynap1-160x160.jpg 160w, https:\/\/szent-erzsebet.hu\/ovoda\/wp-content\/uploads\/sites\/4\/2021\/10\/mihalynap1-320x320.jpg 320w\" sizes=\"auto, (max-width: 605px) 100vw, 605px\" \/><\/figure><\/div>\n\n\n\n<div class=\"wp-block-image\"><figure class=\"aligncenter\"><img loading=\"lazy\" decoding=\"async\" width=\"605\" height=\"605\" src=\"https:\/\/szent-erzsebet.hu\/ovoda\/wp-content\/uploads\/sites\/4\/2021\/10\/mihalynap2.jpg\" alt=\"\" class=\"wp-image-510\" srcset=\"https:\/\/szent-erzsebet.hu\/ovoda\/wp-content\/uploads\/sites\/4\/2021\/10\/mihalynap2.jpg 605w, https:\/\/szent-erzsebet.hu\/ovoda\/wp-content\/uploads\/sites\/4\/2021\/10\/mihalynap2-150x150.jpg 150w, https:\/\/szent-erzsebet.hu\/ovoda\/wp-content\/uploads\/sites\/4\/2021\/10\/mihalynap2-300x300.jpg 300w, https:\/\/szent-erzsebet.hu\/ovoda\/wp-content\/uploads\/sites\/4\/2021\/10\/mihalynap2-160x160.jpg 160w, https:\/\/szent-erzsebet.hu\/ovoda\/wp-content\/uploads\/sites\/4\/2021\/10\/mihalynap2-320x320.jpg 320w\" sizes=\"auto, (max-width: 605px) 100vw, 605px\" \/><\/figure><\/div>\n\n\n\n<div class=\"wp-block-image\"><figure class=\"aligncenter\"><img loading=\"lazy\" decoding=\"async\" width=\"605\" height=\"605\" src=\"https:\/\/szent-erzsebet.hu\/ovoda\/wp-content\/uploads\/sites\/4\/2021\/10\/mihalynap3.jpg\" alt=\"\" class=\"wp-image-511\" srcset=\"https:\/\/szent-erzsebet.hu\/ovoda\/wp-content\/uploads\/sites\/4\/2021\/10\/mihalynap3.jpg 605w, https:\/\/szent-erzsebet.hu\/ovoda\/wp-content\/uploads\/sites\/4\/2021\/10\/mihalynap3-150x150.jpg 150w, https:\/\/szent-erzsebet.hu\/ovoda\/wp-content\/uploads\/sites\/4\/2021\/10\/mihalynap3-300x300.jpg 300w, https:\/\/szent-erzsebet.hu\/ovoda\/wp-content\/uploads\/sites\/4\/2021\/10\/mihalynap3-160x160.jpg 160w, https:\/\/szent-erzsebet.hu\/ovoda\/wp-content\/uploads\/sites\/4\/2021\/10\/mihalynap3-320x320.jpg 320w\" sizes=\"auto, (max-width: 605px) 100vw, 605px\" \/><\/figure><\/div>\n\n\n\n<div class=\"wp-block-image\"><figure class=\"aligncenter\"><img loading=\"lazy\" decoding=\"async\" width=\"605\" height=\"605\" src=\"https:\/\/szent-erzsebet.hu\/ovoda\/wp-content\/uploads\/sites\/4\/2021\/10\/mihalynap4.jpg\" alt=\"\" class=\"wp-image-512\" srcset=\"https:\/\/szent-erzsebet.hu\/ovoda\/wp-content\/uploads\/sites\/4\/2021\/10\/mihalynap4.jpg 605w, https:\/\/szent-erzsebet.hu\/ovoda\/wp-content\/uploads\/sites\/4\/2021\/10\/mihalynap4-150x150.jpg 150w, https:\/\/szent-erzsebet.hu\/ovoda\/wp-content\/uploads\/sites\/4\/2021\/10\/mihalynap4-300x300.jpg 300w, https:\/\/szent-erzsebet.hu\/ovoda\/wp-content\/uploads\/sites\/4\/2021\/10\/mihalynap4-160x160.jpg 160w, https:\/\/szent-erzsebet.hu\/ovoda\/wp-content\/uploads\/sites\/4\/2021\/10\/mihalynap4-320x320.jpg 320w\" sizes=\"auto, (max-width: 605px) 100vw, 605px\" \/><\/figure><\/div>\n\n\n\n<div class=\"wp-block-image\"><figure class=\"aligncenter\"><img loading=\"lazy\" decoding=\"async\" width=\"605\" height=\"605\" src=\"https:\/\/szent-erzsebet.hu\/ovoda\/wp-content\/uploads\/sites\/4\/2021\/10\/mihalynap5.jpg\" alt=\"\" class=\"wp-image-513\" srcset=\"https:\/\/szent-erzsebet.hu\/ovoda\/wp-content\/uploads\/sites\/4\/2021\/10\/mihalynap5.jpg 605w, https:\/\/szent-erzsebet.hu\/ovoda\/wp-content\/uploads\/sites\/4\/2021\/10\/mihalynap5-150x150.jpg 150w, https:\/\/szent-erzsebet.hu\/ovoda\/wp-content\/uploads\/sites\/4\/2021\/10\/mihalynap5-300x300.jpg 300w, https:\/\/szent-erzsebet.hu\/ovoda\/wp-content\/uploads\/sites\/4\/2021\/10\/mihalynap5-160x160.jpg 160w, https:\/\/szent-erzsebet.hu\/ovoda\/wp-content\/uploads\/sites\/4\/2021\/10\/mihalynap5-320x320.jpg 320w\" sizes=\"auto, (max-width: 605px) 100vw, 605px\" \/><\/figure><\/div>\n","protected":false},"excerpt":{"rendered":"<p>Szent Mih\u00e1ly napj\u00e1hoz sz\u00e1mos n\u00e9pszok\u00e1s k\u00f6t\u0151dik. Az \u0151sz kezdete, ekkor \u00e9r v\u00e9get a betakar\u00edt\u00e1s, az \u00e1llatokat behajtj\u00e1k a legel\u0151r\u0151l. Ez r\u00e9gen \u00fcnnep volt, lakom\u00e1t, vigass\u00e1got, t\u00e1ncmulats\u00e1got szerveztek a j\u00f3l v\u00e9gzett munka \u00f6r\u00f6m\u00e9re. Az \u00f3vod\u00e1ban&#46;&#46;&#46;<\/p>\n","protected":false},"author":1,"featured_media":511,"comment_status":"open","ping_status":"open","sticky":false,"template":"","format":"standard","meta":{"footnotes":"","_links_to":"","_links_to_target":""},"categories":[3],"tags":[],"class_list":["post-508","post","type-post","status-publish","format-standard","has-post-thumbnail","hentry","category-hirek"],"_links":{"self":[{"href":"https:\/\/szent-erzsebet.hu\/ovoda\/wp-json\/wp\/v2\/posts\/508","targetHints":{"allow":["GET"]}}],"collection":[{"href":"https:\/\/szent-erzsebet.hu\/ovoda\/wp-json\/wp\/v2\/posts"}],"about":[{"href":"https:\/\/szent-erzsebet.hu\/ovoda\/wp-json\/wp\/v2\/types\/post"}],"author":[{"embeddable":true,"href":"https:\/\/szent-erzsebet.hu\/ovoda\/wp-json\/wp\/v2\/users\/1"}],"replies":[{"embeddable":true,"href":"https:\/\/szent-erzsebet.hu\/ovoda\/wp-json\/wp\/v2\/comments?post=508"}],"version-history":[{"count":1,"href":"https:\/\/szent-erzsebet.hu\/ovoda\/wp-json\/wp\/v2\/posts\/508\/revisions"}],"predecessor-version":[{"id":514,"href":"https:\/\/szent-erzsebet.hu\/ovoda\/wp-json\/wp\/v2\/posts\/508\/revisions\/514"}],"wp:featuredmedia":[{"embeddable":true,"href":"https:\/\/szent-erzsebet.hu\/ovoda\/wp-json\/wp\/v2\/media\/511"}],"wp:attachment":[{"href":"https:\/\/szent-erzsebet.hu\/ovoda\/wp-json\/wp\/v2\/media?parent=508"}],"wp:term":[{"taxonomy":"category","embeddable":true,"href":"https:\/\/szent-erzsebet.hu\/ovoda\/wp-json\/wp\/v2\/categories?post=508"},{"taxonomy":"post_tag","embeddable":true,"href":"https:\/\/szent-erzsebet.hu\/ovoda\/wp-json\/wp\/v2\/tags?post=508"}],"curies":[{"name":"wp","href":"https:\/\/api.w.org\/{rel}","templated":true}]}}