{"id":516,"date":"2021-10-22T13:44:41","date_gmt":"2021-10-22T12:44:41","guid":{"rendered":"http:\/\/szent-erzsebet.hu\/ovoda\/?p=516"},"modified":"2021-10-22T13:45:36","modified_gmt":"2021-10-22T12:45:36","slug":"a-mi-zaszlonk-gyonyoru-piros-feher-zold-szinu-egesz-vilag-csodalja-a-jo-isten-megaldja","status":"publish","type":"post","link":"https:\/\/szent-erzsebet.hu\/ovoda\/2021\/10\/22\/a-mi-zaszlonk-gyonyoru-piros-feher-zold-szinu-egesz-vilag-csodalja-a-jo-isten-megaldja\/","title":{"rendered":"\u201eA mi z\u00e1szl\u00f3nk gy\u00f6ny\u00f6r\u0171, piros, feh\u00e9r, z\u00f6ld sz\u00edn\u0171. Eg\u00e9sz vil\u00e1g csod\u00e1lja, a J\u00f3 Isten meg\u00e1ldja!\u201d"},"content":{"rendered":"\n<p>Ezt a kis\nverset is elszavaltuk a S\u00f6t\u00e9t Kapun\u00e1l az \u00f3vod\u00e1sokkal, k\u00e9sz\u00fclve a k\u00f6zelg\u0151\n\u00fcnnepre. A csoportok m\u00e1r napokkal el\u0151tte mondogatt\u00e1k az \u00fcnnepi verseket, \u00e9s festett\u00e9k\na nemzeti lobog\u00f3t. Minden \u00e9vben itt \u00fcnnepl\u00fcnk, \u00e9s megeml\u00e9kez\u00fcnk azokr\u00f3l a\nh\u0151s\u00f6kr\u0151l, akik \u00e9let\u00fcket vesztett\u00e9k a haz\u00e1\u00e9rt. Nem k\u00f6nny\u0171 ebben az \u00e9letkorban\nilyen esem\u00e9nyekr\u0151l besz\u00e9lni, de m\u00e9gis fontos, hogy min\u00e9l hamarabb elkezdj\u00fck a\ngyermekek hazafias nevel\u00e9s\u00e9t. Rem\u00e9lj\u00fck ezek az \u00e9vente ism\u00e9tl\u0151d\u0151 megeml\u00e9kez\u00e9sek,\na nemzeti szimb\u00f3lumokkal, hagyom\u00e1nyainkkal val\u00f3 ismerked\u00e9s seg\u00edtik\n\u00f3vod\u00e1sainkban kialak\u00edtani a csal\u00e1d, \u00e9s sz\u00fcl\u0151f\u00f6ld ir\u00e1nti tisztelet \u00e9s\nszeretetet.<\/p>\n\n\n\n<p>\u201eSzeress engem J\u00f3 Istenem<\/p>\n\n\n\n<p>Sz\u00fcleimet tartsd meg nekem!<\/p>\n\n\n\n<p>Oltalmazd meg \u00f3vod\u00e1nkat<\/p>\n\n\n\n<p>\u00c1ldd meg a mi sz\u00e9p haz\u00e1nkat!\u201d<\/p>\n\n\n\n<figure class=\"wp-block-image\"><img loading=\"lazy\" decoding=\"async\" width=\"1024\" height=\"768\" src=\"https:\/\/szent-erzsebet.hu\/ovoda\/wp-content\/uploads\/sites\/4\/2021\/10\/IMG_20211021_124622-1024x768.jpg\" alt=\"\" class=\"wp-image-517\" srcset=\"https:\/\/szent-erzsebet.hu\/ovoda\/wp-content\/uploads\/sites\/4\/2021\/10\/IMG_20211021_124622-1024x768.jpg 1024w, https:\/\/szent-erzsebet.hu\/ovoda\/wp-content\/uploads\/sites\/4\/2021\/10\/IMG_20211021_124622-300x225.jpg 300w, https:\/\/szent-erzsebet.hu\/ovoda\/wp-content\/uploads\/sites\/4\/2021\/10\/IMG_20211021_124622-768x576.jpg 768w\" sizes=\"auto, (max-width: 1024px) 100vw, 1024px\" \/><\/figure>\n","protected":false},"excerpt":{"rendered":"<p>Ezt a kis verset is elszavaltuk a S\u00f6t\u00e9t Kapun\u00e1l az \u00f3vod\u00e1sokkal, k\u00e9sz\u00fclve a k\u00f6zelg\u0151 \u00fcnnepre. A csoportok m\u00e1r napokkal el\u0151tte mondogatt\u00e1k az \u00fcnnepi verseket, \u00e9s festett\u00e9k a nemzeti lobog\u00f3t. Minden \u00e9vben itt \u00fcnnepl\u00fcnk, \u00e9s&#46;&#46;&#46;<\/p>\n","protected":false},"author":1,"featured_media":517,"comment_status":"open","ping_status":"open","sticky":false,"template":"","format":"standard","meta":{"footnotes":"","_links_to":"","_links_to_target":""},"categories":[3],"tags":[],"class_list":["post-516","post","type-post","status-publish","format-standard","has-post-thumbnail","hentry","category-hirek"],"_links":{"self":[{"href":"https:\/\/szent-erzsebet.hu\/ovoda\/wp-json\/wp\/v2\/posts\/516","targetHints":{"allow":["GET"]}}],"collection":[{"href":"https:\/\/szent-erzsebet.hu\/ovoda\/wp-json\/wp\/v2\/posts"}],"about":[{"href":"https:\/\/szent-erzsebet.hu\/ovoda\/wp-json\/wp\/v2\/types\/post"}],"author":[{"embeddable":true,"href":"https:\/\/szent-erzsebet.hu\/ovoda\/wp-json\/wp\/v2\/users\/1"}],"replies":[{"embeddable":true,"href":"https:\/\/szent-erzsebet.hu\/ovoda\/wp-json\/wp\/v2\/comments?post=516"}],"version-history":[{"count":1,"href":"https:\/\/szent-erzsebet.hu\/ovoda\/wp-json\/wp\/v2\/posts\/516\/revisions"}],"predecessor-version":[{"id":518,"href":"https:\/\/szent-erzsebet.hu\/ovoda\/wp-json\/wp\/v2\/posts\/516\/revisions\/518"}],"wp:featuredmedia":[{"embeddable":true,"href":"https:\/\/szent-erzsebet.hu\/ovoda\/wp-json\/wp\/v2\/media\/517"}],"wp:attachment":[{"href":"https:\/\/szent-erzsebet.hu\/ovoda\/wp-json\/wp\/v2\/media?parent=516"}],"wp:term":[{"taxonomy":"category","embeddable":true,"href":"https:\/\/szent-erzsebet.hu\/ovoda\/wp-json\/wp\/v2\/categories?post=516"},{"taxonomy":"post_tag","embeddable":true,"href":"https:\/\/szent-erzsebet.hu\/ovoda\/wp-json\/wp\/v2\/tags?post=516"}],"curies":[{"name":"wp","href":"https:\/\/api.w.org\/{rel}","templated":true}]}}