{"id":755,"date":"2025-10-06T18:08:07","date_gmt":"2025-10-06T17:08:07","guid":{"rendered":"https:\/\/szent-erzsebet.hu\/ovoda\/?p=755"},"modified":"2025-10-06T18:10:34","modified_gmt":"2025-10-06T17:10:34","slug":"ovodai-jatekos-fejleszto-foglalkozasok","status":"publish","type":"post","link":"https:\/\/szent-erzsebet.hu\/ovoda\/2025\/10\/06\/ovodai-jatekos-fejleszto-foglalkozasok\/","title":{"rendered":"\u00d3vodai j\u00e1t\u00e9kos fejleszt\u0151 foglalkoz\u00e1sok"},"content":{"rendered":"\n<p>Kedves Apuk\u00e1k \u00e9s Anyuk\u00e1k!<\/p>\n\n\n\n<p>Tudjuk j\u00f3l, hogy az \u00f3vod\u00e1skor a mozg\u00e1sfejl\u0151d\u00e9s \u00e9s az agyi \u00e9r\u00e9s aranykora. A rendszeres mozg\u00e1s kiemelten fontos, hiszen nagyban seg\u00edti a gyerekek testi er\u0151nl\u00e9t\u00e9nek, idegrendszeri \u00e9retts\u00e9g\u00e9nek \u00e9s tanul\u00e1si k\u00e9pess\u00e9geinek harmonikus fejl\u0151d\u00e9s\u00e9t.<\/p>\n\n\n\n<p>Ez hatv\u00e1nyozottan igaz azokra a gyerk\u0151c\u00f6kre, akik valamilyen okb\u00f3l elmarad\u00e1st mutatnak a fejl\u0151d\u00e9sben, gyenge motoros k\u00e9pess\u00e9geik vannak, rossz a mozg\u00e1skoordin\u00e1ci\u00f3juk, vagy esetleg valamilyen mozg\u00e1sszervi elv\u00e1ltoz\u00e1sban szenvednek.<\/p>\n\n\n\n<p>Farkas Istv\u00e1n vagyok, testnevel\u00e9s\u2013gy\u00f3gytestnevel\u00e9s szakos tan\u00e1r, \u00e9s rendszeresen tartok fejleszt\u0151 foglalkoz\u00e1sokat az \u00f3vod\u00e1ban. Ezek a mozg\u00e1sos programok j\u00e1t\u00e9kos form\u00e1ban zajlanak, hogy mindenki sz\u00e1m\u00e1ra \u00e9lvezhet\u0151ek legyenek.<\/p>\n\n\n\n<p>A fent eml\u00edtett esetekben a r\u00e9szv\u00e9tel kifejezetten aj\u00e1nlott, s\u0151t, mondhatni, megker\u00fclhetetlen a sikeres fejl\u0151d\u00e9shez.<\/p>\n\n\n\n<p>A foglalkoz\u00e1sok ingyenesek, \u00e9s szeretettel v\u00e1rom a kicsiket! Egy kupac gyerekn\u00e9l csak kett\u0151 jobb!&nbsp;<img decoding=\"async\" alt=\"\ud83d\ude0a\" src=\"https:\/\/fonts.gstatic.com\/s\/e\/notoemoji\/16.0\/1f60a\/72.png\"><\/p>\n\n\n\n<p><br><\/p>\n\n\n<div class=\"wp-block-image\">\n<figure class=\"aligncenter size-large is-resized\"><img loading=\"lazy\" decoding=\"async\" width=\"683\" height=\"1024\" src=\"http:\/\/szent-erzsebet.hu\/ovoda\/wp-content\/uploads\/sites\/4\/2025\/10\/DSC_3338.A-1-683x1024.jpg\" alt=\"\" class=\"wp-image-752\" style=\"width:189px;height:auto\" srcset=\"https:\/\/szent-erzsebet.hu\/ovoda\/wp-content\/uploads\/sites\/4\/2025\/10\/DSC_3338.A-1-683x1024.jpg 683w, https:\/\/szent-erzsebet.hu\/ovoda\/wp-content\/uploads\/sites\/4\/2025\/10\/DSC_3338.A-1-200x300.jpg 200w, https:\/\/szent-erzsebet.hu\/ovoda\/wp-content\/uploads\/sites\/4\/2025\/10\/DSC_3338.A-1-768x1152.jpg 768w, https:\/\/szent-erzsebet.hu\/ovoda\/wp-content\/uploads\/sites\/4\/2025\/10\/DSC_3338.A-1-1024x1536.jpg 1024w, https:\/\/szent-erzsebet.hu\/ovoda\/wp-content\/uploads\/sites\/4\/2025\/10\/DSC_3338.A-1-1365x2048.jpg 1365w, https:\/\/szent-erzsebet.hu\/ovoda\/wp-content\/uploads\/sites\/4\/2025\/10\/DSC_3338.A-1-scaled.jpg 1707w\" sizes=\"auto, (max-width: 683px) 100vw, 683px\" \/><\/figure><\/div>","protected":false},"excerpt":{"rendered":"<p>Kedves Apuk\u00e1k \u00e9s Anyuk\u00e1k! Tudjuk j\u00f3l, hogy az \u00f3vod\u00e1skor a mozg\u00e1sfejl\u0151d\u00e9s \u00e9s az agyi \u00e9r\u00e9s aranykora. A rendszeres mozg\u00e1s kiemelten fontos, hiszen nagyban seg\u00edti a gyerekek testi er\u0151nl\u00e9t\u00e9nek, idegrendszeri \u00e9retts\u00e9g\u00e9nek \u00e9s tanul\u00e1si k\u00e9pess\u00e9geinek harmonikus&#46;&#46;&#46;<\/p>\n","protected":false},"author":1,"featured_media":758,"comment_status":"open","ping_status":"open","sticky":false,"template":"","format":"standard","meta":{"footnotes":"","_links_to":"","_links_to_target":""},"categories":[3],"tags":[],"class_list":["post-755","post","type-post","status-publish","format-standard","has-post-thumbnail","hentry","category-hirek"],"_links":{"self":[{"href":"https:\/\/szent-erzsebet.hu\/ovoda\/wp-json\/wp\/v2\/posts\/755","targetHints":{"allow":["GET"]}}],"collection":[{"href":"https:\/\/szent-erzsebet.hu\/ovoda\/wp-json\/wp\/v2\/posts"}],"about":[{"href":"https:\/\/szent-erzsebet.hu\/ovoda\/wp-json\/wp\/v2\/types\/post"}],"author":[{"embeddable":true,"href":"https:\/\/szent-erzsebet.hu\/ovoda\/wp-json\/wp\/v2\/users\/1"}],"replies":[{"embeddable":true,"href":"https:\/\/szent-erzsebet.hu\/ovoda\/wp-json\/wp\/v2\/comments?post=755"}],"version-history":[{"count":2,"href":"https:\/\/szent-erzsebet.hu\/ovoda\/wp-json\/wp\/v2\/posts\/755\/revisions"}],"predecessor-version":[{"id":757,"href":"https:\/\/szent-erzsebet.hu\/ovoda\/wp-json\/wp\/v2\/posts\/755\/revisions\/757"}],"wp:featuredmedia":[{"embeddable":true,"href":"https:\/\/szent-erzsebet.hu\/ovoda\/wp-json\/wp\/v2\/media\/758"}],"wp:attachment":[{"href":"https:\/\/szent-erzsebet.hu\/ovoda\/wp-json\/wp\/v2\/media?parent=755"}],"wp:term":[{"taxonomy":"category","embeddable":true,"href":"https:\/\/szent-erzsebet.hu\/ovoda\/wp-json\/wp\/v2\/categories?post=755"},{"taxonomy":"post_tag","embeddable":true,"href":"https:\/\/szent-erzsebet.hu\/ovoda\/wp-json\/wp\/v2\/tags?post=755"}],"curies":[{"name":"wp","href":"https:\/\/api.w.org\/{rel}","templated":true}]}}