{"id":762,"date":"2025-11-26T13:05:43","date_gmt":"2025-11-26T12:05:43","guid":{"rendered":"https:\/\/szent-erzsebet.hu\/ovoda\/?p=762"},"modified":"2025-11-26T13:06:05","modified_gmt":"2025-11-26T12:06:05","slug":"nyilt-delelott-az-ovodaban-6","status":"publish","type":"post","link":"https:\/\/szent-erzsebet.hu\/ovoda\/2025\/11\/26\/nyilt-delelott-az-ovodaban-6\/","title":{"rendered":"Ny\u00edlt d\u00e9lel\u0151tt az \u00f3vod\u00e1ban!"},"content":{"rendered":"\n<p><strong>Kedves Anyuk\u00e1k, Apuk\u00e1k, leend\u0151 \u00f3vod\u00e1sok!<\/strong><\/p>\n\n\n\n<p>Az \u00c1rp\u00e1d-h\u00e1zi Szent Erzs\u00e9bet \u00d3voda lehet\u0151s\u00e9get k\u00edn\u00e1l minden \u00e9rdekl\u0151d\u0151 sz\u00fcl\u0151nek, hogy \u00f3vod\u00e1nk \u00e9let\u00e9be betekintsen.<\/p>\n\n\n\n<figure class=\"wp-block-image size-full\"><img loading=\"lazy\" decoding=\"async\" width=\"441\" height=\"261\" src=\"https:\/\/szent-erzsebet.hu\/ovoda\/wp-content\/uploads\/sites\/4\/2025\/11\/ovoda.jpg\" alt=\"\" class=\"wp-image-763\" srcset=\"https:\/\/szent-erzsebet.hu\/ovoda\/wp-content\/uploads\/sites\/4\/2025\/11\/ovoda.jpg 441w, https:\/\/szent-erzsebet.hu\/ovoda\/wp-content\/uploads\/sites\/4\/2025\/11\/ovoda-300x178.jpg 300w\" sizes=\"auto, (max-width: 441px) 100vw, 441px\" \/><\/figure>\n\n\n\n<p><br><strong>2025. december\u00a0 02-\u00e1n (kedden) ny\u00edlt napot <\/strong>szervez\u00fcnk<\/p>\n\n\n\n<p><strong>10<sup>30 <\/sup>&#8211;&nbsp; 11<sup>30<\/sup><\/strong><sup> <\/sup>&nbsp;&nbsp;&nbsp;&nbsp;&nbsp;&nbsp; Szabad j\u00e1t\u00e9k a csoportszob\u00e1ban<\/p>\n\n\n\n<p>Sok szeretettel v\u00e1rjuk az Anyuk\u00e1kat, Apuk\u00e1kat gyermek\u00fckkel egy\u00fctt!<\/p>\n","protected":false},"excerpt":{"rendered":"<p>Kedves Anyuk\u00e1k, Apuk\u00e1k, leend\u0151 \u00f3vod\u00e1sok! Az \u00c1rp\u00e1d-h\u00e1zi Szent Erzs\u00e9bet \u00d3voda lehet\u0151s\u00e9get k\u00edn\u00e1l minden \u00e9rdekl\u0151d\u0151 sz\u00fcl\u0151nek, hogy \u00f3vod\u00e1nk \u00e9let\u00e9be betekintsen. 2025. december\u00a0 02-\u00e1n (kedden) ny\u00edlt napot szervez\u00fcnk 1030 &#8211;&nbsp; 1130 &nbsp;&nbsp;&nbsp;&nbsp;&nbsp;&nbsp; Szabad j\u00e1t\u00e9k a csoportszob\u00e1ban&#46;&#46;&#46;<\/p>\n","protected":false},"author":1,"featured_media":642,"comment_status":"open","ping_status":"open","sticky":false,"template":"","format":"standard","meta":{"footnotes":"","_links_to":"","_links_to_target":""},"categories":[3],"tags":[],"class_list":["post-762","post","type-post","status-publish","format-standard","has-post-thumbnail","hentry","category-hirek"],"_links":{"self":[{"href":"https:\/\/szent-erzsebet.hu\/ovoda\/wp-json\/wp\/v2\/posts\/762","targetHints":{"allow":["GET"]}}],"collection":[{"href":"https:\/\/szent-erzsebet.hu\/ovoda\/wp-json\/wp\/v2\/posts"}],"about":[{"href":"https:\/\/szent-erzsebet.hu\/ovoda\/wp-json\/wp\/v2\/types\/post"}],"author":[{"embeddable":true,"href":"https:\/\/szent-erzsebet.hu\/ovoda\/wp-json\/wp\/v2\/users\/1"}],"replies":[{"embeddable":true,"href":"https:\/\/szent-erzsebet.hu\/ovoda\/wp-json\/wp\/v2\/comments?post=762"}],"version-history":[{"count":2,"href":"https:\/\/szent-erzsebet.hu\/ovoda\/wp-json\/wp\/v2\/posts\/762\/revisions"}],"predecessor-version":[{"id":765,"href":"https:\/\/szent-erzsebet.hu\/ovoda\/wp-json\/wp\/v2\/posts\/762\/revisions\/765"}],"wp:featuredmedia":[{"embeddable":true,"href":"https:\/\/szent-erzsebet.hu\/ovoda\/wp-json\/wp\/v2\/media\/642"}],"wp:attachment":[{"href":"https:\/\/szent-erzsebet.hu\/ovoda\/wp-json\/wp\/v2\/media?parent=762"}],"wp:term":[{"taxonomy":"category","embeddable":true,"href":"https:\/\/szent-erzsebet.hu\/ovoda\/wp-json\/wp\/v2\/categories?post=762"},{"taxonomy":"post_tag","embeddable":true,"href":"https:\/\/szent-erzsebet.hu\/ovoda\/wp-json\/wp\/v2\/tags?post=762"}],"curies":[{"name":"wp","href":"https:\/\/api.w.org\/{rel}","templated":true}]}}